{"id":842,"date":"2022-01-10T13:19:10","date_gmt":"2022-01-10T12:19:10","guid":{"rendered":"http:\/\/5.45.101.177\/haut-allier\/usagers-transportse\/index.php\/2022\/01\/10\/quel-avenir-pour-les-petites842\/"},"modified":"2022-01-10T13:19:10","modified_gmt":"2022-01-10T12:19:10","slug":"quel-avenir-pour-les-petites842","status":"publish","type":"post","link":"https:\/\/usagers-transports.haut-allier.eu\/index.php\/2022\/01\/10\/quel-avenir-pour-les-petites842\/","title":{"rendered":"Quel avenir pour les petites lignes ferroviaires ?"},"content":{"rendered":"<p>Le 9 d\u00e9cembre dernier avait lieu un \u00ab\u00a0webinaire\u00a0\u00bb, une conf\u00e9rence en ligne, organis\u00e9 par le CEREMA, dont nous vous avons d\u00e9j\u00e0 fait une pr\u00e9sentation <a href=\"https:\/\/usagers-transports.haut-allier.eu\/?lignes-des-trains-cevenol-et,811\"><strong>ici<\/strong><\/a>, dont le th\u00e8me \u00e9tait l&rsquo;Avenir des petites lignes. Nous y participions. D&rsquo;autre part le CEREMA et AgroParisTech ont \u00e9t\u00e9 mandat\u00e9s par les r\u00e9gions Auvergne Rh\u00f4ne Alpes et Occitanie pour r\u00e9aliser une \u00e9tude sur l&rsquo;avenir des lignes du C\u00e9venol et de l&rsquo;Aubrac. Cette \u00e9tude a d\u00fb \u00eatre remise aux demandeurs \u00e0 cette heure.<br \/>\n&nbsp;<br \/>\nLa pr\u00e9sentation s&rsquo;appuyait principalement sur 3 exemples de \u00ab\u00a0petites lignes\u00a0\u00bb r\u00e9nov\u00e9es et rouvertes dont le succ\u00e8s est indiscutable :<br \/>\n&nbsp;<br \/>\n&#8211; Saint-Gervais &#8211; Vallorcine en France,<br \/>\n&#8211; Nyon &#8211; St-Cergue &#8211; La Cure en Suisse,<br \/>\n&#8211; la \u00ab\u00a0Borders Railway\u00a0\u00bb en Ecosse.<br \/>\n&nbsp;<br \/>\nAutant d&rsquo;exemples qui montrent que les r\u00e9ouvertures de lignes de trains sont toujours suivies d&rsquo;un fort engouement des habitants. Mais qui peut encore en douter ?<br \/>\n&nbsp;<br \/>\nSi vous avez le temps, plus de deux heures \u00e0 pr\u00e9voir, regardez la vid\u00e9o que nous avons fait du s\u00e9minaire, c&rsquo;est de qualit\u00e9, un peu technique et tr\u00e8s instructif pour les passionn\u00e9s du rail et les voyageurs un peu concern\u00e9s.<br \/>\n&nbsp;<br \/>\n<a href=\"http:\/\/5.45.101.177\/haut-allier\/usagers-transportse\/wp-content\/uploads\/2022\/01\/capture_video_2021-12-09_11_52_02.webm\">capture_video_2021-12-09_11_52_02.webm<\/a><br \/>\n&nbsp;<br \/>\nVous pouvez aussi consulter la <a href=\"https:\/\/www.cerema.fr\/fr\/actualites\/quel-avenir-petites-lignes-ferroviaires-retour-webinaire\"><strong>page du CEREMA<\/strong><\/a> consacr\u00e9e \u00e0 l&rsquo;\u00e9v\u00e9nement.<br \/>\n&nbsp;<\/p>\n","protected":false},"excerpt":{"rendered":"<p>Le 9 d\u00e9cembre dernier avait lieu un \u00ab\u00a0webinaire\u00a0\u00bb, une conf\u00e9rence en ligne, organis\u00e9 par le CEREMA, dont nous<\/p>\n","protected":false},"author":1,"featured_media":3593,"comment_status":"open","ping_status":"open","sticky":false,"template":"","format":"standard","meta":{"footnotes":""},"categories":[3],"tags":[],"class_list":["post-842","post","type-post","status-publish","format-standard","has-post-thumbnail","hentry","category-en-train"],"_links":{"self":[{"href":"https:\/\/usagers-transports.haut-allier.eu\/index.php\/wp-json\/wp\/v2\/posts\/842","targetHints":{"allow":["GET"]}}],"collection":[{"href":"https:\/\/usagers-transports.haut-allier.eu\/index.php\/wp-json\/wp\/v2\/posts"}],"about":[{"href":"https:\/\/usagers-transports.haut-allier.eu\/index.php\/wp-json\/wp\/v2\/types\/post"}],"author":[{"embeddable":true,"href":"https:\/\/usagers-transports.haut-allier.eu\/index.php\/wp-json\/wp\/v2\/users\/1"}],"replies":[{"embeddable":true,"href":"https:\/\/usagers-transports.haut-allier.eu\/index.php\/wp-json\/wp\/v2\/comments?post=842"}],"version-history":[{"count":0,"href":"https:\/\/usagers-transports.haut-allier.eu\/index.php\/wp-json\/wp\/v2\/posts\/842\/revisions"}],"wp:featuredmedia":[{"embeddable":true,"href":"https:\/\/usagers-transports.haut-allier.eu\/index.php\/wp-json\/wp\/v2\/media\/3593"}],"wp:attachment":[{"href":"https:\/\/usagers-transports.haut-allier.eu\/index.php\/wp-json\/wp\/v2\/media?parent=842"}],"wp:term":[{"taxonomy":"category","embeddable":true,"href":"https:\/\/usagers-transports.haut-allier.eu\/index.php\/wp-json\/wp\/v2\/categories?post=842"},{"taxonomy":"post_tag","embeddable":true,"href":"https:\/\/usagers-transports.haut-allier.eu\/index.php\/wp-json\/wp\/v2\/tags?post=842"}],"curies":[{"name":"wp","href":"https:\/\/api.w.org\/{rel}","templated":true}]}}