{"id":843,"date":"2022-01-18T08:30:32","date_gmt":"2022-01-18T07:30:32","guid":{"rendered":"http:\/\/5.45.101.177\/haut-allier\/usagers-transportse\/index.php\/2022\/01\/18\/jean-castex-retour-du-train-de843\/"},"modified":"2022-01-18T08:30:32","modified_gmt":"2022-01-18T07:30:32","slug":"jean-castex-retour-du-train-de843","status":"publish","type":"post","link":"https:\/\/usagers-transports.haut-allier.eu\/index.php\/2022\/01\/18\/jean-castex-retour-du-train-de843\/","title":{"rendered":"Jean Castex : retour du train de nuit Paris Aurillac en 2023"},"content":{"rendered":"<p>Le premier ministre s&rsquo;est fendu d&rsquo;un courrier aux \u00e9lus hier annon\u00e7ant le retour de la ligne de train de nuit Paris Brive Aurillac avant fin 2023 comme il l&rsquo;avait \u00e9voqu\u00e9 il y a quelques mois lors d&rsquo;<a href=\"https:\/\/usagers-transports.haut-allier.eu\/?trains-de-nuit-et-massif-central,815\"><strong>une visite<\/strong><\/a> \u00e0 Aurillac :<br \/>\n&nbsp;<br \/>\n\u00ab\u00a0L\u2019\u00c9tat financera cette desserte dans le cadre de la convention d\u2019exploitation des trains d\u2019\u00e9quilibre du territoire\u00a0\u00bb nous dit-on. On n&rsquo;en attend pas moins puisque effectivement c&rsquo;est un service public destin\u00e9 \u00e0 atteindre l&rsquo;\u00e9quilibre entre les territoires riches etc eux qui le sont moins, et il ne sera jamais \u00ab\u00a0rentable\u00a0\u00bb.<br \/>\n&nbsp;<br \/>\nAinsi l&rsquo;annonce a \u00e9t\u00e9 faite hier par <a href=\"https:\/\/www.francebleu.fr\/infos\/transports\/cantal-le-train-de-nuit-aurillac-paris-de-retour-dans-deux-ans-1642438450\"><strong>France Bleu Pays d&rsquo;Auvergne<\/strong><\/a> mais aussi par la pr\u00e9fecture du Cantal qui a publi\u00e9 un <a href=\"http:\/\/www.cantal.gouv.fr\/train-de-nuit-aurillac-paris-a7647.html\"><strong>article sur son site<\/strong><\/a> et twitt\u00e9 \u00e0 tout va la bonne nouvelle&#8230;<\/p>\n<p><img loading=\"lazy\" decoding=\"async\" class=\" aligncenter size-full wp-image-3596\" src=\"http:\/\/5.45.101.177\/haut-allier\/usagers-transportse\/wp-content\/uploads\/2022\/01\/screenshot-www.cantal.gouv_.fr-2022.01.18-07_34_38.jpg\" alt=\"screenshot-www.cantal.gouv.fr-2022.01.18-07_34_38.jpg\" align=\"center\" width=\"742\" height=\"359\" srcset=\"https:\/\/usagers-transports.haut-allier.eu\/wp-content\/uploads\/2022\/01\/screenshot-www.cantal.gouv_.fr-2022.01.18-07_34_38.jpg 742w, https:\/\/usagers-transports.haut-allier.eu\/wp-content\/uploads\/2022\/01\/screenshot-www.cantal.gouv_.fr-2022.01.18-07_34_38-300x145.jpg 300w\" sizes=\"auto, (max-width: 742px) 100vw, 742px\" \/><\/p>\n<p>avec des d\u00e9tails au conditionnel :<\/p>\n<p>[(<br \/>\n&#8230; \u00e0 la recomposition du train de nuit Paris-Rodez \u2013 (Albi) \/ Toulouse (\u00ab l\u2019Occitan \u00bb). Le train comprendrait des voitures pour Aurillac, qui seraient s\u00e9par\u00e9es \u00e0 Brive-la-Gaillarde. A l\u2019instar de ce qui existe aujourd\u2019hui sur la desserte de Rodez et Albi, une composition de trois voitures (1 voiture de 1\u00e8re classe, 1 voiture de 2\u00e8me classe et 1 voiture avec places assises) pourrait accueillir environ 170 voyageurs jusqu\u2019\u00e0 Aurillac.<br \/>\n)]<\/p>\n<p>&#8230;un article o\u00f9, \u00e7a ne vous a pas \u00e9chapp\u00e9, une carte est jointe comportant une prolongation vers Clermont-Ferrand \u00ab\u00a0en crochet\u00a0\u00bb :<\/p>\n<p><img loading=\"lazy\" decoding=\"async\" class=\" aligncenter size-full wp-image-3597\" src=\"http:\/\/5.45.101.177\/haut-allier\/usagers-transportse\/wp-content\/uploads\/2022\/01\/fjubzi-xoauvfix.jpg\" alt=\"fjubzi-xoauvfix.jpg\" align=\"center\" width=\"421\" height=\"800\" srcset=\"https:\/\/usagers-transports.haut-allier.eu\/wp-content\/uploads\/2022\/01\/fjubzi-xoauvfix.jpg 421w, https:\/\/usagers-transports.haut-allier.eu\/wp-content\/uploads\/2022\/01\/fjubzi-xoauvfix-158x300.jpg 158w\" sizes=\"auto, (max-width: 421px) 100vw, 421px\" \/><\/p>\n<p>Le Collectif Oui au Train de nuit C\u00e9vennes Auvergne r\u00e9agissait dans la foul\u00e9e sur Twitter :<\/p>\n<p><img loading=\"lazy\" decoding=\"async\" class=\" aligncenter size-full wp-image-3598\" src=\"http:\/\/5.45.101.177\/haut-allier\/usagers-transportse\/wp-content\/uploads\/2022\/01\/firefox_screenshot_2022-01-18t07-08-08.452z.png\" alt=\"firefox_screenshot_2022-01-18t07-08-08.452z.png\" align=\"center\" width=\"247\" height=\"585\" srcset=\"https:\/\/usagers-transports.haut-allier.eu\/wp-content\/uploads\/2022\/01\/firefox_screenshot_2022-01-18t07-08-08.452z.png 247w, https:\/\/usagers-transports.haut-allier.eu\/wp-content\/uploads\/2022\/01\/firefox_screenshot_2022-01-18t07-08-08.452z-127x300.png 127w\" sizes=\"auto, (max-width: 247px) 100vw, 247px\" \/><\/p>\n<p>Si nous nous r\u00e9jouissons du retour de ce train de nuit qui a bien exist\u00e9 via la ligne du train de nuit \u00ab\u00a0Occitan\u00a0\u00bb Paris Toulouse et qui fut supprim\u00e9, la lettre aux \u00e9lus parle bien d&rsquo;un Paris Aurillac et on ne comprend pas la carte diffus\u00e9e par la pr\u00e9fecture du Cantal. Par ailleurs celle-ci n&rsquo;est relay\u00e9e par aucun des m\u00e9dias ce matin ce qui indiquerait que le courrier du Premier ministre n&rsquo;en comportait pas. En tous cas le communiqu\u00e9 de l&rsquo;AFP ne semble pas en comporter. Alors erreur des services pr\u00e9fectoraux ou d\u00e9marche intentionnelle ?<\/p>\n","protected":false},"excerpt":{"rendered":"<p>Le premier ministre s&rsquo;est fendu d&rsquo;un courrier aux \u00e9lus hier annon\u00e7ant le retour de la ligne de train<\/p>\n","protected":false},"author":1,"featured_media":3595,"comment_status":"open","ping_status":"open","sticky":false,"template":"","format":"standard","meta":{"footnotes":""},"categories":[3],"tags":[],"class_list":["post-843","post","type-post","status-publish","format-standard","has-post-thumbnail","hentry","category-en-train"],"_links":{"self":[{"href":"https:\/\/usagers-transports.haut-allier.eu\/index.php\/wp-json\/wp\/v2\/posts\/843","targetHints":{"allow":["GET"]}}],"collection":[{"href":"https:\/\/usagers-transports.haut-allier.eu\/index.php\/wp-json\/wp\/v2\/posts"}],"about":[{"href":"https:\/\/usagers-transports.haut-allier.eu\/index.php\/wp-json\/wp\/v2\/types\/post"}],"author":[{"embeddable":true,"href":"https:\/\/usagers-transports.haut-allier.eu\/index.php\/wp-json\/wp\/v2\/users\/1"}],"replies":[{"embeddable":true,"href":"https:\/\/usagers-transports.haut-allier.eu\/index.php\/wp-json\/wp\/v2\/comments?post=843"}],"version-history":[{"count":0,"href":"https:\/\/usagers-transports.haut-allier.eu\/index.php\/wp-json\/wp\/v2\/posts\/843\/revisions"}],"wp:featuredmedia":[{"embeddable":true,"href":"https:\/\/usagers-transports.haut-allier.eu\/index.php\/wp-json\/wp\/v2\/media\/3595"}],"wp:attachment":[{"href":"https:\/\/usagers-transports.haut-allier.eu\/index.php\/wp-json\/wp\/v2\/media?parent=843"}],"wp:term":[{"taxonomy":"category","embeddable":true,"href":"https:\/\/usagers-transports.haut-allier.eu\/index.php\/wp-json\/wp\/v2\/categories?post=843"},{"taxonomy":"post_tag","embeddable":true,"href":"https:\/\/usagers-transports.haut-allier.eu\/index.php\/wp-json\/wp\/v2\/tags?post=843"}],"curies":[{"name":"wp","href":"https:\/\/api.w.org\/{rel}","templated":true}]}}