{"id":844,"date":"2022-01-19T09:41:27","date_gmt":"2022-01-19T08:41:27","guid":{"rendered":"http:\/\/5.45.101.177\/haut-allier\/usagers-transportse\/index.php\/2022\/01\/19\/ligne-clermont-fd-thiers-boen-st844\/"},"modified":"2022-01-19T09:41:27","modified_gmt":"2022-01-19T08:41:27","slug":"ligne-clermont-fd-thiers-boen-st844","status":"publish","type":"post","link":"https:\/\/usagers-transports.haut-allier.eu\/index.php\/2022\/01\/19\/ligne-clermont-fd-thiers-boen-st844\/","title":{"rendered":"Ligne Clermont Fd &#8211; Thiers &#8211; Bo\u00ebn &#8211; St Etienne &#8211; Lyon : r\u00e9union publique"},"content":{"rendered":"<p><strong>Ca se passera ce samedi 22 janvier \u00e0 partir de 10h30 et compte tenu du contexte sanitaire, cette r\u00e9union se tiendra en visioconf\u00e9rence.<\/strong><\/p>\n<p><img loading=\"lazy\" decoding=\"async\" class=\" aligncenter size-full wp-image-3600\" src=\"http:\/\/5.45.101.177\/haut-allier\/usagers-transportse\/wp-content\/uploads\/2022\/01\/thiers-boen-reunion-22-01-2021.jpg\" alt=\"thiers-boen-reunion-22-01-2021.jpg\" align=\"center\" width=\"1920\" height=\"1080\" srcset=\"https:\/\/usagers-transports.haut-allier.eu\/wp-content\/uploads\/2022\/01\/thiers-boen-reunion-22-01-2021.jpg 1920w, https:\/\/usagers-transports.haut-allier.eu\/wp-content\/uploads\/2022\/01\/thiers-boen-reunion-22-01-2021-300x169.jpg 300w, https:\/\/usagers-transports.haut-allier.eu\/wp-content\/uploads\/2022\/01\/thiers-boen-reunion-22-01-2021-1024x576.jpg 1024w, https:\/\/usagers-transports.haut-allier.eu\/wp-content\/uploads\/2022\/01\/thiers-boen-reunion-22-01-2021-768x432.jpg 768w, https:\/\/usagers-transports.haut-allier.eu\/wp-content\/uploads\/2022\/01\/thiers-boen-reunion-22-01-2021-1536x864.jpg 1536w\" sizes=\"auto, (max-width: 1920px) 100vw, 1920px\" \/><\/p>\n<p>Le programme :<br \/>\n&nbsp;<br \/>\n&#8211; Une premi\u00e8re partie qui reviendra sur les derni\u00e8res actualit\u00e9s autour de la r\u00e9ouverture de la ligne Clermont-Ferrand Saint-Etienne et en particulier sur la rencontre avec la SNCF et la R\u00e9gion Auvergne-Rh\u00f4ne-Alpes.<br \/>\nL&rsquo;\u00e9quipe de l&rsquo;association (nouvelle) <a href=\"https:\/\/letrain634269.org\"><strong>Letrain634269<\/strong><\/a> fera \u00e9galement plusieurs annonces pour l&rsquo;ann\u00e9e 2022.<br \/>\n&#8211; Une deuxi\u00e8me partie o\u00f9 chacun aura l\u2019opportunit\u00e9 de les interpeller, ils r\u00e9pondront ainsi aux questions avec plaisir.<br \/>\n&nbsp;<br \/>\nVoici le lien zoom de connexion :<br \/>\n&nbsp;<br \/>\n<a href=\"https:\/\/us02web.zoom.us\/j\/81106286256?pwd=L3dmODF5YWd3SjdvNnpRUmpOdGgzQT09\">https:\/\/us02web.zoom.us\/j\/81106286256?pwd=L3dmODF5YWd3SjdvNnpRUmpOdGgzQT09<\/a><br \/>\n&nbsp;<br \/>\nLes places sont limit\u00e9es. Vous pouvez r\u00e9server d\u00e8s maintenant par <a href=\"mailto:contact@letrain634269.org\"><em> <strong>mail<\/strong> <\/em><\/a><br \/>\n&nbsp;<br \/>\nVous pouvez pour participer soit t\u00e9l\u00e9charger le logiciel Zoom, disponible pour toutes les plateformes, ou bien simplement via votre navigateur avec le lien ci-dessus&#8230;<br \/>\n&nbsp;<br \/>\n<a href=\"https:\/\/explore.zoom.us\/docs\/fr-fr\/zoomrooms\/software.html\">Lien de t\u00e9l\u00e9chargement du software.<br \/>\n<\/a><br \/>\n&nbsp;<br \/>\nOu encore par t\u00e9l\u00e9phone :<br \/>\n&nbsp;<br \/>\nUne seule touche sur l\u2019appareil mobile<br \/>\n+33186995831,,81106286256#,,,,*468843# France<br \/>\n+33170372246,,81106286256#,,,,*468843# France<br \/>\n&nbsp;<br \/>\nComposez un num\u00e9ro en fonction de votre emplacement<br \/>\n        +33 1 8699 5831 France<br \/>\n        +33 1 7037 2246 France<br \/>\n        +33 1 7037 9729 France<br \/>\n        +33 1 7095 0103 France<br \/>\n        +33 1 7095 0350 France<br \/>\nID de r\u00e9union : 811 0628 6256<br \/>\nCode secret : 468843<br \/>\n&nbsp;<br \/>\nEt voil\u00e0. A samedi.<\/p>\n","protected":false},"excerpt":{"rendered":"<p>Ca se passera ce samedi 22 janvier \u00e0 partir de 10h30 et compte tenu du contexte sanitaire, cette<\/p>\n","protected":false},"author":1,"featured_media":3599,"comment_status":"open","ping_status":"open","sticky":false,"template":"","format":"standard","meta":{"footnotes":""},"categories":[2],"tags":[],"class_list":["post-844","post","type-post","status-publish","format-standard","has-post-thumbnail","hentry","category-infos"],"_links":{"self":[{"href":"https:\/\/usagers-transports.haut-allier.eu\/index.php\/wp-json\/wp\/v2\/posts\/844","targetHints":{"allow":["GET"]}}],"collection":[{"href":"https:\/\/usagers-transports.haut-allier.eu\/index.php\/wp-json\/wp\/v2\/posts"}],"about":[{"href":"https:\/\/usagers-transports.haut-allier.eu\/index.php\/wp-json\/wp\/v2\/types\/post"}],"author":[{"embeddable":true,"href":"https:\/\/usagers-transports.haut-allier.eu\/index.php\/wp-json\/wp\/v2\/users\/1"}],"replies":[{"embeddable":true,"href":"https:\/\/usagers-transports.haut-allier.eu\/index.php\/wp-json\/wp\/v2\/comments?post=844"}],"version-history":[{"count":0,"href":"https:\/\/usagers-transports.haut-allier.eu\/index.php\/wp-json\/wp\/v2\/posts\/844\/revisions"}],"wp:featuredmedia":[{"embeddable":true,"href":"https:\/\/usagers-transports.haut-allier.eu\/index.php\/wp-json\/wp\/v2\/media\/3599"}],"wp:attachment":[{"href":"https:\/\/usagers-transports.haut-allier.eu\/index.php\/wp-json\/wp\/v2\/media?parent=844"}],"wp:term":[{"taxonomy":"category","embeddable":true,"href":"https:\/\/usagers-transports.haut-allier.eu\/index.php\/wp-json\/wp\/v2\/categories?post=844"},{"taxonomy":"post_tag","embeddable":true,"href":"https:\/\/usagers-transports.haut-allier.eu\/index.php\/wp-json\/wp\/v2\/tags?post=844"}],"curies":[{"name":"wp","href":"https:\/\/api.w.org\/{rel}","templated":true}]}}