{"id":845,"date":"2022-01-25T15:47:05","date_gmt":"2022-01-25T14:47:05","guid":{"rendered":"http:\/\/5.45.101.177\/haut-allier\/usagers-transportse\/index.php\/2022\/01\/25\/sncf-connect-le-nouveau-fiasco845\/"},"modified":"2022-01-25T15:47:05","modified_gmt":"2022-01-25T14:47:05","slug":"sncf-connect-le-nouveau-fiasco845","status":"publish","type":"post","link":"https:\/\/usagers-transports.haut-allier.eu\/index.php\/2022\/01\/25\/sncf-connect-le-nouveau-fiasco845\/","title":{"rendered":"SNCF Connect : le nouveau fiasco. Attendez pour installer l&rsquo;appli !"},"content":{"rendered":"<p>Malgr\u00e9 le tapage m\u00e9diatique sur le lancement de SNCF Connect l&rsquo;application smartphone qui va vous changer la vie par rapport \u00e0 la bouse de Oui.SNCF&#8230;<br \/>\n&nbsp;<br \/>\n<img loading=\"lazy\" decoding=\"async\" class=\" aligncenter size-full wp-image-3602\" src=\"http:\/\/5.45.101.177\/haut-allier\/usagers-transportse\/wp-content\/uploads\/2022\/01\/screenshot-www.google.com-2022.01.25-15_04_41.jpg\" alt=\"screenshot-www.google.com-2022.01.25-15_04_41.jpg\" align=\"center\" width=\"698\" height=\"373\" srcset=\"https:\/\/usagers-transports.haut-allier.eu\/wp-content\/uploads\/2022\/01\/screenshot-www.google.com-2022.01.25-15_04_41.jpg 698w, https:\/\/usagers-transports.haut-allier.eu\/wp-content\/uploads\/2022\/01\/screenshot-www.google.com-2022.01.25-15_04_41-300x160.jpg 300w\" sizes=\"auto, (max-width: 698px) 100vw, 698px\" \/><br \/>\n&nbsp;<br \/>\n&#8230;force est de constater qu&rsquo;aucune am\u00e9lioration des r\u00e9sultats n&rsquo;est apport\u00e9e. Pire ! Les utilisateurs regrettent d&rsquo;avoir fait la mise \u00e0 jour de leur appli Oui.SNCF (oui parce que SNCF Connect s&rsquo;installe comme une mise \u00e0 jour&#8230;).<br \/>\n&nbsp;<br \/>\nPlein de d\u00e9fauts sont avanc\u00e9s, ci dessous un floril\u00e8ge de tweets vindicateurs de ceux qui ont os\u00e9 faire l&rsquo;upgrade :<br \/>\n&nbsp;<br \/>\n<a href=\"https:\/\/twitter.com\/CFanichet\/status\/1485874021925367810\"><img loading=\"lazy\" decoding=\"async\" class=\" aligncenter size-full wp-image-3603\" src=\"http:\/\/5.45.101.177\/haut-allier\/usagers-transportse\/wp-content\/uploads\/2022\/01\/screenshot-twitter.com-2022.01.25-15_15_59.jpg\" alt=\"screenshot-twitter.com-2022.01.25-15_15_59.jpg\" align=\"center\" width=\"590\" height=\"584\" srcset=\"https:\/\/usagers-transports.haut-allier.eu\/wp-content\/uploads\/2022\/01\/screenshot-twitter.com-2022.01.25-15_15_59.jpg 590w, https:\/\/usagers-transports.haut-allier.eu\/wp-content\/uploads\/2022\/01\/screenshot-twitter.com-2022.01.25-15_15_59-300x297.jpg 300w\" sizes=\"auto, (max-width: 590px) 100vw, 590px\" \/><\/a><br \/>\n&nbsp;<br \/>\nCliquez sur l&rsquo;annonce et vous aurez l&rsquo;avis de tous les <del>nouveaux utilisateurs<\/del> cobayes. Dont certains qui n&rsquo;h\u00e9sitent pas \u00e0 se demander pourquoi SNCF continue de faire la promotion de<br \/>\n&nbsp;<br \/>\n<a href=\"https:\/\/www.bahn.com\/fr\/\"><img loading=\"lazy\" decoding=\"async\" class=\" aligncenter size-full wp-image-3604\" src=\"http:\/\/5.45.101.177\/haut-allier\/usagers-transportse\/wp-content\/uploads\/2022\/01\/screenshot-www.bahn_.com-2022.01.25-15_32_48.jpg\" alt=\"screenshot-www.bahn.com-2022.01.25-15_32_48.jpg\" align=\"center\" width=\"928\" height=\"536\" srcset=\"https:\/\/usagers-transports.haut-allier.eu\/wp-content\/uploads\/2022\/01\/screenshot-www.bahn_.com-2022.01.25-15_32_48.jpg 928w, https:\/\/usagers-transports.haut-allier.eu\/wp-content\/uploads\/2022\/01\/screenshot-www.bahn_.com-2022.01.25-15_32_48-300x173.jpg 300w, https:\/\/usagers-transports.haut-allier.eu\/wp-content\/uploads\/2022\/01\/screenshot-www.bahn_.com-2022.01.25-15_32_48-768x444.jpg 768w\" sizes=\"auto, (max-width: 928px) 100vw, 928px\" \/><\/a><br \/>\n&nbsp;<br \/>\n<img loading=\"lazy\" decoding=\"async\" class=\" aligncenter size-full wp-image-3605\" src=\"http:\/\/5.45.101.177\/haut-allier\/usagers-transportse\/wp-content\/uploads\/2022\/01\/screenshot-twitter.com-2022.01.25-15_08_57.jpg\" alt=\"screenshot-twitter.com-2022.01.25-15_08_57.jpg\" align=\"center\" width=\"613\" height=\"523\" srcset=\"https:\/\/usagers-transports.haut-allier.eu\/wp-content\/uploads\/2022\/01\/screenshot-twitter.com-2022.01.25-15_08_57.jpg 613w, https:\/\/usagers-transports.haut-allier.eu\/wp-content\/uploads\/2022\/01\/screenshot-twitter.com-2022.01.25-15_08_57-300x256.jpg 300w\" sizes=\"auto, (max-width: 613px) 100vw, 613px\" \/><br \/>\n&nbsp;<br \/>\nEt en plus ils conseillent de passer par&#8230; Paris !!! Ah Paris ! son m\u00e9tro aux heures de pointe, ses gares distantes de plusieurs kilom\u00e8tres, tr\u00e8s pratiques avec les bagages, des billets deux fois plus longs et deux fois plus chers&#8230;<br \/>\n&nbsp;<br \/>\n&nbsp;<br \/>\n[fond noir][blanc]<strong>Une application qui ne s&rsquo;installe pas sur Android !<\/strong>[\/blanc][\/fond noir]<br \/>\n&nbsp;<br \/>\nMalgr\u00e9 les dires des annonces nous avons voulu tester en t\u00e9l\u00e9chargeant l&rsquo;appli sur le Playstore Google&#8230;<br \/>\n&nbsp;<br \/>\n<img loading=\"lazy\" decoding=\"async\" class=\" aligncenter size-full wp-image-3606\" src=\"http:\/\/5.45.101.177\/haut-allier\/usagers-transportse\/wp-content\/uploads\/2022\/01\/screenshot_20220125-145822.png\" alt=\"screenshot_20220125-145822.png\" align=\"center\" width=\"720\" height=\"1280\" srcset=\"https:\/\/usagers-transports.haut-allier.eu\/wp-content\/uploads\/2022\/01\/screenshot_20220125-145822.png 720w, https:\/\/usagers-transports.haut-allier.eu\/wp-content\/uploads\/2022\/01\/screenshot_20220125-145822-169x300.png 169w, https:\/\/usagers-transports.haut-allier.eu\/wp-content\/uploads\/2022\/01\/screenshot_20220125-145822-576x1024.png 576w\" sizes=\"auto, (max-width: 720px) 100vw, 720px\" \/><br \/>\n&nbsp;<br \/>\nL&rsquo;application est bien l\u00e0, louez soit l&rsquo;ex barde Guillaume Pipo. Ouvrons l&rsquo;appli&#8230; Oh mais \u00e7a nous a tout l&rsquo;air d&rsquo;\u00eatre l&rsquo;ancienne application Oui.SNCF&#8230; Cherchons quand m\u00eame mon trajet pr\u00e9f\u00e9r\u00e9, au cas o\u00f9 \u00e7a aurait chang\u00e9, Grasse Thiers, deux gares \u00ab\u00a0grandes lignes\u00a0\u00bb :<br \/>\n&nbsp;<br \/>\n<img loading=\"lazy\" decoding=\"async\" class=\" aligncenter size-full wp-image-3607\" src=\"http:\/\/5.45.101.177\/haut-allier\/usagers-transportse\/wp-content\/uploads\/2022\/01\/screenshot_20220125-145902.png\" alt=\"screenshot_20220125-145902.png\" align=\"center\" width=\"720\" height=\"1280\" srcset=\"https:\/\/usagers-transports.haut-allier.eu\/wp-content\/uploads\/2022\/01\/screenshot_20220125-145902.png 720w, https:\/\/usagers-transports.haut-allier.eu\/wp-content\/uploads\/2022\/01\/screenshot_20220125-145902-169x300.png 169w, https:\/\/usagers-transports.haut-allier.eu\/wp-content\/uploads\/2022\/01\/screenshot_20220125-145902-576x1024.png 576w\" sizes=\"auto, (max-width: 720px) 100vw, 720px\" \/><br \/>\n&nbsp;<br \/>\nR\u00e9sultats :<br \/>\n&nbsp;<br \/>\n<img loading=\"lazy\" decoding=\"async\" class=\" aligncenter size-full wp-image-3608\" src=\"http:\/\/5.45.101.177\/haut-allier\/usagers-transportse\/wp-content\/uploads\/2022\/01\/screenshot_20220125-145920.png\" alt=\"screenshot_20220125-145920.png\" align=\"center\" width=\"720\" height=\"1280\" srcset=\"https:\/\/usagers-transports.haut-allier.eu\/wp-content\/uploads\/2022\/01\/screenshot_20220125-145920.png 720w, https:\/\/usagers-transports.haut-allier.eu\/wp-content\/uploads\/2022\/01\/screenshot_20220125-145920-169x300.png 169w, https:\/\/usagers-transports.haut-allier.eu\/wp-content\/uploads\/2022\/01\/screenshot_20220125-145920-576x1024.png 576w\" sizes=\"auto, (max-width: 720px) 100vw, 720px\" \/><br \/>\n&nbsp;<br \/>\nLe 25 janvier 2022 \u00e0 15h30 l&rsquo;application sur le magasin de Google Android est toujours l&rsquo;ancienne Oui.SNCF mise \u00e0 jour en d\u00e9cembre 2021.<br \/>\n&nbsp;<br \/>\nDEUX elle est toujours aussi nulle.<br \/>\n&nbsp;<br \/>\n<img loading=\"lazy\" decoding=\"async\" class=\" aligncenter size-full wp-image-3609\" src=\"http:\/\/5.45.101.177\/haut-allier\/usagers-transportse\/wp-content\/uploads\/2022\/01\/screenshot_20220125-150141.png\" alt=\"screenshot_20220125-150141.png\" align=\"center\" width=\"720\" height=\"1280\" srcset=\"https:\/\/usagers-transports.haut-allier.eu\/wp-content\/uploads\/2022\/01\/screenshot_20220125-150141.png 720w, https:\/\/usagers-transports.haut-allier.eu\/wp-content\/uploads\/2022\/01\/screenshot_20220125-150141-169x300.png 169w, https:\/\/usagers-transports.haut-allier.eu\/wp-content\/uploads\/2022\/01\/screenshot_20220125-150141-576x1024.png 576w\" sizes=\"auto, (max-width: 720px) 100vw, 720px\" \/><br \/>\n&nbsp;<br \/>\nApr\u00e8s sur Applestore il semble que la bonne y soit&#8230; mais d&rsquo;apr\u00e8s les retours sur Twitter, qu&rsquo;aucune am\u00e9lioration n&rsquo;ait \u00e9t\u00e9 apport\u00e9e.<br \/>\n&nbsp;<br \/>\nEt on ajoute parmi tous les bugs, que les compositions des trains ne figurent plus sur les r\u00e9sultats. Quand on a des r\u00e9sultats.<br \/>\n&nbsp;<br \/>\n<img loading=\"lazy\" decoding=\"async\" class=\" aligncenter size-full wp-image-3610\" src=\"http:\/\/5.45.101.177\/haut-allier\/usagers-transportse\/wp-content\/uploads\/2022\/01\/unknown.jpg\" alt=\"unknown.jpg\" align=\"center\" width=\"616\" height=\"535\" srcset=\"https:\/\/usagers-transports.haut-allier.eu\/wp-content\/uploads\/2022\/01\/unknown.jpg 616w, https:\/\/usagers-transports.haut-allier.eu\/wp-content\/uploads\/2022\/01\/unknown-300x261.jpg 300w\" sizes=\"auto, (max-width: 616px) 100vw, 616px\" \/><br \/>\n&nbsp;<br \/>\nEt toujours LA LIMITATION DES RESULTATS A DEUX CORRESPONDANCES MAXIMUM !!!<br \/>\n&nbsp;<br \/>\n<img loading=\"lazy\" decoding=\"async\" class=\" aligncenter size-full wp-image-3611\" src=\"http:\/\/5.45.101.177\/haut-allier\/usagers-transportse\/wp-content\/uploads\/2022\/01\/screenshot_20220125-194757.png\" alt=\"screenshot_20220125-194757.png\" align=\"center\" width=\"720\" height=\"1280\" srcset=\"https:\/\/usagers-transports.haut-allier.eu\/wp-content\/uploads\/2022\/01\/screenshot_20220125-194757.png 720w, https:\/\/usagers-transports.haut-allier.eu\/wp-content\/uploads\/2022\/01\/screenshot_20220125-194757-169x300.png 169w, https:\/\/usagers-transports.haut-allier.eu\/wp-content\/uploads\/2022\/01\/screenshot_20220125-194757-576x1024.png 576w\" sizes=\"auto, (max-width: 720px) 100vw, 720px\" \/><br \/>\n&nbsp;<br \/>\n<a href=\"https:\/\/www.change.org\/p\/jean-pierre-farandou-jean-baptiste-djebarri-elisabeth-borne-stop-aux-billets-sncf-limit%C3%A9s-%C3%A0-2-changements-imposant-des-trajets-plus-longs-et-plus-chers\"><strong>Signez la p\u00e9tition pour demander la lev\u00e9e de ce scandale unique en Europe.<\/strong><br \/>\n<\/a><br \/>\n&nbsp;<br \/>\nMerci qui ?<br \/>\n&nbsp;<br \/>\n<strong>Merci le groupe SNCF pour sa nullit\u00e9 crasse.<\/strong><br \/>\n&nbsp;<br \/>\nAllez pour sourire un peu voici le sentiment d&rsquo; Aur\u00e9lien Barrau sur les ventes de billets \u00e0 la SNCF. Aur\u00e9lien Barreau est un astrophysicien fran\u00e7ais sp\u00e9cialis\u00e9 en relativit\u00e9 g\u00e9n\u00e9rale, physique des trous noirs et cosmologie. Il est directeur du Centre de physique th\u00e9orique Grenoble-Alpes et travaille au Laboratoire de physique subatomique et de cosmologie de Grenoble (LPSC) au sein du polygone scientifique :<br \/>\n&nbsp;<br \/>\n<center><br \/>\n<iframe loading=\"lazy\" width=\"560\" height=\"315\" src=\"https:\/\/www.youtube.com\/embed\/XIJul61JpII\" title=\"YouTube video player\" frameborder=\"0\" allow=\"accelerometer; autoplay; clipboard-write; encrypted-media; gyroscope; picture-in-picture\" allowfullscreen><\/iframe><br \/>\n<\/center><br \/>\n&nbsp;<br \/>\n<em>\u00ab\u00a0Quelques maux sur la SNCF (par amour du train et d\u00e9testation de ce qu&rsquo;on en fait)\u00a0\u00bb<br \/>\n<\/em><br \/>\n&nbsp;<br \/>\nMerci Aur\u00e9lien de votre t\u00e9moignage.<\/p>\n","protected":false},"excerpt":{"rendered":"<p>Malgr\u00e9 le tapage m\u00e9diatique sur le lancement de SNCF Connect l&rsquo;application smartphone qui va vous changer la vie<\/p>\n","protected":false},"author":1,"featured_media":3601,"comment_status":"open","ping_status":"open","sticky":false,"template":"","format":"standard","meta":{"footnotes":""},"categories":[2],"tags":[],"class_list":["post-845","post","type-post","status-publish","format-standard","has-post-thumbnail","hentry","category-infos"],"_links":{"self":[{"href":"https:\/\/usagers-transports.haut-allier.eu\/index.php\/wp-json\/wp\/v2\/posts\/845","targetHints":{"allow":["GET"]}}],"collection":[{"href":"https:\/\/usagers-transports.haut-allier.eu\/index.php\/wp-json\/wp\/v2\/posts"}],"about":[{"href":"https:\/\/usagers-transports.haut-allier.eu\/index.php\/wp-json\/wp\/v2\/types\/post"}],"author":[{"embeddable":true,"href":"https:\/\/usagers-transports.haut-allier.eu\/index.php\/wp-json\/wp\/v2\/users\/1"}],"replies":[{"embeddable":true,"href":"https:\/\/usagers-transports.haut-allier.eu\/index.php\/wp-json\/wp\/v2\/comments?post=845"}],"version-history":[{"count":0,"href":"https:\/\/usagers-transports.haut-allier.eu\/index.php\/wp-json\/wp\/v2\/posts\/845\/revisions"}],"wp:featuredmedia":[{"embeddable":true,"href":"https:\/\/usagers-transports.haut-allier.eu\/index.php\/wp-json\/wp\/v2\/media\/3601"}],"wp:attachment":[{"href":"https:\/\/usagers-transports.haut-allier.eu\/index.php\/wp-json\/wp\/v2\/media?parent=845"}],"wp:term":[{"taxonomy":"category","embeddable":true,"href":"https:\/\/usagers-transports.haut-allier.eu\/index.php\/wp-json\/wp\/v2\/categories?post=845"},{"taxonomy":"post_tag","embeddable":true,"href":"https:\/\/usagers-transports.haut-allier.eu\/index.php\/wp-json\/wp\/v2\/tags?post=845"}],"curies":[{"name":"wp","href":"https:\/\/api.w.org\/{rel}","templated":true}]}}