{"id":846,"date":"2022-01-26T07:38:54","date_gmt":"2022-01-26T06:38:54","guid":{"rendered":"http:\/\/5.45.101.177\/haut-allier\/usagers-transportse\/index.php\/2022\/01\/26\/oui-au-train-de-nuit-propose-la846\/"},"modified":"2022-01-26T07:38:54","modified_gmt":"2022-01-26T06:38:54","slug":"oui-au-train-de-nuit-propose-la846","status":"publish","type":"post","link":"https:\/\/usagers-transports.haut-allier.eu\/index.php\/2022\/01\/26\/oui-au-train-de-nuit-propose-la846\/","title":{"rendered":"Oui au Train de Nuit propose la prolongation du Paris Brive Aurillac vers le sud du Massif central [MAJ]"},"content":{"rendered":"<p>En attendant la prise en consid\u00e9ration par le gouvernement de la proposition \u00ab\u00a0naturelle\u00a0\u00bb du retour du train de nuit tribranche N\u00eemes \/ B\u00e9ziers \/ Aurillac vers Clermont Ferrand et Paris, la solution de desserte qui nous para\u00eet la plus fond\u00e9e et directe, ayant de plus exist\u00e9, au moins jusqu&rsquo;\u00e0 Millau pour la branche vers B\u00e9ziers et qui pourrait donner ceci :<br \/>\n&nbsp;<br \/>\n<img loading=\"lazy\" decoding=\"async\" class=\" aligncenter size-full wp-image-3613\" src=\"http:\/\/5.45.101.177\/haut-allier\/usagers-transportse\/wp-content\/uploads\/2022\/01\/propositionoatdnmassifcentral.jpg\" alt=\"propositionoatdnmassifcentral.jpg\" align=\"center\" width=\"1174\" height=\"1640\" srcset=\"https:\/\/usagers-transports.haut-allier.eu\/wp-content\/uploads\/2022\/01\/propositionoatdnmassifcentral.jpg 1174w, https:\/\/usagers-transports.haut-allier.eu\/wp-content\/uploads\/2022\/01\/propositionoatdnmassifcentral-215x300.jpg 215w, https:\/\/usagers-transports.haut-allier.eu\/wp-content\/uploads\/2022\/01\/propositionoatdnmassifcentral-733x1024.jpg 733w, https:\/\/usagers-transports.haut-allier.eu\/wp-content\/uploads\/2022\/01\/propositionoatdnmassifcentral-768x1073.jpg 768w, https:\/\/usagers-transports.haut-allier.eu\/wp-content\/uploads\/2022\/01\/propositionoatdnmassifcentral-1100x1536.jpg 1100w\" sizes=\"auto, (max-width: 1174px) 100vw, 1174px\" \/><br \/>\n&nbsp;<br \/>\n&#8230;les collectifs OATDN Aubrac et C\u00e9vennes Auvergne, l&rsquo;association Amiga (pour le viaduc de Garabit) sont d&rsquo;accord pour proposer \u00e0 l&rsquo;Etat de prolonger la desserte d&rsquo;Aurillac via Brive annonc\u00e9e par Jean Castex pour fin 2023 vers la Loz\u00e8re et Mende.<br \/>\n&nbsp;<br \/>\nEn effet apr\u00e8s s&rsquo;\u00eatre assur\u00e9 que le projet du gouvernement n&rsquo;est pas de poursuivre vers Clermont-Ferrand avec cette branche vers Aurillac, le doute subsistait au vu du <a href=\"https:\/\/usagers-transports.haut-allier.eu\/?jean-castex-retour-du-train-de,843\"><strong>communiqu\u00e9<\/strong><\/a> du Pr\u00e9fet du Cantal il y a une semaine, les groupes de d\u00e9fense du massif central souhaitent que le train qui d\u00e9marrera de Brive en Corr\u00e8ze pour effectuer la desserte de quelques gares puis de la capitale du Cantal ne s&rsquo;y arr\u00eate pas et continue vers le sud avec un passage au Lioran, \u00e0 Saint-Flour, \u00e0 Saint-Ch\u00e9ly d&rsquo;Apcher et Marvejols puis vers Mende la pr\u00e9fecture de Loz\u00e8re. Les horaires que nous avons \u00e9tudi\u00e9s sont pratiques. A titre d&rsquo;exemple voil\u00e0 ce que cela pourrait donner, un calcul d&rsquo;Axel Greger de notre collectif qui a \u00e9t\u00e9 ensuite affin\u00e9.<br \/>\n&nbsp;<br \/>\n<img loading=\"lazy\" decoding=\"async\" class=\" aligncenter size-full wp-image-3614\" src=\"http:\/\/5.45.101.177\/haut-allier\/usagers-transportse\/wp-content\/uploads\/2022\/01\/capture_d_ecran_2022-01-26_06-57-40.png\" alt=\"capture_d_ecran_2022-01-26_06-57-40.png\" align=\"center\" width=\"351\" height=\"263\" srcset=\"https:\/\/usagers-transports.haut-allier.eu\/wp-content\/uploads\/2022\/01\/capture_d_ecran_2022-01-26_06-57-40.png 351w, https:\/\/usagers-transports.haut-allier.eu\/wp-content\/uploads\/2022\/01\/capture_d_ecran_2022-01-26_06-57-40-300x225.png 300w\" sizes=\"auto, (max-width: 351px) 100vw, 351px\" \/><br \/>\n&nbsp;<br \/>\nUn d\u00e9part de Paris Austerlitz \u00e0 22h50 pour une arriv\u00e9e \u00e0 Mende \u00e0 8h55, et dans l&rsquo;autre sens d\u00e9part de Mende \u00e0 20h35 pour une arriv\u00e9e \u00e0 Paris \u00e0 6h50.<br \/>\n&nbsp;<br \/>\n[fond noir][blanc]<strong>Et pourquoi pas plut\u00f4t une poursuite vers Millau ?<\/strong>[\/blanc][\/fond noir]<br \/>\n&nbsp;<br \/>\nLes horaires seraient un peu allong\u00e9s pour Millau mais cela permettrait :<br \/>\n&#8211; de desservir une ville de 21 000 habitants (Mende 12 000),<br \/>\n&#8211; de desservir S\u00e9verac le Ch\u00e2teau<br \/>\n&#8211; de reconsid\u00e9rer \u00e9ventuellement la demande d&rsquo;un TDN tribranche vers Clermont en prenant acte d&rsquo;une branche Neussargues Millau puisqu&rsquo;en fait la poursuite vers B\u00e9ziers implique des arriv\u00e9es vers midi dans cette ville tr\u00e8s peu pratiques.<br \/>\n&#8211; de reconsid\u00e9rer \u00e9ventuellement la demande de la branche Aurillac de ce train vers Clermont,<br \/>\n&#8211; et ainsi de gagner \u00e9ventuellement le temps de la manoeuvre de raccordement des 3 branches de voitures couchettes \u00e0 Clermont pour le TDN est le N\u00eemes Clermont Paris.<br \/>\n&nbsp;<br \/>\n[fond noir][blanc]<strong>Ou encore la desserte de Millau via S\u00e9verac le Ch\u00e2teau et Rodez ?<\/strong>[\/blanc][\/fond noir]<br \/>\n&nbsp;<br \/>\nEffectivement la proposition du Mende Marvejols Neussargues Aurillac Brive prendrait tout son sens si Millau \u00e9tait desservi de son c\u00f4t\u00e9 via le TDN de Paris Rodez lorsque la voie Rodez &#8211; S\u00e9verac sera rouverte, ce qui est bien pr\u00e9vu par la r\u00e9gion Occitanie qui a lanc\u00e9 les \u00e9tudes en octobre 2021 mais compte sur une ouverture pour fin 2026 au mieux. Nous rappelons que le Premier ministre a promis une desserte d&rsquo;Aurillac fin 2023. Millau ou Mende seront bien accessibles par le train de nuit d\u00e8s cette date.<br \/>\n&nbsp;<br \/>\n<strong>Quels en seraient l\u00e0 aussi les atouts ?<\/strong><br \/>\n&nbsp;<br \/>\n&#8211; de desservir les deux villes directement,<br \/>\n&#8211; de reconsid\u00e9rer \u00e9ventuellement la demande d&rsquo;un TDN tribranche vers Clermont en prenant acte des dessertes des 2 principales villes, au sud ouest du massif,<br \/>\n&#8211; de reconsid\u00e9rer \u00e9ventuellement la demande de la branche Aurillac de ce train vers Clermont,<br \/>\n&#8211; et l\u00e0 aussi de gagner le temps de la manoeuvre de raccordement des 3 branches de voitures couchettes \u00e0 Clermont pour le TDN Est N\u00eemes Langogne Clermont Paris.<br \/>\n&nbsp;<br \/>\n[fond noir][blanc]<strong>Si la solution imm\u00e9diate de desserte de Millau par Aurillac \u00e9tait retenue&#8230;<\/strong>[\/blanc][\/fond noir]<br \/>\n&nbsp;<br \/>\nLa desserte de Mende pourrait \u00eatre assur\u00e9e par un TER navette Labastide Mende Marvejols, ce qui offrirait le choix aux mendois du train de nuit Millau Aurillac Brive Paris et plus tard du TDN N\u00eemes Clermont Paris c\u00f4t\u00e9 est.<br \/>\n&nbsp;<br \/>\n<img loading=\"lazy\" decoding=\"async\" class=\" aligncenter size-full wp-image-3615\" src=\"http:\/\/5.45.101.177\/haut-allier\/usagers-transportse\/wp-content\/uploads\/2022\/01\/traindenuits-sud-massifcentral-oatdn-cevennes-auvergne-janvier2022r.jpg\" alt=\"traindenuits-sud-massifcentral-oatdn-cevennes-auvergne-janvier2022r.jpg\" align=\"center\" width=\"811\" height=\"1075\" srcset=\"https:\/\/usagers-transports.haut-allier.eu\/wp-content\/uploads\/2022\/01\/traindenuits-sud-massifcentral-oatdn-cevennes-auvergne-janvier2022r.jpg 811w, https:\/\/usagers-transports.haut-allier.eu\/wp-content\/uploads\/2022\/01\/traindenuits-sud-massifcentral-oatdn-cevennes-auvergne-janvier2022r-226x300.jpg 226w, https:\/\/usagers-transports.haut-allier.eu\/wp-content\/uploads\/2022\/01\/traindenuits-sud-massifcentral-oatdn-cevennes-auvergne-janvier2022r-773x1024.jpg 773w, https:\/\/usagers-transports.haut-allier.eu\/wp-content\/uploads\/2022\/01\/traindenuits-sud-massifcentral-oatdn-cevennes-auvergne-janvier2022r-768x1018.jpg 768w\" sizes=\"auto, (max-width: 811px) 100vw, 811px\" \/><br \/>\n&nbsp;<br \/>\nDans tous les cas on voit tr\u00e8s mal la suppression d&rsquo;une desserte des deux villes une fois install\u00e9e, plusieurs ann\u00e9es apr\u00e8s lors de l&rsquo;hypoth\u00e9tique r\u00e9apparition, puisque non pr\u00e9vu dans les plans, du TDN tribranche vers Clermont et Paris. Ce qui nous am\u00e8ne \u00e0 estimer qu&rsquo;il faudra se battre ensuite pour le retour du TDN N\u00eemes Langogne Clermont Paris seul par la ligne du C\u00e9venol.<br \/>\n&nbsp;<br \/>\nNous pensons que toutes les solutions sont \u00e0 consid\u00e9rer. Dans tous les cas pour le moment le collectif OuiTDN demande la poursuite de la branche Brive Aurillac vers le sud du Massif central. Ce sera une solution au moins provisoire et rapide puisque pr\u00e9vue pour fin 2023.<br \/>\n&nbsp; <\/p>\n","protected":false},"excerpt":{"rendered":"<p>En attendant la prise en consid\u00e9ration par le gouvernement de la proposition \u00ab\u00a0naturelle\u00a0\u00bb du retour du train de<\/p>\n","protected":false},"author":1,"featured_media":3612,"comment_status":"open","ping_status":"open","sticky":false,"template":"","format":"standard","meta":{"footnotes":""},"categories":[8],"tags":[],"class_list":["post-846","post","type-post","status-publish","format-standard","has-post-thumbnail","hentry","category-communiques"],"_links":{"self":[{"href":"https:\/\/usagers-transports.haut-allier.eu\/index.php\/wp-json\/wp\/v2\/posts\/846","targetHints":{"allow":["GET"]}}],"collection":[{"href":"https:\/\/usagers-transports.haut-allier.eu\/index.php\/wp-json\/wp\/v2\/posts"}],"about":[{"href":"https:\/\/usagers-transports.haut-allier.eu\/index.php\/wp-json\/wp\/v2\/types\/post"}],"author":[{"embeddable":true,"href":"https:\/\/usagers-transports.haut-allier.eu\/index.php\/wp-json\/wp\/v2\/users\/1"}],"replies":[{"embeddable":true,"href":"https:\/\/usagers-transports.haut-allier.eu\/index.php\/wp-json\/wp\/v2\/comments?post=846"}],"version-history":[{"count":0,"href":"https:\/\/usagers-transports.haut-allier.eu\/index.php\/wp-json\/wp\/v2\/posts\/846\/revisions"}],"wp:featuredmedia":[{"embeddable":true,"href":"https:\/\/usagers-transports.haut-allier.eu\/index.php\/wp-json\/wp\/v2\/media\/3612"}],"wp:attachment":[{"href":"https:\/\/usagers-transports.haut-allier.eu\/index.php\/wp-json\/wp\/v2\/media?parent=846"}],"wp:term":[{"taxonomy":"category","embeddable":true,"href":"https:\/\/usagers-transports.haut-allier.eu\/index.php\/wp-json\/wp\/v2\/categories?post=846"},{"taxonomy":"post_tag","embeddable":true,"href":"https:\/\/usagers-transports.haut-allier.eu\/index.php\/wp-json\/wp\/v2\/tags?post=846"}],"curies":[{"name":"wp","href":"https:\/\/api.w.org\/{rel}","templated":true}]}}