{"id":847,"date":"2022-02-01T08:17:32","date_gmt":"2022-02-01T07:17:32","guid":{"rendered":"http:\/\/5.45.101.177\/haut-allier\/usagers-transportse\/index.php\/2022\/02\/01\/le-projet-de-tgv-paris-clermont847\/"},"modified":"2022-02-01T08:17:32","modified_gmt":"2022-02-01T07:17:32","slug":"le-projet-de-tgv-paris-clermont847","status":"publish","type":"post","link":"https:\/\/usagers-transports.haut-allier.eu\/index.php\/2022\/02\/01\/le-projet-de-tgv-paris-clermont847\/","title":{"rendered":"Le projet de TGV Paris Clermont-Ferrand toujours pas enterr\u00e9"},"content":{"rendered":"<p>En d\u00e9pit de l&rsquo;effort national \u00e9norme \u00e0 effectuer pour la remise \u00e0 niveau et l&rsquo;am\u00e9lioration du r\u00e9seau ferroviaire historique fran\u00e7ais certains \u00e9lus continuent \u00e0 r\u00eaver de TGV, pour gagner quelques dizaines de minutes vers Paris. Tout cela au prix de nouvelles voies cr\u00e9\u00e9es au co\u00fbt \u00e9norme, d\u00e9truisant faune et flore sur leur passage, d\u00e9truisant des parcelles agricoles, d\u00e9portant les nouvelles gares au milieu des champs loin des villes. Mais non, certains \u00e9lus en redemandent.<br \/>\n&nbsp;<br \/>\nExemple les plans de TGV entre Clermont et la capitale qu&rsquo;on croyait relever du lointain pass\u00e9 et qui refont surface gr\u00e2ce si on peut dire \u00e0 la r\u00e9gion Centre-Val de Loire qui n&rsquo;en d\u00e9mord pas. Il s&rsquo;inscrit dans l&rsquo;esprit d&rsquo;une ligne \u00ab\u00a0parall\u00e8le\u00a0\u00bb \u00e0 Paris Lyon. Et une nouvelle expertise des trac\u00e9s va \u00eatre entreprise. C&rsquo;est le site <a href=\"https:\/\/www.bfmtv.com\/economie\/entreprises\/transports\/la-perspective-d-un-tgv-vers-clermont-ferrand-et-lyon-refait-surface_AN-202201290157.html\"><strong>BFM Business<\/strong><\/a> qui nous l&rsquo;apprend : <em>La perspective d&rsquo;un TGV vers Clermont-Ferrand et Lyon refait surface<\/em><br \/>\n&nbsp;<br \/>\n<img loading=\"lazy\" decoding=\"async\" class=\" aligncenter size-full wp-image-3617\" src=\"http:\/\/5.45.101.177\/haut-allier\/usagers-transportse\/wp-content\/uploads\/2022\/02\/screenshot-www.bfmtv_.com-2022.02.01-07_42_41-scaled.jpg\" alt=\"screenshot-www.bfmtv.com-2022.02.01-07_42_41.jpg\" align=\"center\" width=\"694\" height=\"2560\" srcset=\"https:\/\/usagers-transports.haut-allier.eu\/wp-content\/uploads\/2022\/02\/screenshot-www.bfmtv_.com-2022.02.01-07_42_41-scaled.jpg 694w, https:\/\/usagers-transports.haut-allier.eu\/wp-content\/uploads\/2022\/02\/screenshot-www.bfmtv_.com-2022.02.01-07_42_41-81x300.jpg 81w, https:\/\/usagers-transports.haut-allier.eu\/wp-content\/uploads\/2022\/02\/screenshot-www.bfmtv_.com-2022.02.01-07_42_41-278x1024.jpg 278w, https:\/\/usagers-transports.haut-allier.eu\/wp-content\/uploads\/2022\/02\/screenshot-www.bfmtv_.com-2022.02.01-07_42_41-768x2833.jpg 768w, https:\/\/usagers-transports.haut-allier.eu\/wp-content\/uploads\/2022\/02\/screenshot-www.bfmtv_.com-2022.02.01-07_42_41-416x1536.jpg 416w, https:\/\/usagers-transports.haut-allier.eu\/wp-content\/uploads\/2022\/02\/screenshot-www.bfmtv_.com-2022.02.01-07_42_41-555x2048.jpg 555w\" sizes=\"auto, (max-width: 694px) 100vw, 694px\" \/><br \/>\n&nbsp;<br \/>\nLes habitu\u00e9s de l&rsquo;Intercit\u00e9s Clermont-Paris qui subissent les d\u00e9boires d&rsquo;une ligne et d&rsquo;un op\u00e9rateur ferroviaire \u00e0 bout de souffle depuis des lustres, seront sans doute int\u00e9ress\u00e9s par la nouvelle, mais au regard des pol\u00e9miques de ces 30 derni\u00e8res ann\u00e9es concernant l&rsquo;\u00e9quipement de cet axe en grande vitesse, l&rsquo;accueilleront certainement avec le scepticisme pragmatique qui caract\u00e9rise aussi tous les auvergnats.<br \/>\n&nbsp;<br \/>\nDe plus en y regardant de plus pr\u00e8s on s&rsquo;aper\u00e7oit qu&rsquo;en fait Clermont n&rsquo;est que peu concern\u00e9e par la nouvelle vision, c&rsquo;est surtout les villes de l&rsquo;Allier, Moulins, voire Vichy qui pourraient en \u00eatre les b\u00e9n\u00e9ficiaires. Voici d&rsquo;ailleurs la carte publi\u00e9e par le quotidien <a href=\"https:\/\/lanouvellerepublique.fr\"><em>La Nouvelle R\u00e9publique<\/em><\/a>.<br \/>\n&nbsp;<br \/>\n<img loading=\"lazy\" decoding=\"async\" class=\" aligncenter size-full wp-image-3618\" src=\"http:\/\/5.45.101.177\/haut-allier\/usagers-transportse\/wp-content\/uploads\/2022\/02\/58c2dfd9469a45e2698b4fc9.jpg\" alt=\"58c2dfd9469a45e2698b4fc9.jpg\" align=\"center\" width=\"1125\" height=\"1125\" srcset=\"https:\/\/usagers-transports.haut-allier.eu\/wp-content\/uploads\/2022\/02\/58c2dfd9469a45e2698b4fc9.jpg 1125w, https:\/\/usagers-transports.haut-allier.eu\/wp-content\/uploads\/2022\/02\/58c2dfd9469a45e2698b4fc9-300x300.jpg 300w, https:\/\/usagers-transports.haut-allier.eu\/wp-content\/uploads\/2022\/02\/58c2dfd9469a45e2698b4fc9-1024x1024.jpg 1024w, https:\/\/usagers-transports.haut-allier.eu\/wp-content\/uploads\/2022\/02\/58c2dfd9469a45e2698b4fc9-150x150.jpg 150w, https:\/\/usagers-transports.haut-allier.eu\/wp-content\/uploads\/2022\/02\/58c2dfd9469a45e2698b4fc9-768x768.jpg 768w\" sizes=\"auto, (max-width: 1125px) 100vw, 1125px\" \/><br \/>\n&nbsp;<br \/>\nO\u00f9 en est-on quant \u00e0 l&rsquo;am\u00e9lioration et le renouvellement de la ligne actuelle, qui n&rsquo;est pas du tout satur\u00e9e d&rsquo;ailleurs ? Et bien le cap de 2025 semble toujours valable. Patentons et souffrons donc ensemble pendant encore trois ans.<br \/>\n&nbsp;<\/p>\n","protected":false},"excerpt":{"rendered":"<p>En d\u00e9pit de l&rsquo;effort national \u00e9norme \u00e0 effectuer pour la remise \u00e0 niveau et l&rsquo;am\u00e9lioration du r\u00e9seau ferroviaire<\/p>\n","protected":false},"author":1,"featured_media":3616,"comment_status":"open","ping_status":"open","sticky":false,"template":"","format":"standard","meta":{"footnotes":""},"categories":[2],"tags":[],"class_list":["post-847","post","type-post","status-publish","format-standard","has-post-thumbnail","hentry","category-infos"],"_links":{"self":[{"href":"https:\/\/usagers-transports.haut-allier.eu\/index.php\/wp-json\/wp\/v2\/posts\/847","targetHints":{"allow":["GET"]}}],"collection":[{"href":"https:\/\/usagers-transports.haut-allier.eu\/index.php\/wp-json\/wp\/v2\/posts"}],"about":[{"href":"https:\/\/usagers-transports.haut-allier.eu\/index.php\/wp-json\/wp\/v2\/types\/post"}],"author":[{"embeddable":true,"href":"https:\/\/usagers-transports.haut-allier.eu\/index.php\/wp-json\/wp\/v2\/users\/1"}],"replies":[{"embeddable":true,"href":"https:\/\/usagers-transports.haut-allier.eu\/index.php\/wp-json\/wp\/v2\/comments?post=847"}],"version-history":[{"count":0,"href":"https:\/\/usagers-transports.haut-allier.eu\/index.php\/wp-json\/wp\/v2\/posts\/847\/revisions"}],"wp:featuredmedia":[{"embeddable":true,"href":"https:\/\/usagers-transports.haut-allier.eu\/index.php\/wp-json\/wp\/v2\/media\/3616"}],"wp:attachment":[{"href":"https:\/\/usagers-transports.haut-allier.eu\/index.php\/wp-json\/wp\/v2\/media?parent=847"}],"wp:term":[{"taxonomy":"category","embeddable":true,"href":"https:\/\/usagers-transports.haut-allier.eu\/index.php\/wp-json\/wp\/v2\/categories?post=847"},{"taxonomy":"post_tag","embeddable":true,"href":"https:\/\/usagers-transports.haut-allier.eu\/index.php\/wp-json\/wp\/v2\/tags?post=847"}],"curies":[{"name":"wp","href":"https:\/\/api.w.org\/{rel}","templated":true}]}}