{"id":849,"date":"2022-02-16T13:22:05","date_gmt":"2022-02-16T12:22:05","guid":{"rendered":"http:\/\/5.45.101.177\/haut-allier\/usagers-transportse\/index.php\/2022\/02\/16\/livradois-un-budget-debloque-pour849\/"},"modified":"2022-02-16T13:22:05","modified_gmt":"2022-02-16T12:22:05","slug":"livradois-un-budget-debloque-pour849","status":"publish","type":"post","link":"https:\/\/usagers-transports.haut-allier.eu\/index.php\/2022\/02\/16\/livradois-un-budget-debloque-pour849\/","title":{"rendered":"Livradois : un budget d\u00e9bloqu\u00e9 pour r\u00e9tablir la ligne de fret Courpi\u00e8re &#8211; Giroux"},"content":{"rendered":"<p>Nous vous signalons l&rsquo;excellent article du blog <a href=\"http:\/\/raildusud.canalblog.com\/archives\/2022\/02\/16\/39347416.html#utm_medium=email&#038;utm_source=notification&#038;utm_campaign=raildusud\"><em> <strong>RailduSud<\/strong> <\/em><\/a> qui fait un point d&rsquo;avancement complet sur la r\u00e9ouverture de la ligne des papetiers entre Pont de Dore et Giroux mais aussi sur les difficult\u00e9s \u00e0 r\u00e9unir des financements c\u00f4t\u00e9 partie touristique au del\u00e0 vers Vertolaye Ambert La Chaise Dieu Sembadel Craponne sur Arzon voire Darsac en direction Le Puy en Velay.<br \/>\n&nbsp;<br \/>\nCe \u00ab\u00a0r\u00e9seau\u00a0\u00bb abandonn\u00e9 par la SNCF depuis 1969 fait 150 km de long. Il a \u00e9t\u00e9 ferm\u00e9 pour des raisons de s\u00e9curit\u00e9 il y a quelques mois. Il est g\u00e9r\u00e9 par le <a href=\"http:\/\/reseau-ferre-livradois-forez-velay.fr\/\"><em> <strong>Syndicat ferroviaire du Livradois-Forez<\/strong> <\/em><\/a>.<br \/>\n&nbsp;<br \/>\nLes associations <a href=\"https:\/\/agrivap.fr\/\"><em> <strong>Agrivap<\/strong> <\/em><\/a> et <a href=\"http:\/\/www.cheminferhautforez.com\/\"><em> <strong>Chemins de fer du Haut Forez<\/strong> <\/em><\/a> ont en charge les circulations dans la partie sud, plus touristique.<br \/>\n&nbsp;<br \/>\nUne subvention de l&rsquo;\u00e9tat de 500 000 euros vient d&rsquo;\u00eatre annonc\u00e9e mais les besoins pour r\u00e9g\u00e9n\u00e9rer la section entre La Chaise-Dieu et Craponne sur Arzon s&rsquo;\u00e9l\u00e8vent \u00e0 1 M d&rsquo;euros, non encore rassembl\u00e9s.<br \/>\n&nbsp;<br \/>\nVoici mis en \u00e9vidence le r\u00e9seau en question :<br \/>\n&nbsp;<br \/>\n<img loading=\"lazy\" decoding=\"async\" class=\" aligncenter size-full wp-image-3622\" src=\"http:\/\/5.45.101.177\/haut-allier\/usagers-transportse\/wp-content\/uploads\/2022\/02\/screenshot-reseau-ferre-livradois-forez-velay.fr-2022.02.16-12_50_14.jpg\" alt=\"screenshot-reseau-ferre-livradois-forez-velay.fr-2022.02.16-12_50_14.jpg\" align=\"center\" width=\"707\" height=\"1000\" srcset=\"https:\/\/usagers-transports.haut-allier.eu\/wp-content\/uploads\/2022\/02\/screenshot-reseau-ferre-livradois-forez-velay.fr-2022.02.16-12_50_14.jpg 707w, https:\/\/usagers-transports.haut-allier.eu\/wp-content\/uploads\/2022\/02\/screenshot-reseau-ferre-livradois-forez-velay.fr-2022.02.16-12_50_14-212x300.jpg 212w\" sizes=\"auto, (max-width: 707px) 100vw, 707px\" \/><br \/>\n&nbsp;<br \/>\n<strong>Ci dessous son inscription importante dans l&rsquo;axe Vichy &#8211; Thiers &#8211; Ambert &#8211; Le Puy en Velay &#8211; Langogne au d\u00e9but du XX\u00e8me si\u00e8cle : <\/strong><br \/>\n&nbsp;<br \/>\n<img loading=\"lazy\" decoding=\"async\" class=\" aligncenter size-full wp-image-3623\" src=\"http:\/\/5.45.101.177\/haut-allier\/usagers-transportse\/wp-content\/uploads\/2022\/02\/lereseaulivradoisforez.jpg\" alt=\"lereseaulivradoisforez.jpg\" align=\"center\" width=\"600\" height=\"722\" srcset=\"https:\/\/usagers-transports.haut-allier.eu\/wp-content\/uploads\/2022\/02\/lereseaulivradoisforez.jpg 600w, https:\/\/usagers-transports.haut-allier.eu\/wp-content\/uploads\/2022\/02\/lereseaulivradoisforez-249x300.jpg 249w\" sizes=\"auto, (max-width: 600px) 100vw, 600px\" \/><br \/>\n&nbsp;<br \/>\nBonne lecture.<br \/>\n&nbsp;<br \/>\n<em>[En logo la gare de Sembadel]<br \/>\n<\/em><\/p>\n","protected":false},"excerpt":{"rendered":"<p>Nous vous signalons l&rsquo;excellent article du blog RailduSud qui fait un point d&rsquo;avancement complet sur la r\u00e9ouverture de<\/p>\n","protected":false},"author":1,"featured_media":3621,"comment_status":"open","ping_status":"open","sticky":false,"template":"","format":"standard","meta":{"footnotes":""},"categories":[7],"tags":[],"class_list":["post-849","post","type-post","status-publish","format-standard","has-post-thumbnail","hentry","category-ailleurs"],"_links":{"self":[{"href":"https:\/\/usagers-transports.haut-allier.eu\/index.php\/wp-json\/wp\/v2\/posts\/849","targetHints":{"allow":["GET"]}}],"collection":[{"href":"https:\/\/usagers-transports.haut-allier.eu\/index.php\/wp-json\/wp\/v2\/posts"}],"about":[{"href":"https:\/\/usagers-transports.haut-allier.eu\/index.php\/wp-json\/wp\/v2\/types\/post"}],"author":[{"embeddable":true,"href":"https:\/\/usagers-transports.haut-allier.eu\/index.php\/wp-json\/wp\/v2\/users\/1"}],"replies":[{"embeddable":true,"href":"https:\/\/usagers-transports.haut-allier.eu\/index.php\/wp-json\/wp\/v2\/comments?post=849"}],"version-history":[{"count":0,"href":"https:\/\/usagers-transports.haut-allier.eu\/index.php\/wp-json\/wp\/v2\/posts\/849\/revisions"}],"wp:featuredmedia":[{"embeddable":true,"href":"https:\/\/usagers-transports.haut-allier.eu\/index.php\/wp-json\/wp\/v2\/media\/3621"}],"wp:attachment":[{"href":"https:\/\/usagers-transports.haut-allier.eu\/index.php\/wp-json\/wp\/v2\/media?parent=849"}],"wp:term":[{"taxonomy":"category","embeddable":true,"href":"https:\/\/usagers-transports.haut-allier.eu\/index.php\/wp-json\/wp\/v2\/categories?post=849"},{"taxonomy":"post_tag","embeddable":true,"href":"https:\/\/usagers-transports.haut-allier.eu\/index.php\/wp-json\/wp\/v2\/tags?post=849"}],"curies":[{"name":"wp","href":"https:\/\/api.w.org\/{rel}","templated":true}]}}