{"id":85,"date":"2013-10-31T08:54:29","date_gmt":"2013-10-31T07:54:29","guid":{"rendered":"http:\/\/5.45.101.177\/haut-allier\/usagers-transportse\/index.php\/2013\/10\/31\/trajet-clermont-langeac-langogne085\/"},"modified":"2013-10-31T08:54:29","modified_gmt":"2013-10-31T07:54:29","slug":"trajet-clermont-langeac-langogne085","status":"publish","type":"post","link":"https:\/\/usagers-transports.haut-allier.eu\/index.php\/2013\/10\/31\/trajet-clermont-langeac-langogne085\/","title":{"rendered":"Trajet Clermont Langeac Langogne Al\u00e8s N\u00eemes : retour du train le 9\/11"},"content":{"rendered":"<p><strong>Une reprise hivernale brinqueballante : <\/strong><br \/>\n&nbsp;<br \/>\nRetour de la circulation des TER et du TET C\u00e9venol sur l&rsquo;axe Clermont-Ferrand Langogne N\u00eemes ce <strong>9 novembre<\/strong> selon les <a href=\"http:\/\/usagers-transports.haut-allier.eu\/spip.php?article62\">horaires d\u00e9j\u00e0 publi\u00e9s<\/a> apr\u00e8s deux mois de travaux divers : recimentages ouvrages, d\u00e9senrochements, changements de traverses&#8230; Une p\u00e9nalisation tr\u00e9s mal <a href=\"http:\/\/usagers-transports.haut-allier.eu\/spip.php?article79\">ressentie<\/a> par les usagers du Haut-Allier dont la patience a \u00e9t\u00e9 mise \u00e0 mal depuis 4 ans. De quoi d\u00e9courager les plus acharn\u00e9s.<br \/>\n&nbsp;<br \/>\nPour autant ces travaux n&rsquo;\u00e9taient que des op\u00e9rations d&rsquo;entretien et malgr\u00e9 la <a href=\"http:\/\/usagers-transports.haut-allier.eu\/spip.php?article79\">demande<\/a> du conseil r\u00e9gional Auvergne, des Verts et de l&rsquo;association des \u00e9lus RFF refuse de relever la vitesse de 40 kms \/heure dans les gorges de l&rsquo;Allier au niveau ant\u00e9rieur.<br \/>\n&nbsp;<br \/>\nPire : apr\u00e8s le gain de temps provoqu\u00e9 par la mise en service du viaduc de Courbessac \u00e0 N\u00eemes <strong>la SNCF va rallonger le temps de parcours du C\u00e9venol de plusieurs minutes \u00e0 partir du 4 d\u00e9cembre<\/strong> pour tenir compte de la v\u00e9tust\u00e9 de l&rsquo;engin qui le tire !<br \/>\n&nbsp;<br \/>\n<strong>Un espoir d&rsquo;am\u00e9lioration du service ? <\/strong><br \/>\n&nbsp;<br \/>\nSi on laisse de c\u00f4t\u00e9 les d\u00e9clarations souvent mensong\u00e8res des ministres et de Guillaume P\u00e9py le pr\u00e9sident de la soci\u00e9t\u00e9 de transports ferroviaires sur leur int\u00e9r\u00eat des lignes dites secondaires, il faut quand m\u00eame noter que la SNCF vient de <a href=\"http:\/\/www.alstom.com\/press-centre\/fr\/2013\/10\/alstom-fournira-a-sncf-34-rames-coradia-liner-pour-les-trains-dequilibre-du-territoire-\/\">commander <\/a>34 trains Coralia Liner \u00e0 Alstom pour renouveler ses trains d&rsquo;\u00e9quilibre du territoire TET, dont le C\u00e9venol fait partie. Ils commenceront \u00e0 \u00eatre livr\u00e9s en d\u00e9cembre 2015.<br \/>\n&nbsp;<br \/>\nD&rsquo;apr\u00e8s le constructeur : <em> \u00ab\u00a0Coradia Liner r\u00e9pond parfaitement aux exigences de SNCF en mati\u00e8re de performance, confort et services aux passagers. Il est accessible \u00e0 tous gr\u00e2ce \u00e0 des ouvertures situ\u00e9es \u00e0 hauteur de quai. Les d\u00e9placements \u00e0 bord sont plus fluides avec des zones voyageurs spacieuses et adapt\u00e9es aux voyages de grandes lignes. De nouveaux si\u00e8ges inclinables sont dot\u00e9s d\u2019accoudoirs enti\u00e8rement garnis et \u00e9quip\u00e9s d\u2019une prise \u00e9lectrique et d\u2019un porte-veste. Le rev\u00eatement de sol sp\u00e9cifique adoucit les bruits ambiants. Enfin, de larges baies vitr\u00e9es et un \u00e9clairage indirect int\u00e9rieur renforcent la sensation de confort et de s\u00e9curit\u00e9 des passagers. La conception de ce nouveau train grande ligne, sp\u00e9cifi\u00e9e en amont par SNCF, laisse la possibilit\u00e9 \u00e0 l\u2019exploitant de proposer aux voyageurs un grand nombre de services \u00e0 bord.<\/em><br \/>\n&nbsp;<br \/>\n<em>Des solutions techniques innovantes permettent au Coradia Liner de r\u00e9duire les temps de trajets : de larges portes et plateformes permettent d\u2019optimiser la circulation des passagers. Gr\u00e2ce \u00e0 une motorisation r\u00e9partie sur l\u2019ensemble du train, les capacit\u00e9s d\u2019acc\u00e9l\u00e9ration et de freinage sont am\u00e9lior\u00e9es. Plus l\u00e9ger, sa consommation sera largement inf\u00e9rieure \u00e0 la g\u00e9n\u00e9ration pr\u00e9c\u00e9dente de train grande ligne. Son architecture a \u00e9t\u00e9 pens\u00e9e pour une maintenance facilit\u00e9e. Bimode (\u00e9lectrique et diesel) et conforme aux normes europ\u00e9ennes en vigueur, Coradia Liner peut circuler sur toutes les voies du r\u00e9seau conventionnel.\u00a0\u00bb <\/em><br \/>\n&nbsp;<br \/>\n<strong>Mais le TET C\u00e9venol sera-t-il prioritaire, lui qui pourtant n&rsquo;arrive m\u00eame plus \u00e0 respecter ses horaires ?<\/strong><\/p>\n","protected":false},"excerpt":{"rendered":"<p>Une reprise hivernale brinqueballante : &nbsp; Retour de la circulation des TER et du TET C\u00e9venol sur l&rsquo;axe<\/p>\n","protected":false},"author":1,"featured_media":1507,"comment_status":"closed","ping_status":"open","sticky":false,"template":"","format":"standard","meta":{"footnotes":""},"categories":[2],"tags":[],"class_list":["post-85","post","type-post","status-publish","format-standard","has-post-thumbnail","hentry","category-infos"],"_links":{"self":[{"href":"https:\/\/usagers-transports.haut-allier.eu\/index.php\/wp-json\/wp\/v2\/posts\/85","targetHints":{"allow":["GET"]}}],"collection":[{"href":"https:\/\/usagers-transports.haut-allier.eu\/index.php\/wp-json\/wp\/v2\/posts"}],"about":[{"href":"https:\/\/usagers-transports.haut-allier.eu\/index.php\/wp-json\/wp\/v2\/types\/post"}],"author":[{"embeddable":true,"href":"https:\/\/usagers-transports.haut-allier.eu\/index.php\/wp-json\/wp\/v2\/users\/1"}],"replies":[{"embeddable":true,"href":"https:\/\/usagers-transports.haut-allier.eu\/index.php\/wp-json\/wp\/v2\/comments?post=85"}],"version-history":[{"count":0,"href":"https:\/\/usagers-transports.haut-allier.eu\/index.php\/wp-json\/wp\/v2\/posts\/85\/revisions"}],"wp:featuredmedia":[{"embeddable":true,"href":"https:\/\/usagers-transports.haut-allier.eu\/index.php\/wp-json\/wp\/v2\/media\/1507"}],"wp:attachment":[{"href":"https:\/\/usagers-transports.haut-allier.eu\/index.php\/wp-json\/wp\/v2\/media?parent=85"}],"wp:term":[{"taxonomy":"category","embeddable":true,"href":"https:\/\/usagers-transports.haut-allier.eu\/index.php\/wp-json\/wp\/v2\/categories?post=85"},{"taxonomy":"post_tag","embeddable":true,"href":"https:\/\/usagers-transports.haut-allier.eu\/index.php\/wp-json\/wp\/v2\/tags?post=85"}],"curies":[{"name":"wp","href":"https:\/\/api.w.org\/{rel}","templated":true}]}}