{"id":851,"date":"2022-02-17T09:26:05","date_gmt":"2022-02-17T08:26:05","guid":{"rendered":"http:\/\/5.45.101.177\/haut-allier\/usagers-transportse\/index.php\/2022\/02\/17\/les-travaux-et-coupures-en-2022851\/"},"modified":"2022-02-17T09:26:05","modified_gmt":"2022-02-17T08:26:05","slug":"les-travaux-et-coupures-en-2022851","status":"publish","type":"post","link":"https:\/\/usagers-transports.haut-allier.eu\/index.php\/2022\/02\/17\/les-travaux-et-coupures-en-2022851\/","title":{"rendered":"Les travaux et coupures en 2022 sur les lignes du Massif central"},"content":{"rendered":"<p>SNCF R\u00e9seau vient de publier les cartes de travaux pour 2022. Il \u00e9tait temps nous sommes fin f\u00e9vrier.<br \/>\n&nbsp;<br \/>\n[fond jaune]<strong>C\u00f4t\u00e9 nord de la ligne des C\u00e9vennes<\/strong>[\/fond jaune]<br \/>\n&nbsp;<br \/>\n<img loading=\"lazy\" decoding=\"async\" class=\" aligncenter size-full wp-image-3629\" src=\"http:\/\/5.45.101.177\/haut-allier\/usagers-transportse\/wp-content\/uploads\/2022\/02\/screenshot-www.sncf-reseau.com-2022.02.17-07_56_55.jpg\" alt=\"screenshot-www.sncf-reseau.com-2022.02.17-07_56_55.jpg\" align=\"center\" width=\"312\" height=\"246\" srcset=\"https:\/\/usagers-transports.haut-allier.eu\/wp-content\/uploads\/2022\/02\/screenshot-www.sncf-reseau.com-2022.02.17-07_56_55.jpg 312w, https:\/\/usagers-transports.haut-allier.eu\/wp-content\/uploads\/2022\/02\/screenshot-www.sncf-reseau.com-2022.02.17-07_56_55-300x237.jpg 300w\" sizes=\"auto, (max-width: 312px) 100vw, 312px\" \/><br \/>\n&nbsp;<br \/>\n&#8211; <strong>la section Arvant Aurillac<\/strong>, qui profite d&rsquo;un chantier cofinanc\u00e9 de 53 M d&rsquo;euros, phase 2 du contrat de plan Etat &#8211; R\u00e9gion AuRa,  sera coup\u00e9e <strong>du 14 mars au 30 novembre<\/strong>,<br \/>\n&#8211; <strong>la section Saint-Georges d&rsquo;Aurac au Puy en Velay<\/strong>, qui profite d&rsquo;un chantier cofinanc\u00e9 \u00e0 hauteur de 3 M d&rsquo;euros dans le contrat de plan Etat &#8211; R\u00e9gion AuRA, sera coup\u00e9e <strong>du 1er avril au 19 juin<\/strong>,<br \/>\n&#8211; <strong>la section Brioude \u00e0 Langogne<\/strong> \u00ab\u00a0b\u00e9n\u00e9ficie\u00a0\u00bb d&rsquo;un chantier cofinanc\u00e9 de 3,3 M d&rsquo;euros, autant et pas plus que la ligne pr\u00e9c\u00e9dente malgr\u00e9 son importance, dans le contrat de plan Etat &#8211; R\u00e9gion AuRA. Elle sera coup\u00e9e <strong>du 1er avril au 13 juin<\/strong>.<br \/>\n&nbsp;<br \/>\nLa carte compl\u00e8te nord est t\u00e9l\u00e9chargeable <a href=\"https:\/\/www.sncf-reseau.com\/sites\/default\/files\/2022-01\/A3_AURA_2022_V07%20BAT.pdf\"><strong>ici<\/strong><\/a> en PDF.<br \/>\n&nbsp;<br \/>\n[fond jaune]<strong>C\u00f4t\u00e9 sud de la ligne des C\u00e9vennes<\/strong>[\/fond jaune]<br \/>\n&nbsp;<br \/>\n<img loading=\"lazy\" decoding=\"async\" class=\" aligncenter size-full wp-image-3630\" src=\"http:\/\/5.45.101.177\/haut-allier\/usagers-transportse\/wp-content\/uploads\/2022\/02\/sncftravxcotesud.jpg\" alt=\"sncftravxcotesud.jpg\" align=\"center\" width=\"371\" height=\"389\" srcset=\"https:\/\/usagers-transports.haut-allier.eu\/wp-content\/uploads\/2022\/02\/sncftravxcotesud.jpg 371w, https:\/\/usagers-transports.haut-allier.eu\/wp-content\/uploads\/2022\/02\/sncftravxcotesud-286x300.jpg 286w\" sizes=\"auto, (max-width: 371px) 100vw, 371px\" \/><br \/>\n&nbsp;<br \/>\n&#8211; <strong>la section Langogne \u00e0 N\u00eemes<\/strong> b\u00e9n\u00e9ficie d&rsquo;une \u00ab\u00a0mise en accessibilit\u00e9 de la gare de Langogne\u00a0\u00bb, d&rsquo;une modernisation d&rsquo;ouvrages en terre et d&rsquo;une modernisation de la voie. Coupure des circulations <strong>entre le 28 mars et le 17 juin<\/strong>,<br \/>\n&#8211; <strong>la section Labastide au Monastier<\/strong> (barre du H loz\u00e9rien) b\u00e9n\u00e9ficie d&rsquo;une modernisation de la voie avec coupure <strong>du 28 mars au 17 juin<\/strong>,<br \/>\n&#8211; <strong>la section Saint-Ch\u00e9ly d&rsquo;Apcher vers B\u00e9darieux<\/strong> b\u00e9n\u00e9ficiera d&rsquo;un chantier cofinanc\u00e9 avec la r\u00e9gion Occitanie pour sa modernisation ainsi que celle d&rsquo;ouvrages d&rsquo;art et en terre. Coupure entre B\u00e9darieux et Marvejols <strong>du 11 juillet au 12 ao\u00fbt<\/strong> et entre Marvejols et Saint-Ch\u00e9ly <strong>du 11 juillet au 16 septembre<\/strong>.<br \/>\n&nbsp;<br \/>\nLa carte compl\u00e8te sud est t\u00e9l\u00e9chargeable <a href=\"https:\/\/www.sncf-reseau.com\/sites\/default\/files\/2022-01\/A3_occitanie_2022_26012022.pdf\"><strong>ici<\/strong><\/a>.<br \/>\n&nbsp;<\/p>\n","protected":false},"excerpt":{"rendered":"<p>SNCF R\u00e9seau vient de publier les cartes de travaux pour 2022. Il \u00e9tait temps nous sommes fin f\u00e9vrier.<\/p>\n","protected":false},"author":1,"featured_media":3628,"comment_status":"open","ping_status":"open","sticky":false,"template":"","format":"standard","meta":{"footnotes":""},"categories":[2],"tags":[],"class_list":["post-851","post","type-post","status-publish","format-standard","has-post-thumbnail","hentry","category-infos"],"_links":{"self":[{"href":"https:\/\/usagers-transports.haut-allier.eu\/index.php\/wp-json\/wp\/v2\/posts\/851","targetHints":{"allow":["GET"]}}],"collection":[{"href":"https:\/\/usagers-transports.haut-allier.eu\/index.php\/wp-json\/wp\/v2\/posts"}],"about":[{"href":"https:\/\/usagers-transports.haut-allier.eu\/index.php\/wp-json\/wp\/v2\/types\/post"}],"author":[{"embeddable":true,"href":"https:\/\/usagers-transports.haut-allier.eu\/index.php\/wp-json\/wp\/v2\/users\/1"}],"replies":[{"embeddable":true,"href":"https:\/\/usagers-transports.haut-allier.eu\/index.php\/wp-json\/wp\/v2\/comments?post=851"}],"version-history":[{"count":0,"href":"https:\/\/usagers-transports.haut-allier.eu\/index.php\/wp-json\/wp\/v2\/posts\/851\/revisions"}],"wp:featuredmedia":[{"embeddable":true,"href":"https:\/\/usagers-transports.haut-allier.eu\/index.php\/wp-json\/wp\/v2\/media\/3628"}],"wp:attachment":[{"href":"https:\/\/usagers-transports.haut-allier.eu\/index.php\/wp-json\/wp\/v2\/media?parent=851"}],"wp:term":[{"taxonomy":"category","embeddable":true,"href":"https:\/\/usagers-transports.haut-allier.eu\/index.php\/wp-json\/wp\/v2\/categories?post=851"},{"taxonomy":"post_tag","embeddable":true,"href":"https:\/\/usagers-transports.haut-allier.eu\/index.php\/wp-json\/wp\/v2\/tags?post=851"}],"curies":[{"name":"wp","href":"https:\/\/api.w.org\/{rel}","templated":true}]}}