{"id":852,"date":"2022-02-21T14:43:52","date_gmt":"2022-02-21T13:43:52","guid":{"rendered":"http:\/\/5.45.101.177\/haut-allier\/usagers-transportse\/index.php\/2022\/02\/21\/ligne-du-cevenol-durant-la-coupure852\/"},"modified":"2022-02-21T14:43:52","modified_gmt":"2022-02-21T13:43:52","slug":"ligne-du-cevenol-durant-la-coupure852","status":"publish","type":"post","link":"https:\/\/usagers-transports.haut-allier.eu\/index.php\/2022\/02\/21\/ligne-du-cevenol-durant-la-coupure852\/","title":{"rendered":"Ligne du C\u00e9venol : durant la coupure 2022 pour travaux minibus et Taxis \u00e0 la demande"},"content":{"rendered":"<p><strong>Pendant les travaux du 28 mars au 17 juin prochain<\/strong> nous venons d&rsquo;avoir l&rsquo;assurance par la direction TER Auvergne Rh\u00f4ne Alpes de SNCF Voyageurs que le syst\u00e8me de substitutions install\u00e9 l&rsquo;an dernier qui avait satisfait les usagers \u00e9tait reconduit.<br \/>\n&nbsp;<br \/>\nAinsi un Aller Retour en minibus sera mis sur la matin\u00e9e pour substituer les TER AURA entre Brioude et Langogne.<br \/>\n&nbsp;<br \/>\nPour les TER Occitanie c&rsquo;est du TAD, taxi \u00e0 la demande, qui sera propos\u00e9 entre Brioude et Langeac sur le milieu de journ\u00e9e et la soir\u00e9e. Attention r\u00e9server la veille, voir la fiche.<br \/>\n&nbsp;<br \/>\nEnsuite en fonction des p\u00e9riodes et des diff\u00e9rentes phases travaux on retrouvera des autocars classiques entre Clermont Ferrand et N\u00eemes de bout en bout ou partiellement en correspondance avec les trains.<br \/>\n&nbsp;<br \/>\nVoici en pi\u00e8ce jointe une premi\u00e8re affiche travaux pour la ligne (Merci \u00e0 Raoul PERA du P\u00f4le D\u00e9veloppement de la Mobilit\u00e9 SNCF \u00e0 Clermont)<br \/>\n&nbsp;<br \/>\n<img loading=\"lazy\" decoding=\"async\" class=\" aligncenter size-full wp-image-3632\" src=\"http:\/\/5.45.101.177\/haut-allier\/usagers-transportse\/wp-content\/uploads\/2022\/02\/fiche-trvx-lignecev-2022-a.jpg\" alt=\"fiche-trvx-lignecev-2022-a.jpg\" align=\"center\" width=\"1301\" height=\"1863\" srcset=\"https:\/\/usagers-transports.haut-allier.eu\/wp-content\/uploads\/2022\/02\/fiche-trvx-lignecev-2022-a.jpg 1301w, https:\/\/usagers-transports.haut-allier.eu\/wp-content\/uploads\/2022\/02\/fiche-trvx-lignecev-2022-a-210x300.jpg 210w, https:\/\/usagers-transports.haut-allier.eu\/wp-content\/uploads\/2022\/02\/fiche-trvx-lignecev-2022-a-715x1024.jpg 715w, https:\/\/usagers-transports.haut-allier.eu\/wp-content\/uploads\/2022\/02\/fiche-trvx-lignecev-2022-a-768x1100.jpg 768w, https:\/\/usagers-transports.haut-allier.eu\/wp-content\/uploads\/2022\/02\/fiche-trvx-lignecev-2022-a-1073x1536.jpg 1073w\" sizes=\"auto, (max-width: 1301px) 100vw, 1301px\" \/><br \/>\n&nbsp;<br \/>\n<img loading=\"lazy\" decoding=\"async\" class=\" aligncenter size-full wp-image-3633\" src=\"http:\/\/5.45.101.177\/haut-allier\/usagers-transportse\/wp-content\/uploads\/2022\/02\/fiche-trvx-lignecev-2022-b.jpg\" alt=\"fiche-trvx-lignecev-2022-b.jpg\" align=\"center\" width=\"1287\" height=\"1820\" srcset=\"https:\/\/usagers-transports.haut-allier.eu\/wp-content\/uploads\/2022\/02\/fiche-trvx-lignecev-2022-b.jpg 1287w, https:\/\/usagers-transports.haut-allier.eu\/wp-content\/uploads\/2022\/02\/fiche-trvx-lignecev-2022-b-212x300.jpg 212w, https:\/\/usagers-transports.haut-allier.eu\/wp-content\/uploads\/2022\/02\/fiche-trvx-lignecev-2022-b-724x1024.jpg 724w, https:\/\/usagers-transports.haut-allier.eu\/wp-content\/uploads\/2022\/02\/fiche-trvx-lignecev-2022-b-768x1086.jpg 768w, https:\/\/usagers-transports.haut-allier.eu\/wp-content\/uploads\/2022\/02\/fiche-trvx-lignecev-2022-b-1086x1536.jpg 1086w\" sizes=\"auto, (max-width: 1287px) 100vw, 1287px\" \/><br \/>\n&nbsp;<br \/>\nEt en PDF :<br \/>\n&nbsp;<br \/>\n<a href=\"http:\/\/5.45.101.177\/haut-allier\/usagers-transportse\/wp-content\/uploads\/2022\/02\/08_aff_du_28-03_au_18-04-et-du_13-05_au_17-06-version_du_02-02-22_tcm72-307188_tcm72-307187.pdf\">08_aff_du_28-03_au_18-04-et-du_13-05_au_17-06-version_du_02-02-22_tcm72-307188_tcm72-307187.pdf<\/a><br \/>\n&nbsp;<\/p>\n","protected":false},"excerpt":{"rendered":"<p>Pendant les travaux du 28 mars au 17 juin prochain nous venons d&rsquo;avoir l&rsquo;assurance par la direction TER<\/p>\n","protected":false},"author":1,"featured_media":3631,"comment_status":"open","ping_status":"open","sticky":false,"template":"","format":"standard","meta":{"footnotes":""},"categories":[2],"tags":[],"class_list":["post-852","post","type-post","status-publish","format-standard","has-post-thumbnail","hentry","category-infos"],"_links":{"self":[{"href":"https:\/\/usagers-transports.haut-allier.eu\/index.php\/wp-json\/wp\/v2\/posts\/852","targetHints":{"allow":["GET"]}}],"collection":[{"href":"https:\/\/usagers-transports.haut-allier.eu\/index.php\/wp-json\/wp\/v2\/posts"}],"about":[{"href":"https:\/\/usagers-transports.haut-allier.eu\/index.php\/wp-json\/wp\/v2\/types\/post"}],"author":[{"embeddable":true,"href":"https:\/\/usagers-transports.haut-allier.eu\/index.php\/wp-json\/wp\/v2\/users\/1"}],"replies":[{"embeddable":true,"href":"https:\/\/usagers-transports.haut-allier.eu\/index.php\/wp-json\/wp\/v2\/comments?post=852"}],"version-history":[{"count":0,"href":"https:\/\/usagers-transports.haut-allier.eu\/index.php\/wp-json\/wp\/v2\/posts\/852\/revisions"}],"wp:featuredmedia":[{"embeddable":true,"href":"https:\/\/usagers-transports.haut-allier.eu\/index.php\/wp-json\/wp\/v2\/media\/3631"}],"wp:attachment":[{"href":"https:\/\/usagers-transports.haut-allier.eu\/index.php\/wp-json\/wp\/v2\/media?parent=852"}],"wp:term":[{"taxonomy":"category","embeddable":true,"href":"https:\/\/usagers-transports.haut-allier.eu\/index.php\/wp-json\/wp\/v2\/categories?post=852"},{"taxonomy":"post_tag","embeddable":true,"href":"https:\/\/usagers-transports.haut-allier.eu\/index.php\/wp-json\/wp\/v2\/tags?post=852"}],"curies":[{"name":"wp","href":"https:\/\/api.w.org\/{rel}","templated":true}]}}