{"id":853,"date":"2022-02-21T14:55:30","date_gmt":"2022-02-21T13:55:30","guid":{"rendered":"http:\/\/5.45.101.177\/haut-allier\/usagers-transportse\/index.php\/2022\/02\/21\/trains-de-nuit-dans-le-massif853\/"},"modified":"2026-09-01T15:58:40","modified_gmt":"2026-09-01T13:58:40","slug":"trains-de-nuit-dans-le-massif853","status":"publish","type":"post","link":"https:\/\/usagers-transports.haut-allier.eu\/index.php\/2022\/02\/21\/trains-de-nuit-dans-le-massif853\/","title":{"rendered":"Trains de nuit dans le Massif central : les usagers et les \u00e9lus demandent au gouvernement d&rsquo;aller plus loin"},"content":{"rendered":"Dans un communiqu\u00e9 de presse diffus\u00e9 ce jour le collectif Oui au Train de Nuit C\u00e9vennes Auvergne r\u00e9affirme sa demande d&rsquo;un train de nuit Paris Clermont Ferrand puis tri-branche vers Aurillac B\u00e9ziers et N\u00eemes pour une couverture compl\u00e8te de tout le massif central. En voici le texte :\n&nbsp;\n\n[(\nCOMMUNIQUE DE PRESSE\n&nbsp;\n21 f\u00e9vrier 2022\n&nbsp;\n<strong>LA DESSERTE DU MASSIF CENTRAL EN TRAIN DE NUIT PROPOSEE PAR LE GOUVERNEMENT EST A COMPLETER PAR UN NOUVEAU TRAIN A DEUX BRANCHES SUPPLEMENTAIRES<\/strong>\n&nbsp;\nAlors qu\u2019aujourd\u2019hui et demain est organis\u00e9 au Bourget, dans le cadre de la pr\u00e9sidence fran\u00e7aise de l&rsquo;UE, un conseil informel des ministres des transports europ\u00e9ens autour du train de nuit \u00e0 l\u2019occasion du colloque du 23 f\u00e9vrier sur \u00ab\u00a0Le renouveau des trains de nuit en Europe\u00a0\u00bb, et qu\u2019est publi\u00e9e la carte mise \u00e0 jour des projets gouvernementaux des lignes de TDN \u00e0 l\u2019horizon 2030\n&nbsp;\nhttps:\/\/www.ecologie.gouv.fr\/train-nuit\n&nbsp;\nle Collectif Oui au Train de nuit C\u00e9vennes Auvergne qui regroupe :\n&nbsp;\n&#8211; l\u2019association des usagers SNCF du Gard et des d\u00e9partements limitrophes,\n&#8211; le Comit\u00e9 de d\u00e9fense des services publics en Hautes C\u00e9vennes\n&#8211; le Comit\u00e9 de d\u00e9fense de la gare de Villefort\n&#8211; le Collectif des usagers des transports du Haut Allier\n&#8211; l\u2019association des \u00e9lus pour la d\u00e9fense de la ligne du train C\u00e9venol\n&nbsp;\n<strong>veut dire avec force qu\u2019il souhaite pour le Massif central une desserte compl\u00e8te \u00e0 l\u2019aide d\u2019un train de nuit direct Paris M\u00e9diterran\u00e9e via Clermont-Ferrand puis (tri) ou bi-branche vers (Aurillac) \/ B\u00e9ziers \/ N\u00eemes. La solution palliative propos\u00e9e, de desserte de Clermont-Ferrand vers Paris via Brive en sud Corr\u00e8ze ne peut \u00eatre que transitoire. Le tri-branche que nous pr\u00f4nons fut pr\u00e9f\u00e9r\u00e9 par la SNCF jusqu\u2019en 2003.<\/strong>\n&nbsp;\nNous avons d\u00e9j\u00e0 exprim\u00e9 cette position \u00e0 de nombreuses reprises, elle est aussi celle des 39 communes de la ligne des C\u00e9vennes ayant vot\u00e9 une motion en ce sens, elle est aussi celle de la R\u00e9gion Occitanie, elle est aussi celle des d\u00e9put\u00e9s concern\u00e9s de Loz\u00e8re, de Haute-Loire et du Puy-de-D\u00f4me qui tous se sont exprim\u00e9s en ce sens.\n\n)]\n\n\n<p>&nbsp;<\/p>\n\n\t<figure class=\"wp-block-gallery columns-1 is-cropped wp-block-gallery-1 is-layout-flex wp-block-gallery-is-layout-flex\">\n\t\t<ul class=\"blocks-gallery-grid\">\n\t\t\t<li class=\"blocks-gallery-item\">\n\t\t\t\t<figure>\n\t\t\t\t\t\t\t\t\t\t\t<img loading=\"lazy\" decoding=\"async\" width=\"1057\" height=\"1496\" src=\"http:\/\/5.45.101.177\/haut-allier\/usagers-transportse\/wp-content\/uploads\/2022\/02\/cp-ouiautraindenuit-cevennes-auvergne-21fevrier2022-tw.jpg\"\n\t\t\t\t\t\t alt=\"cp-ouiautraindenuit-cevennes-auvergne-21fevrier2022-tw.jpg\"\n\t\t\t\t\t\t data-id=\"3636\"\n\t\t\t\t\t\t data-full-url=\"http:\/\/5.45.101.177\/haut-allier\/usagers-transportse\/wp-content\/uploads\/2022\/02\/cp-ouiautraindenuit-cevennes-auvergne-21fevrier2022-tw.jpg\"\n\t\t\t\t\t\t data-link=\"http:\/\/5.45.101.177\/haut-allier\/usagers-transportse\/attachment-cp-ouiautraindenuit-cevennes-auvergne-21fevrier2022-tw-jpg\/\"\n\t\t\t\t\t\t class=\"wp-image-3636\" srcset=\"https:\/\/usagers-transports.haut-allier.eu\/wp-content\/uploads\/2022\/02\/cp-ouiautraindenuit-cevennes-auvergne-21fevrier2022-tw.jpg 1057w, https:\/\/usagers-transports.haut-allier.eu\/wp-content\/uploads\/2022\/02\/cp-ouiautraindenuit-cevennes-auvergne-21fevrier2022-tw-212x300.jpg 212w, https:\/\/usagers-transports.haut-allier.eu\/wp-content\/uploads\/2022\/02\/cp-ouiautraindenuit-cevennes-auvergne-21fevrier2022-tw-724x1024.jpg 724w, https:\/\/usagers-transports.haut-allier.eu\/wp-content\/uploads\/2022\/02\/cp-ouiautraindenuit-cevennes-auvergne-21fevrier2022-tw-768x1087.jpg 768w\" sizes=\"auto, (max-width: 1057px) 100vw, 1057px\" \/>\n\t\t\t\t<\/figure>\n\t\t\t<\/li>\n\t\t<\/ul>\n\t<\/figure>\n","protected":false},"excerpt":{"rendered":"<p>Dans un communiqu\u00e9 de presse diffus\u00e9 ce jour le collectif Oui au Train de Nuit C\u00e9vennes Auvergne r\u00e9affirme<\/p>\n","protected":false},"author":1,"featured_media":3635,"comment_status":"open","ping_status":"open","sticky":false,"template":"","format":"standard","meta":{"footnotes":""},"categories":[2],"tags":[],"class_list":["post-853","post","type-post","status-publish","format-standard","has-post-thumbnail","hentry","category-infos"],"_links":{"self":[{"href":"https:\/\/usagers-transports.haut-allier.eu\/index.php\/wp-json\/wp\/v2\/posts\/853","targetHints":{"allow":["GET"]}}],"collection":[{"href":"https:\/\/usagers-transports.haut-allier.eu\/index.php\/wp-json\/wp\/v2\/posts"}],"about":[{"href":"https:\/\/usagers-transports.haut-allier.eu\/index.php\/wp-json\/wp\/v2\/types\/post"}],"author":[{"embeddable":true,"href":"https:\/\/usagers-transports.haut-allier.eu\/index.php\/wp-json\/wp\/v2\/users\/1"}],"replies":[{"embeddable":true,"href":"https:\/\/usagers-transports.haut-allier.eu\/index.php\/wp-json\/wp\/v2\/comments?post=853"}],"version-history":[{"count":1,"href":"https:\/\/usagers-transports.haut-allier.eu\/index.php\/wp-json\/wp\/v2\/posts\/853\/revisions"}],"predecessor-version":[{"id":3637,"href":"https:\/\/usagers-transports.haut-allier.eu\/index.php\/wp-json\/wp\/v2\/posts\/853\/revisions\/3637"}],"wp:featuredmedia":[{"embeddable":true,"href":"https:\/\/usagers-transports.haut-allier.eu\/index.php\/wp-json\/wp\/v2\/media\/3635"}],"wp:attachment":[{"href":"https:\/\/usagers-transports.haut-allier.eu\/index.php\/wp-json\/wp\/v2\/media?parent=853"}],"wp:term":[{"taxonomy":"category","embeddable":true,"href":"https:\/\/usagers-transports.haut-allier.eu\/index.php\/wp-json\/wp\/v2\/categories?post=853"},{"taxonomy":"post_tag","embeddable":true,"href":"https:\/\/usagers-transports.haut-allier.eu\/index.php\/wp-json\/wp\/v2\/tags?post=853"}],"curies":[{"name":"wp","href":"https:\/\/api.w.org\/{rel}","templated":true}]}}