{"id":855,"date":"2022-03-04T08:35:30","date_gmt":"2022-03-04T07:35:30","guid":{"rendered":"http:\/\/5.45.101.177\/haut-allier\/usagers-transportse\/index.php\/2022\/03\/04\/retour-de-la-ligne-clermont855\/"},"modified":"2022-03-04T08:35:30","modified_gmt":"2022-03-04T07:35:30","slug":"retour-de-la-ligne-clermont855","status":"publish","type":"post","link":"https:\/\/usagers-transports.haut-allier.eu\/index.php\/2022\/03\/04\/retour-de-la-ligne-clermont855\/","title":{"rendered":"Retour de la ligne Clermont-Ferrand Thiers Saint-Etienne : Grande Marche les 26 et 27 mars"},"content":{"rendered":"<p>La r\u00e9ouverture de la liaison ferroviaire Thiers \u2013 Bo\u00ebn est une n\u00e9cessit\u00e9 pour un million d\u2019habitants pour ses besoins en d\u00e9placements quotidiens entre Lyon \u2013 St-\u00c9tienne \u2013 Bo\u00ebn \u2013 Thiers \u2013 Clermont-Ferrand.<br \/>\n&nbsp;<br \/>\nLa suspension de la ligne d\u00e9cr\u00e9t\u00e9e par la Sncf pour non entretien est une aberration dont souffre les entreprises pour leur fret et les habitants d\u00e9pourvus de moyens de d\u00e9placements tels les \u00e9tudiants, les personnes \u00e2g\u00e9es ainsi que les adeptes d\u2019une mobilit\u00e9 douce, moins impactante sur l\u2019environnement.<br \/>\n&nbsp;<br \/>\nLes samedi 26 et dimanche 27 mars prochain aura lieu La Grande Marche citoyenne pour demander son retour urgent. Seule la R\u00e9gion Auvergne Rh\u00f4ne Alpes peut l&rsquo;initier.<br \/>\n&nbsp;<br \/>\nDe Clermont-Ferrand, de Saint-Etienne, de Thiers, de Bo\u00ebn et de toutes les gares du tron\u00e7on suspendu partiront les citoyens pour se r\u00e9unir \u00e0 Noir\u00e9table le dimanche \u00e0 13h30 o\u00f9 sera organis\u00e9e avec leur arriv\u00e9e une grande cha\u00eene humaine.<br \/>\n&nbsp;<br \/>\nFestivit\u00e9s et animations auront lieu dans toutes les gares du parcours.<br \/>\n&nbsp;<br \/>\nLe programme en d\u00e9tail avec nos amis de <a href=\"https:\/\/letrain634269.org\/\"><em>Letrain634260<\/em><\/a> :<br \/>\n&nbsp;<br \/>\n<img loading=\"lazy\" decoding=\"async\" class=\" aligncenter size-full wp-image-3638\" src=\"http:\/\/5.45.101.177\/haut-allier\/usagers-transportse\/wp-content\/uploads\/2022\/03\/la-grande-marche-du-train-definitif-04-03-2022-v2_lite-1.jpg\" alt=\"la-grande-marche-du-train-definitif-04-03-2022-v2_lite-1.jpg\" align=\"center\" width=\"1124\" height=\"1590\" srcset=\"https:\/\/usagers-transports.haut-allier.eu\/wp-content\/uploads\/2022\/03\/la-grande-marche-du-train-definitif-04-03-2022-v2_lite-1.jpg 1124w, https:\/\/usagers-transports.haut-allier.eu\/wp-content\/uploads\/2022\/03\/la-grande-marche-du-train-definitif-04-03-2022-v2_lite-1-212x300.jpg 212w, https:\/\/usagers-transports.haut-allier.eu\/wp-content\/uploads\/2022\/03\/la-grande-marche-du-train-definitif-04-03-2022-v2_lite-1-724x1024.jpg 724w, https:\/\/usagers-transports.haut-allier.eu\/wp-content\/uploads\/2022\/03\/la-grande-marche-du-train-definitif-04-03-2022-v2_lite-1-768x1086.jpg 768w, https:\/\/usagers-transports.haut-allier.eu\/wp-content\/uploads\/2022\/03\/la-grande-marche-du-train-definitif-04-03-2022-v2_lite-1-1086x1536.jpg 1086w\" sizes=\"auto, (max-width: 1124px) 100vw, 1124px\" \/><br \/>\n&nbsp;<br \/>\n<img loading=\"lazy\" decoding=\"async\" class=\" aligncenter size-full wp-image-3639\" src=\"http:\/\/5.45.101.177\/haut-allier\/usagers-transportse\/wp-content\/uploads\/2022\/03\/la-grande-marche-du-train-definitif-04-03-2022-v2_lite-2.jpg\" alt=\"la-grande-marche-du-train-definitif-04-03-2022-v2_lite-2.jpg\" align=\"center\" width=\"1124\" height=\"1590\" srcset=\"https:\/\/usagers-transports.haut-allier.eu\/wp-content\/uploads\/2022\/03\/la-grande-marche-du-train-definitif-04-03-2022-v2_lite-2.jpg 1124w, https:\/\/usagers-transports.haut-allier.eu\/wp-content\/uploads\/2022\/03\/la-grande-marche-du-train-definitif-04-03-2022-v2_lite-2-212x300.jpg 212w, https:\/\/usagers-transports.haut-allier.eu\/wp-content\/uploads\/2022\/03\/la-grande-marche-du-train-definitif-04-03-2022-v2_lite-2-724x1024.jpg 724w, https:\/\/usagers-transports.haut-allier.eu\/wp-content\/uploads\/2022\/03\/la-grande-marche-du-train-definitif-04-03-2022-v2_lite-2-768x1086.jpg 768w, https:\/\/usagers-transports.haut-allier.eu\/wp-content\/uploads\/2022\/03\/la-grande-marche-du-train-definitif-04-03-2022-v2_lite-2-1086x1536.jpg 1086w\" sizes=\"auto, (max-width: 1124px) 100vw, 1124px\" \/><br \/>\n&nbsp;<br \/>\n<img loading=\"lazy\" decoding=\"async\" class=\" aligncenter size-full wp-image-3640\" src=\"http:\/\/5.45.101.177\/haut-allier\/usagers-transportse\/wp-content\/uploads\/2022\/03\/la-grande-marche-du-train-definitif-04-03-2022-v2_lite-3.jpg\" alt=\"la-grande-marche-du-train-definitif-04-03-2022-v2_lite-3.jpg\" align=\"center\" width=\"1124\" height=\"1590\" srcset=\"https:\/\/usagers-transports.haut-allier.eu\/wp-content\/uploads\/2022\/03\/la-grande-marche-du-train-definitif-04-03-2022-v2_lite-3.jpg 1124w, https:\/\/usagers-transports.haut-allier.eu\/wp-content\/uploads\/2022\/03\/la-grande-marche-du-train-definitif-04-03-2022-v2_lite-3-212x300.jpg 212w, https:\/\/usagers-transports.haut-allier.eu\/wp-content\/uploads\/2022\/03\/la-grande-marche-du-train-definitif-04-03-2022-v2_lite-3-724x1024.jpg 724w, https:\/\/usagers-transports.haut-allier.eu\/wp-content\/uploads\/2022\/03\/la-grande-marche-du-train-definitif-04-03-2022-v2_lite-3-768x1086.jpg 768w, https:\/\/usagers-transports.haut-allier.eu\/wp-content\/uploads\/2022\/03\/la-grande-marche-du-train-definitif-04-03-2022-v2_lite-3-1086x1536.jpg 1086w\" sizes=\"auto, (max-width: 1124px) 100vw, 1124px\" \/><br \/>\n&nbsp;<br \/>\n<img loading=\"lazy\" decoding=\"async\" class=\" aligncenter size-full wp-image-3641\" src=\"http:\/\/5.45.101.177\/haut-allier\/usagers-transportse\/wp-content\/uploads\/2022\/03\/la-grande-marche-du-train-definitif-04-03-2022-v2_lite-4.jpg\" alt=\"la-grande-marche-du-train-definitif-04-03-2022-v2_lite-4.jpg\" align=\"center\" width=\"1124\" height=\"1590\" srcset=\"https:\/\/usagers-transports.haut-allier.eu\/wp-content\/uploads\/2022\/03\/la-grande-marche-du-train-definitif-04-03-2022-v2_lite-4.jpg 1124w, https:\/\/usagers-transports.haut-allier.eu\/wp-content\/uploads\/2022\/03\/la-grande-marche-du-train-definitif-04-03-2022-v2_lite-4-212x300.jpg 212w, https:\/\/usagers-transports.haut-allier.eu\/wp-content\/uploads\/2022\/03\/la-grande-marche-du-train-definitif-04-03-2022-v2_lite-4-724x1024.jpg 724w, https:\/\/usagers-transports.haut-allier.eu\/wp-content\/uploads\/2022\/03\/la-grande-marche-du-train-definitif-04-03-2022-v2_lite-4-768x1086.jpg 768w, https:\/\/usagers-transports.haut-allier.eu\/wp-content\/uploads\/2022\/03\/la-grande-marche-du-train-definitif-04-03-2022-v2_lite-4-1086x1536.jpg 1086w\" sizes=\"auto, (max-width: 1124px) 100vw, 1124px\" \/><br \/>\n&nbsp;<br \/>\nEgalement en <a href=\"https:\/\/letrain634269.org\/wp-content\/uploads\/2022\/03\/LA-GRANDE-MARCHE-DU-TRAIN-DEFINITIF-04-03-2022-V2_lite.pdf\"><strong>PDF<\/strong><\/a>.<br \/>\n&nbsp;<br \/>\nInscriptions possibles, contact sur les flyers ci-dessus.<\/p>\n","protected":false},"excerpt":{"rendered":"<p>La r\u00e9ouverture de la liaison ferroviaire Thiers \u2013 Bo\u00ebn est une n\u00e9cessit\u00e9 pour un million d\u2019habitants pour ses<\/p>\n","protected":false},"author":1,"featured_media":3642,"comment_status":"open","ping_status":"open","sticky":false,"template":"","format":"standard","meta":{"footnotes":""},"categories":[5],"tags":[],"class_list":["post-855","post","type-post","status-publish","format-standard","has-post-thumbnail","hentry","category-ensemble"],"_links":{"self":[{"href":"https:\/\/usagers-transports.haut-allier.eu\/index.php\/wp-json\/wp\/v2\/posts\/855","targetHints":{"allow":["GET"]}}],"collection":[{"href":"https:\/\/usagers-transports.haut-allier.eu\/index.php\/wp-json\/wp\/v2\/posts"}],"about":[{"href":"https:\/\/usagers-transports.haut-allier.eu\/index.php\/wp-json\/wp\/v2\/types\/post"}],"author":[{"embeddable":true,"href":"https:\/\/usagers-transports.haut-allier.eu\/index.php\/wp-json\/wp\/v2\/users\/1"}],"replies":[{"embeddable":true,"href":"https:\/\/usagers-transports.haut-allier.eu\/index.php\/wp-json\/wp\/v2\/comments?post=855"}],"version-history":[{"count":0,"href":"https:\/\/usagers-transports.haut-allier.eu\/index.php\/wp-json\/wp\/v2\/posts\/855\/revisions"}],"wp:featuredmedia":[{"embeddable":true,"href":"https:\/\/usagers-transports.haut-allier.eu\/index.php\/wp-json\/wp\/v2\/media\/3642"}],"wp:attachment":[{"href":"https:\/\/usagers-transports.haut-allier.eu\/index.php\/wp-json\/wp\/v2\/media?parent=855"}],"wp:term":[{"taxonomy":"category","embeddable":true,"href":"https:\/\/usagers-transports.haut-allier.eu\/index.php\/wp-json\/wp\/v2\/categories?post=855"},{"taxonomy":"post_tag","embeddable":true,"href":"https:\/\/usagers-transports.haut-allier.eu\/index.php\/wp-json\/wp\/v2\/tags?post=855"}],"curies":[{"name":"wp","href":"https:\/\/api.w.org\/{rel}","templated":true}]}}