{"id":856,"date":"2022-03-05T15:21:03","date_gmt":"2022-03-05T14:21:03","guid":{"rendered":"http:\/\/5.45.101.177\/haut-allier\/usagers-transportse\/index.php\/2022\/03\/05\/ligne-des-cevennes-le-4eme-ter-de856\/"},"modified":"2026-09-01T15:58:42","modified_gmt":"2026-09-01T13:58:42","slug":"ligne-des-cevennes-le-4eme-ter-de856","status":"publish","type":"post","link":"https:\/\/usagers-transports.haut-allier.eu\/index.php\/2022\/03\/05\/ligne-des-cevennes-le-4eme-ter-de856\/","title":{"rendered":"Ligne des C\u00e9vennes : le 4\u00e8me TER de l&rsquo;\u00e9t\u00e9 maintenu et \u00e9tendu en 2022"},"content":{"rendered":"La circulation d&rsquo;un TER suppl\u00e9mentaire les week-end d&rsquo;\u00e9t\u00e9 d\u00e9but\u00e9e l&rsquo;an dernier est renouvell\u00e9e pour 2022 avec une p\u00e9riode \u00e9tendue du 18 juin au 11 septembre. Le train n&rsquo;est pas direct puisqu&rsquo;une courte correspondance \u00e0 Langogne est n\u00e9cessaire.\n&nbsp;\n<img loading=\"lazy\" decoding=\"async\" class=\" aligncenter size-full wp-image-3644\" src=\"http:\/\/5.45.101.177\/haut-allier\/usagers-transportse\/wp-content\/uploads\/2022\/03\/4eme-a.jpg\" alt=\"4eme-a.jpg\" align=\"center\" width=\"650\" height=\"184\" srcset=\"https:\/\/usagers-transports.haut-allier.eu\/wp-content\/uploads\/2022\/03\/4eme-a.jpg 650w, https:\/\/usagers-transports.haut-allier.eu\/wp-content\/uploads\/2022\/03\/4eme-a-300x85.jpg 300w\" sizes=\"auto, (max-width: 650px) 100vw, 650px\" \/>\n\n<img loading=\"lazy\" decoding=\"async\" class=\" aligncenter size-full wp-image-3645\" src=\"http:\/\/5.45.101.177\/haut-allier\/usagers-transportse\/wp-content\/uploads\/2022\/03\/4eme-b.jpg\" alt=\"4eme-b.jpg\" align=\"center\" width=\"650\" height=\"167\" srcset=\"https:\/\/usagers-transports.haut-allier.eu\/wp-content\/uploads\/2022\/03\/4eme-b.jpg 650w, https:\/\/usagers-transports.haut-allier.eu\/wp-content\/uploads\/2022\/03\/4eme-b-300x77.jpg 300w\" sizes=\"auto, (max-width: 650px) 100vw, 650px\" \/>\n&nbsp;\n<strong>Egalement un nouveau TER Langogne Al\u00e8s est ajout\u00e9.<\/strong>\n&nbsp;\nSur la ligne Neussargues &#8211; B\u00e9ziers 2 arr\u00eats suppl\u00e9mentaires en gare du Monastier :\n\n<img loading=\"lazy\" decoding=\"async\" class=\" aligncenter size-full wp-image-3646\" src=\"http:\/\/5.45.101.177\/haut-allier\/usagers-transportse\/wp-content\/uploads\/2022\/03\/monastierp.jpg\" alt=\"monastierp.jpg\" align=\"center\" width=\"700\" height=\"87\" srcset=\"https:\/\/usagers-transports.haut-allier.eu\/wp-content\/uploads\/2022\/03\/monastierp.jpg 700w, https:\/\/usagers-transports.haut-allier.eu\/wp-content\/uploads\/2022\/03\/monastierp-300x37.jpg 300w\" sizes=\"auto, (max-width: 700px) 100vw, 700px\" \/>\n\nC&rsquo;est Michel Dulerm chef de la Direction Mobilit\u00e9s, infrastructures et d\u00e9veloppement de la r\u00e9gion Occitanie qui l&rsquo;a annonc\u00e9 lors de la r\u00e9union du dernier Comit\u00e9 de Mobilit\u00e9 du d\u00e9partement de la Loz\u00e8re. \n&nbsp;\n[fond noir][blanc]Ce Comit\u00e9 de mobilit\u00e9s Loz\u00e8re plus en d\u00e9tails[\/blanc][\/fond noir]\n&nbsp;\nLa loi LOM impose aux r\u00e9gions de cr\u00e9er des \u00ab\u00a0bassins de mobilit\u00e9\u00a0\u00bb. L&rsquo;ensemble des intervenants souhaiterait que la Loz\u00e8re ne constitue qu&rsquo;un seul bassin.\n&nbsp;\n<img loading=\"lazy\" decoding=\"async\" class=\" aligncenter size-full wp-image-3647\" src=\"http:\/\/5.45.101.177\/haut-allier\/usagers-transportse\/wp-content\/uploads\/2022\/03\/morecellements.jpg\" alt=\"morecellements.jpg\" align=\"center\" width=\"638\" height=\"700\" srcset=\"https:\/\/usagers-transports.haut-allier.eu\/wp-content\/uploads\/2022\/03\/morecellements.jpg 638w, https:\/\/usagers-transports.haut-allier.eu\/wp-content\/uploads\/2022\/03\/morecellements-273x300.jpg 273w\" sizes=\"auto, (max-width: 638px) 100vw, 638px\" \/>\n&nbsp;\nEst abord\u00e9 ensuite le manque de conducteurs de bus : 6 postes sont manquants en Loz\u00e8re. Une probl\u00e9matique nationale.\n&nbsp;\nDesserte du dernier kilom\u00e8tre : pour nos r\u00e9gions rurales peu habit\u00e9es si le cadencement des transports, bus ou trains est tr\u00e8s difficile, la solution du taxi \u00e0 la demande TAD pour tous les publics est \u00e0 d\u00e9velopper. A noter que la r\u00e9gion compense les pertes aux entreprises de taxis \u00e0 hauteur de 70%.\n&nbsp;\nUn nouveau r\u00e8glement des transports scolaires verra le jour \u00e0 la rentr\u00e9e 2022. En Loz\u00e8re 3910 \u00e9l\u00e8ves b\u00e9n\u00e9ficient de la gratuit\u00e9 sur 4860 transport\u00e9s.\n&nbsp;\n<strong>Rappel du syst\u00e8me de gratuit\u00e9 \u00ab\u00a0+=0 \u00a0\u00bb de LIO &#8211; R\u00e9gion Occitanie pour les scolaires<\/strong>\n&nbsp;\nLa R\u00e9gion Occitanie et SNCF Voyageurs ont g\u00e9n\u00e9ralis\u00e9 en septembre dernier la gratuit\u00e9 des transports \u00e0 l\u2019usage, sur le r\u00e9seau de trains r\u00e9gionaux liO, pour les jeunes d&rsquo;Occitanie \u00e2g\u00e9s de 18 \u00e0 26 ans.\n&nbsp;\nLe principe est simple, \u00ab je voyage plus, je paye 0 \u00bb, et se mat\u00e9rialise par la cr\u00e9ation d&rsquo;un compte mobilit\u00e9 cr\u00e9dit\u00e9 au gr\u00e9 des voyages :\n\n&#8211; De 0 \u00e0 10 trajets : le jeune voyageur b\u00e9n\u00e9ficie de la tarification \u00e0 &#8211; 50% sans autre engagement n\u00e9cessaire de sa part\n&#8211; De 11 \u00e0 20 trajets : il voyage gratuitement;\n&#8211; De 21 \u00e0 30 trajets : il voyage toujours gratuitement et alimente la cagnotte qui lui permettra de b\u00e9n\u00e9ficier des premiers trajets offerts le mois suivant. R\u00e9sultat : d\u00e8s lors que le jeune fait un minimum de 30 trajets par mois, il voyage gratuitement toute l\u2019ann\u00e9e (\u00e0 ce jour, plus de 2\/3 des jeunes usagers inscrits dans la d\u00e9marche voyagent gratuitement).\n&nbsp;\nAvec d\u00e9j\u00e0 plus de 23 000 usagers de moins de 26 ans inscrits dans la formule de mobilit\u00e9 \u00ab + = 0 \u00bb, le nombre de jeunes voyageurs utilisant le r\u00e9seau de trains r\u00e9gionaux liO a augment\u00e9 de 35% (par rapport \u00e0 2019).\n&nbsp;\n<em>[source : communiqu\u00e9 r\u00e9gion Occitanie]<\/em>\n&nbsp;\n[fond noir][blanc]Les bus scolaires seront ouverts \u00e0 tous les publics[\/blanc][\/fond noir]\n&nbsp;\nEn Loz\u00e8re en tous cas sur Mende Marvejols et Mende Langogne. C&rsquo;est une demande forte des usagers que nous avons fait aussi \u00e0 la r\u00e9gion Auvergne Rh\u00f4ne Alpes et l\u00e0 malheureusement r\u00e9ponse \u00e9vasive.\n&nbsp;\n<strong>Le routier pas oubli\u00e9<\/strong>\n&nbsp;\nUn atelier participatif sur le sujet de la RN88 que la r\u00e9gion Occitanie veut reprendre \u00e0 l&rsquo;Etat aura lieu \u00e0 Mende le vendredi 11 mars, espace Jean Jaur\u00e8s, 10 rue Charles Morel. Ouvert \u00e0 tous.\n&nbsp;\n<em>[logo : deux TER Coradia Alstom de la r\u00e9gion Occitanie gare de Langogne en 2021 pour les 150 ans de la ligne]<\/em>\n\n\n<p>&nbsp;<\/p>\n\n\t<figure class=\"wp-block-gallery columns-1 is-cropped wp-block-gallery-1 is-layout-flex wp-block-gallery-is-layout-flex\">\n\t\t<ul class=\"blocks-gallery-grid\">\n\t\t\t<li class=\"blocks-gallery-item\">\n\t\t\t\t<figure>\n\t\t\t\t\t\t\t\t\t\t\t<img loading=\"lazy\" decoding=\"async\" width=\"1136\" height=\"142\" src=\"http:\/\/5.45.101.177\/haut-allier\/usagers-transportse\/wp-content\/uploads\/2022\/03\/monastier.jpg\"\n\t\t\t\t\t\t alt=\"monastier.jpg\"\n\t\t\t\t\t\t data-id=\"3648\"\n\t\t\t\t\t\t data-full-url=\"http:\/\/5.45.101.177\/haut-allier\/usagers-transportse\/wp-content\/uploads\/2022\/03\/monastier.jpg\"\n\t\t\t\t\t\t data-link=\"http:\/\/5.45.101.177\/haut-allier\/usagers-transportse\/attachment-monastier-jpg\/\"\n\t\t\t\t\t\t class=\"wp-image-3648\" srcset=\"https:\/\/usagers-transports.haut-allier.eu\/wp-content\/uploads\/2022\/03\/monastier.jpg 1136w, https:\/\/usagers-transports.haut-allier.eu\/wp-content\/uploads\/2022\/03\/monastier-300x38.jpg 300w, https:\/\/usagers-transports.haut-allier.eu\/wp-content\/uploads\/2022\/03\/monastier-1024x128.jpg 1024w, https:\/\/usagers-transports.haut-allier.eu\/wp-content\/uploads\/2022\/03\/monastier-768x96.jpg 768w\" sizes=\"auto, (max-width: 1136px) 100vw, 1136px\" \/>\n\t\t\t\t<\/figure>\n\t\t\t<\/li>\n\t\t<\/ul>\n\t<\/figure>\n","protected":false},"excerpt":{"rendered":"<p>La circulation d&rsquo;un TER suppl\u00e9mentaire les week-end d&rsquo;\u00e9t\u00e9 d\u00e9but\u00e9e l&rsquo;an dernier est renouvell\u00e9e pour 2022 avec une p\u00e9riode<\/p>\n","protected":false},"author":1,"featured_media":3643,"comment_status":"open","ping_status":"open","sticky":false,"template":"","format":"standard","meta":{"footnotes":""},"categories":[2],"tags":[],"class_list":["post-856","post","type-post","status-publish","format-standard","has-post-thumbnail","hentry","category-infos"],"_links":{"self":[{"href":"https:\/\/usagers-transports.haut-allier.eu\/index.php\/wp-json\/wp\/v2\/posts\/856","targetHints":{"allow":["GET"]}}],"collection":[{"href":"https:\/\/usagers-transports.haut-allier.eu\/index.php\/wp-json\/wp\/v2\/posts"}],"about":[{"href":"https:\/\/usagers-transports.haut-allier.eu\/index.php\/wp-json\/wp\/v2\/types\/post"}],"author":[{"embeddable":true,"href":"https:\/\/usagers-transports.haut-allier.eu\/index.php\/wp-json\/wp\/v2\/users\/1"}],"replies":[{"embeddable":true,"href":"https:\/\/usagers-transports.haut-allier.eu\/index.php\/wp-json\/wp\/v2\/comments?post=856"}],"version-history":[{"count":1,"href":"https:\/\/usagers-transports.haut-allier.eu\/index.php\/wp-json\/wp\/v2\/posts\/856\/revisions"}],"predecessor-version":[{"id":3649,"href":"https:\/\/usagers-transports.haut-allier.eu\/index.php\/wp-json\/wp\/v2\/posts\/856\/revisions\/3649"}],"wp:featuredmedia":[{"embeddable":true,"href":"https:\/\/usagers-transports.haut-allier.eu\/index.php\/wp-json\/wp\/v2\/media\/3643"}],"wp:attachment":[{"href":"https:\/\/usagers-transports.haut-allier.eu\/index.php\/wp-json\/wp\/v2\/media?parent=856"}],"wp:term":[{"taxonomy":"category","embeddable":true,"href":"https:\/\/usagers-transports.haut-allier.eu\/index.php\/wp-json\/wp\/v2\/categories?post=856"},{"taxonomy":"post_tag","embeddable":true,"href":"https:\/\/usagers-transports.haut-allier.eu\/index.php\/wp-json\/wp\/v2\/tags?post=856"}],"curies":[{"name":"wp","href":"https:\/\/api.w.org\/{rel}","templated":true}]}}