{"id":859,"date":"2022-03-11T13:05:20","date_gmt":"2022-03-11T12:05:20","guid":{"rendered":"http:\/\/5.45.101.177\/haut-allier\/usagers-transportse\/index.php\/2022\/03\/11\/lignes-ferroviaires-du-massif859\/"},"modified":"2022-03-11T13:05:20","modified_gmt":"2022-03-11T12:05:20","slug":"lignes-ferroviaires-du-massif859","status":"publish","type":"post","link":"https:\/\/usagers-transports.haut-allier.eu\/index.php\/2022\/03\/11\/lignes-ferroviaires-du-massif859\/","title":{"rendered":"Lignes ferroviaires du Massif central : fin de la modernisation en 2027 &#8211; 2028"},"content":{"rendered":"<p>Jean-Luc Gibelin, Vice-pr\u00e9sident charg\u00e9 des transports de la r\u00e9gion Occitanie nous a confi\u00e9 qu&rsquo;il pensait que l&rsquo;infrastructure ferroviaire du sud du Massif central serait modernis\u00e9e de fa\u00e7on p\u00e9renne, pour 2017, maximum 2028, et ce pour 15 \u00e0 30 ans.<br \/>\n&nbsp;<br \/>\nIl s&rsquo;agit bien des lignes Rodez &#8211; S\u00e9verac, de retour en 2025, B\u00e9ziers &#8211; Neussargues, N\u00eemes &#8211; Clermont-Ferrand et sa portion \u00ab\u00a0d\u00e9licate\u00a0\u00bb entre Langogne et Langeac, Labastide Puylaurent &#8211; Le Monastier, ainsi qu&rsquo;Arvant &#8211; Aurillac.<br \/>\n&nbsp;<br \/>\nEnfin des \u00e9ch\u00e9ances. Avec le retour d&rsquo;Al\u00e8s &#8211; Bess\u00e8ges, avec l&rsquo;ouverture aux voyageurs de la rive droite du Rh\u00f4ne, l&rsquo;est du Massif central va \u00eatre d\u00e9finitivement chamboul\u00e9. Il en aura fallu de la volont\u00e9 pour remettre en \u00e9tat et rouvrir toutes ces lignes, malgr\u00e9 les oppositions permanentes de SNCF et de l&rsquo;\u00e9tat. Normal dira-t-on, c&rsquo;est bien ces deux derniers qui ont sabot\u00e9 le r\u00e9seau ferr\u00e9 durant plus de 70 ans, rejetant les habitants d\u00e9pourvus de transports vers les m\u00e9tropoles mieux \u00e9quip\u00e9es.<br \/>\n&nbsp;<br \/>\n[fond rouge][blanc]<strong>La ligne de l&rsquo;Aubrac<\/strong>[\/blanc][\/fond rouge]<br \/>\n&nbsp;<br \/>\nTous les rails de type \u00ab\u00a0double champignon\u00a0\u00bb auront \u00e9t\u00e9 remplac\u00e9s en 2027.  Ci dessous pour exemple ce type de rail qui a \u00e9t\u00e9 \u00ab\u00a0retourn\u00e9\u00a0\u00bb \u00e0 cause de l&rsquo;usure bien visible :<br \/>\n&nbsp;<br \/>\n<img loading=\"lazy\" decoding=\"async\" class=\" aligncenter size-full wp-image-3653\" src=\"http:\/\/5.45.101.177\/haut-allier\/usagers-transportse\/wp-content\/uploads\/2022\/03\/rail_double_champignon_2.jpg\" alt=\"rail_double_champignon_2.jpg\" align=\"center\" width=\"392\" height=\"497\" srcset=\"https:\/\/usagers-transports.haut-allier.eu\/wp-content\/uploads\/2022\/03\/rail_double_champignon_2.jpg 392w, https:\/\/usagers-transports.haut-allier.eu\/wp-content\/uploads\/2022\/03\/rail_double_champignon_2-237x300.jpg 237w\" sizes=\"auto, (max-width: 392px) 100vw, 392px\" \/><br \/>\n&nbsp;<br \/>\nLes rails classiques c&rsquo;est plut\u00f4t ceci :<br \/>\n&nbsp;<br \/>\n<img loading=\"lazy\" decoding=\"async\" class=\" aligncenter size-full wp-image-3654\" src=\"http:\/\/5.45.101.177\/haut-allier\/usagers-transportse\/wp-content\/uploads\/2022\/03\/screenshot-www.setvf_.com-2022.03.11-10_05_56.jpg\" alt=\"screenshot-www.setvf.com-2022.03.11-10_05_56.jpg\" align=\"center\" width=\"681\" height=\"417\" srcset=\"https:\/\/usagers-transports.haut-allier.eu\/wp-content\/uploads\/2022\/03\/screenshot-www.setvf_.com-2022.03.11-10_05_56.jpg 681w, https:\/\/usagers-transports.haut-allier.eu\/wp-content\/uploads\/2022\/03\/screenshot-www.setvf_.com-2022.03.11-10_05_56-300x184.jpg 300w\" sizes=\"auto, (max-width: 681px) 100vw, 681px\" \/><br \/>\n&nbsp;<br \/>\n[fond rouge][blanc]<strong>Plus aucune raison pour qu&rsquo;une desserte correcte du Massif en train de nuit soit balay\u00e9e par Paris<\/strong>[\/blanc][\/fond rouge]<br \/>\n&nbsp;<br \/>\nOn le sait, et nous vous tenons au courant depuis plus d&rsquo;un an, le bureau d&rsquo;\u00e9tudes qui a \u00e9crit le rapport sur les trains Intercit\u00e9s de nuit pour le gouvernement pr\u00e9textait pour ne pas avoir propos\u00e9 une desserte du massif, la non p\u00e9rennit\u00e9 de l&rsquo;infrastructure des lignes Aubrac et des C\u00e9vennes. Alors qu&rsquo;il savait ou aurait d\u00fb savoir en s&rsquo;informant un peu que les lignes de train de nuit qu&rsquo;il mettait au point sur le papier ne verraient le jour qu&rsquo;entre 2025 et 2030, pour diff\u00e9rentes raisons dont l&rsquo;indisponibilit\u00e9 de voitures couchettes. Dont la commande \u00e0 ce jour n&rsquo;a d&rsquo;ailleurs toujours pas \u00e9t\u00e9 pass\u00e9e.<br \/>\n&nbsp;<br \/>\n<strong>Et donc, c&rsquo;est bien ce que nous reprochons au gouvernement qui a repris sans sourciller ce rapport, toutes les nouvelles lignes verront le jour au moment o\u00f9 l&rsquo;infrastructure du sud du massif central aura \u00e9t\u00e9 remise \u00e0 neuf.<\/strong><br \/>\n&nbsp;<br \/>\nLe pr\u00e9texte du mauvais \u00e9tat du r\u00e9seau ne tient plus. C&rsquo;est pour cela que tous les groupes de d\u00e9fense de nos lignes se sont r\u00e9unis pour d&rsquo;une part interpeller les candidats \u00e0 la pr\u00e9sidentielle (voir nos articles pr\u00e9c\u00e9dents) et d&rsquo;autre part appuyer d\u00e8s maintenant la demande d&rsquo;un train de nuit propre \u00e0 la desserte du Massif central, comme nous avons commenc\u00e9 \u00e0 le faire au collectif ici depuis deux ans, avec les \u00e9lus de terrain, d\u00e9put\u00e9s, s\u00e9nateurs, conseillers municipaux, et les charg\u00e9s des transports r\u00e9gionaux. Tous sont en phase, tous r\u00e9clament ce train tribranche avec s\u00e9paration ou regroupement \u00e0 Clermont-Ferrand, vers Aurillac, B\u00e9ziers et N\u00eemes.<br \/>\n&nbsp;<br \/>\n<em>Les groupes de d\u00e9fense du sud du Massif pr\u00e9sents \u00e0 la derni\u00e8re visio autour de Jean-Luc Gibelin, pour faire un point : Association des usagers du Gard et des d\u00e9partements limitrophes, Comit\u00e9 pluraliste de d\u00e9fense et de promotion de la ligne SNCF B\u00e9ziers-Neussargues, Comit\u00e9 de d\u00e9fense des services publics en Hautes-C\u00e9vennes, Association des \u00e9lus pour la d\u00e9fense de la ligne des C\u00e9vennes, Association Vive le Train C\u00e9venol (ex 150 ans de la ligne du train C\u00e9venol), Collectif des Usagers des Transports du Haut-Allier.<\/em><br \/>\n&nbsp;<br \/>\n<img loading=\"lazy\" decoding=\"async\" class=\" aligncenter size-full wp-image-3655\" src=\"http:\/\/5.45.101.177\/haut-allier\/usagers-transportse\/wp-content\/uploads\/2022\/03\/capture_d_ecran_2022-03-10_18-18-07.jpg\" alt=\"capture_d_ecran_2022-03-10_18-18-07.jpg\" align=\"center\" width=\"700\" height=\"441\" srcset=\"https:\/\/usagers-transports.haut-allier.eu\/wp-content\/uploads\/2022\/03\/capture_d_ecran_2022-03-10_18-18-07.jpg 700w, https:\/\/usagers-transports.haut-allier.eu\/wp-content\/uploads\/2022\/03\/capture_d_ecran_2022-03-10_18-18-07-300x189.jpg 300w\" sizes=\"auto, (max-width: 700px) 100vw, 700px\" \/><br \/>\n&nbsp;<br \/>\n[fond rouge][blanc]<strong>Les deux r\u00e9gions concern\u00e9es par nos lignes oeuvrent de concert<\/strong>[\/blanc][\/fond rouge]<br \/>\n&nbsp;<br \/>\nSur le dossier ferroviaire sud Massif central, les deux Vice-pr\u00e9sidents charg\u00e9s des transports en Auvergne Rh\u00f4ne Alpes, Fr\u00e9d\u00e9ric Aguilera, et son homologue d&rsquo;Occitanie fonctionnent en harmonie a rassur\u00e9 Jean-Luc Gibelin. Que ce soit sur les demandes communes \u00e0 l&rsquo;\u00e9tat de s&rsquo;impliquer beaucoup plus pour le cas Massif central, que ce soit aussi pour la r\u00e9g\u00e9n\u00e9ration du r\u00e9seau ou l&rsquo;am\u00e9lioration du service propos\u00e9e aux usagers.<br \/>\n&nbsp;<br \/>\nLes deux responsables des mobilit\u00e9s seront d&rsquo;ailleurs \u00e0 Clermont-Ferrand \u00e0 l&rsquo;h\u00f4tel de r\u00e9gion le lundi 25 avril prochain \u00e0 14h00 pour discuter de \u00ab\u00a0<strong>La ligne ferroviaire du C\u00e9venol repens\u00e9e dans un r\u00e9seau \u00e0 haut niveau de performances<\/strong>\u00ab\u00a0, l&rsquo;avenir de la ligne en quelque sorte autour de Vincent Kaufmann, Professeur de sociologie urbaine et d&rsquo;analyse des mobilit\u00e9s \u00e0 l&rsquo;\u00c9cole Polytechnique F\u00e9d\u00e9rale de Lausanne, Vice-doyen \u00e0 la Facult\u00e9 ENAC de l\u2019EPFL et Directeur scientifique du Forum Vies Mobiles. Rencontre d\u00e9bat organis\u00e9e par l&rsquo;association <a href=\"https:\/\/150anstraincevenol.info\"><em>Vive le train C\u00e9venol !<\/em><\/a> . Inscription sur le site.<br \/>\n&nbsp;<br \/>\n[fond rouge][blanc]<strong>Nous y voyons plus clair<\/strong>[\/blanc][\/fond rouge]<br \/>\n&nbsp;<br \/>\nLes \u00e9ch\u00e9ances sont maintenant clairement \u00e9tablies, modernisation des voies, demande commune de desserte par un train de nuit direct tri-branche, disparu en 2003 on le rappelle, une nouvelle fois affirm\u00e9e par tous les acteurs.<br \/>\n&nbsp;<br \/>\nLes groupes de d\u00e9fense ont d\u00e9cid\u00e9 d&rsquo;amplifier la campagne en faveur de l&rsquo;arriv\u00e9e du train de nuit tri-branche. Elle va continuer de plus belle aupr\u00e8s de tous, d\u00e9cideurs et usagers.<\/p>\n","protected":false},"excerpt":{"rendered":"<p>Jean-Luc Gibelin, Vice-pr\u00e9sident charg\u00e9 des transports de la r\u00e9gion Occitanie nous a confi\u00e9 qu&rsquo;il pensait que l&rsquo;infrastructure ferroviaire<\/p>\n","protected":false},"author":1,"featured_media":3652,"comment_status":"open","ping_status":"open","sticky":false,"template":"","format":"standard","meta":{"footnotes":""},"categories":[3],"tags":[],"class_list":["post-859","post","type-post","status-publish","format-standard","has-post-thumbnail","hentry","category-en-train"],"_links":{"self":[{"href":"https:\/\/usagers-transports.haut-allier.eu\/index.php\/wp-json\/wp\/v2\/posts\/859","targetHints":{"allow":["GET"]}}],"collection":[{"href":"https:\/\/usagers-transports.haut-allier.eu\/index.php\/wp-json\/wp\/v2\/posts"}],"about":[{"href":"https:\/\/usagers-transports.haut-allier.eu\/index.php\/wp-json\/wp\/v2\/types\/post"}],"author":[{"embeddable":true,"href":"https:\/\/usagers-transports.haut-allier.eu\/index.php\/wp-json\/wp\/v2\/users\/1"}],"replies":[{"embeddable":true,"href":"https:\/\/usagers-transports.haut-allier.eu\/index.php\/wp-json\/wp\/v2\/comments?post=859"}],"version-history":[{"count":0,"href":"https:\/\/usagers-transports.haut-allier.eu\/index.php\/wp-json\/wp\/v2\/posts\/859\/revisions"}],"wp:featuredmedia":[{"embeddable":true,"href":"https:\/\/usagers-transports.haut-allier.eu\/index.php\/wp-json\/wp\/v2\/media\/3652"}],"wp:attachment":[{"href":"https:\/\/usagers-transports.haut-allier.eu\/index.php\/wp-json\/wp\/v2\/media?parent=859"}],"wp:term":[{"taxonomy":"category","embeddable":true,"href":"https:\/\/usagers-transports.haut-allier.eu\/index.php\/wp-json\/wp\/v2\/categories?post=859"},{"taxonomy":"post_tag","embeddable":true,"href":"https:\/\/usagers-transports.haut-allier.eu\/index.php\/wp-json\/wp\/v2\/tags?post=859"}],"curies":[{"name":"wp","href":"https:\/\/api.w.org\/{rel}","templated":true}]}}