{"id":86,"date":"2013-11-04T08:45:21","date_gmt":"2013-11-04T07:45:21","guid":{"rendered":"http:\/\/5.45.101.177\/haut-allier\/usagers-transportse\/index.php\/2013\/11\/04\/la-sncf-indemnisera-les-usagers-en086\/"},"modified":"2013-11-04T08:45:21","modified_gmt":"2013-11-04T07:45:21","slug":"la-sncf-indemnisera-les-usagers-en086","status":"publish","type":"post","link":"https:\/\/usagers-transports.haut-allier.eu\/index.php\/2013\/11\/04\/la-sncf-indemnisera-les-usagers-en086\/","title":{"rendered":"La SNCF indemnisera les usagers en cas de retard en Picardie"},"content":{"rendered":"<p>Ou comment devenir multimillionnaire ! La SNCF indemnisera les usagers des TER en cas de retards suite \u00e0 une convention sign\u00e9e avec la r\u00e9gion Picardie et ce \u00e0 partir du 1er janvier 2014. Mais ce n&rsquo;est seulement qu&rsquo;une exp\u00e9rimentation. Et ailleurs ? En Auvergne et en Languedoc Roussillon ?<br \/>\n&nbsp;<br \/>\nUne bonne nouvelle qui ne pourra qu&rsquo;inciter la soci\u00e9t\u00e9 ferroviaire \u00e0 faire de gros efforts dans l&rsquo;organisation de son service au public.<br \/>\n&nbsp;<br \/>\nUn rappel complet de vos droits en ce qui concerne le remboursement des billets par la SNCF en cas de retard et annulation <a href=\"http:\/\/droit-finances.commentcamarche.net\/contents\/1456-retard-et-annulation-de-trains-remboursement\">ici<\/a>.<br \/>\n&nbsp;<br \/>\nL&rsquo;article du <a href=\"http:\/\/www.leparisien.fr\/espace-premium\/oise-60\/la-sncf-indemnisera-les-usagers-en-cas-de-retards-04-11-2013-3283221.php\">Parisien<\/a> du 4 novembre 2013 concernant l&rsquo;accord SNCF r\u00e9gion Picardie.<\/p>\n","protected":false},"excerpt":{"rendered":"<p>Ou comment devenir multimillionnaire ! La SNCF indemnisera les usagers des TER en cas de retards suite \u00e0<\/p>\n","protected":false},"author":1,"featured_media":1508,"comment_status":"closed","ping_status":"open","sticky":false,"template":"","format":"standard","meta":{"footnotes":""},"categories":[2],"tags":[],"class_list":["post-86","post","type-post","status-publish","format-standard","has-post-thumbnail","hentry","category-infos"],"_links":{"self":[{"href":"https:\/\/usagers-transports.haut-allier.eu\/index.php\/wp-json\/wp\/v2\/posts\/86","targetHints":{"allow":["GET"]}}],"collection":[{"href":"https:\/\/usagers-transports.haut-allier.eu\/index.php\/wp-json\/wp\/v2\/posts"}],"about":[{"href":"https:\/\/usagers-transports.haut-allier.eu\/index.php\/wp-json\/wp\/v2\/types\/post"}],"author":[{"embeddable":true,"href":"https:\/\/usagers-transports.haut-allier.eu\/index.php\/wp-json\/wp\/v2\/users\/1"}],"replies":[{"embeddable":true,"href":"https:\/\/usagers-transports.haut-allier.eu\/index.php\/wp-json\/wp\/v2\/comments?post=86"}],"version-history":[{"count":0,"href":"https:\/\/usagers-transports.haut-allier.eu\/index.php\/wp-json\/wp\/v2\/posts\/86\/revisions"}],"wp:featuredmedia":[{"embeddable":true,"href":"https:\/\/usagers-transports.haut-allier.eu\/index.php\/wp-json\/wp\/v2\/media\/1508"}],"wp:attachment":[{"href":"https:\/\/usagers-transports.haut-allier.eu\/index.php\/wp-json\/wp\/v2\/media?parent=86"}],"wp:term":[{"taxonomy":"category","embeddable":true,"href":"https:\/\/usagers-transports.haut-allier.eu\/index.php\/wp-json\/wp\/v2\/categories?post=86"},{"taxonomy":"post_tag","embeddable":true,"href":"https:\/\/usagers-transports.haut-allier.eu\/index.php\/wp-json\/wp\/v2\/tags?post=86"}],"curies":[{"name":"wp","href":"https:\/\/api.w.org\/{rel}","templated":true}]}}