{"id":862,"date":"2022-03-12T12:48:04","date_gmt":"2022-03-12T11:48:04","guid":{"rendered":"http:\/\/5.45.101.177\/haut-allier\/usagers-transportse\/index.php\/2022\/03\/12\/le-reseau-entrain-reclame-le862\/"},"modified":"2022-03-12T12:48:04","modified_gmt":"2022-03-12T11:48:04","slug":"le-reseau-entrain-reclame-le862","status":"publish","type":"post","link":"https:\/\/usagers-transports.haut-allier.eu\/index.php\/2022\/03\/12\/le-reseau-entrain-reclame-le862\/","title":{"rendered":"Le r\u00e9seau #Entrain r\u00e9clame le retour des trains transfrontaliers et une gestion europ\u00e9enne des horaires et billets"},"content":{"rendered":"<p>Le r\u00e9seau <a href=\"https:\/\/reseauentrain.com\/\"><em>#Entrain<\/em><\/a> compos\u00e9 de plusieurs groupes europ\u00e9ens d&rsquo;usagers d\u00e9fend \u00e0 la fois les trains du quotidien et les trains de nuit en Europe. Le Collectif d&rsquo;Usagers des transports du haut Allier en fait partie.<br \/>\n&nbsp;<br \/>\nAvec l&rsquo;ouverture \u00e0 la concurrence c&rsquo;est d\u00e9j\u00e0 la gal\u00e8re pour les usagers qui veulent prendre un ou plusieurs trains affr\u00e9t\u00e9(s) par un ou plusieurs op\u00e9rateurs. De plus les anciens trains TER ou r\u00e9gionaux transfrontaliers ont \u00e9t\u00e9 la plupart du temps supprim\u00e9s, citons dans le sud Nice Cuneo ou Nice Genova d\u00e9sormais fractionn\u00e9s et ne parlons pas des trains locaux France Espagne. Les pr\u00e9textes invoqu\u00e9s sont souvent des non conformit\u00e9s techniques entre pays comme les normes de s\u00e9curisation avec le nouveau syst\u00e8me ETCS \/ <a href=\"https:\/\/fr.wikipedia.org\/wiki\/Syst%C3%A8me_europ%C3%A9en_de_gestion_du_trafic_ferroviaire\"><em>ERTMS<\/em><\/a>. Des normes que chaque op\u00e9rateur applique \u00e0 sa guise et son bon vouloir.<br \/>\n&nbsp;<br \/>\nLes voyageurs par avion n&rsquo;ont pas ce genre de probl\u00e8mes !<br \/>\n&nbsp;<br \/>\nFace aussi \u00e0 l&rsquo;av\u00e8nement de ces op\u00e9rateurs alternatifs et pour rem\u00e9dier \u00e0 ces probl\u00e9matiques de repliement sur soi des op\u00e9rateurs ferroviaires nationaux, plusieurs axes d&rsquo;actions #Entrain sont envisag\u00e9s :<br \/>\n&nbsp;<br \/>\n&#8211; L&rsquo;\u00e9laboration d&rsquo;une \u00e9tude sur les effets de la lib\u00e9ralisation dans le ferroviaire en Europe. Elle est act\u00e9e et sera confi\u00e9e \u00e0 un \u00e9tudiant en transports \/ mobilit\u00e9,<br \/>\n&#8211; La demande expresse de la cr\u00e9ation d&rsquo;un syst\u00e8me de gestion europ\u00e9en qui fasse autorit\u00e9, pour le synchronisme, l&rsquo;attribution, le contr\u00f4le et la gestion des horaires et correspondances de tous les op\u00e9rateurs historiques et alternatifs (priv\u00e9s, associatifs&#8230;).<br \/>\n&#8211; La demande d&rsquo;un syst\u00e8me commun \u00e0 tous les op\u00e9rateurs pour la vente de tickets aux usagers. Des billets \u00ab\u00a0ouverts\u00a0\u00bb non limit\u00e9s \u00e0 2 correspondances comme en France par exemple, mais pas que, non limit\u00e9s \u00e0 un seul op\u00e9rateur ferroviaire etc.<br \/>\n&nbsp;<br \/>\nUn calendrier de rencontres au plus haut niveau va \u00eatre mis en place.<br \/>\n&nbsp;<br \/>\nLe r\u00e9seau ferroviaire europ\u00e9en est un&#8230; RESEAU. Ce qui implique des \u00e9changes entre les diff\u00e9rents pays. Des efforts importants ont \u00e9t\u00e9 faits dans les d\u00e9cennies pass\u00e9es pour aplanir les probl\u00e8mes interop\u00e9rationnels. Cela a fonctionn\u00e9 pendant longtemps. Pourquoi n&rsquo;en serait-il pas de m\u00eame maintenant ?<br \/>\n&nbsp;<br \/>\n[fond rouge][blanc]<strong>La r\u00e9ponse est simple<\/strong>[\/blanc][\/fond rouge]<br \/>\n&nbsp;<br \/>\nC&rsquo;est le manque de volont\u00e9 politique. Quand elle existe et que les acteurs locaux y sont bien pr\u00e9par\u00e9s, on arrive \u00e0 d\u00e9placer des montagnes. Exemple le L\u00e9man Express, le plus grand TER ou RER transfrontalier d&rsquo;Europe, entre la Suisse et la France, o\u00f9 les solutions ont \u00e9t\u00e9 trouv\u00e9es malgr\u00e9 des probl\u00e8mes techniques, organisationnels, r\u00e9glementaires, conceptuels m\u00eame, tr\u00e8s nombreux. L\u00e0 \u00e7a a fonctionn\u00e9. Le <a href=\"https:\/\/www.lemanexpress.ch\/\"><em>L\u00e9manPass<\/em><\/a> y a \u00e9t\u00e9 d\u00e9velopp\u00e9 au niveau de la billetterie :<br \/>\n&nbsp;<br \/>\n<img loading=\"lazy\" decoding=\"async\" class=\" aligncenter size-full wp-image-3660\" src=\"http:\/\/5.45.101.177\/haut-allier\/usagers-transportse\/wp-content\/uploads\/2022\/03\/screenshot-lemanpass.com-2022.03.12-12_14_24.jpg\" alt=\"screenshot-lemanpass.com-2022.03.12-12_14_24.jpg\" align=\"center\" width=\"263\" height=\"99\" \/><br \/>\n&nbsp;<br \/>\n<img loading=\"lazy\" decoding=\"async\" class=\" aligncenter size-full wp-image-3661\" src=\"http:\/\/5.45.101.177\/haut-allier\/usagers-transportse\/wp-content\/uploads\/2022\/03\/screenshot-lemanpass.com-2022.03.12-12_09_13.jpg\" alt=\"screenshot-lemanpass.com-2022.03.12-12_09_13.jpg\" align=\"center\" width=\"970\" height=\"634\" srcset=\"https:\/\/usagers-transports.haut-allier.eu\/wp-content\/uploads\/2022\/03\/screenshot-lemanpass.com-2022.03.12-12_09_13.jpg 970w, https:\/\/usagers-transports.haut-allier.eu\/wp-content\/uploads\/2022\/03\/screenshot-lemanpass.com-2022.03.12-12_09_13-300x196.jpg 300w, https:\/\/usagers-transports.haut-allier.eu\/wp-content\/uploads\/2022\/03\/screenshot-lemanpass.com-2022.03.12-12_09_13-768x502.jpg 768w\" sizes=\"auto, (max-width: 970px) 100vw, 970px\" \/><br \/>\n&nbsp;<br \/>\nOn peut aussi regarder ce qui s&rsquo;est install\u00e9 entre les r\u00e9gions fran\u00e7aises et espagnoles du Pays Basque avec le <a href=\"https:\/\/www.transfermuga.eu\/plans-titres\/titres-transfrontaliers\/passbask-le-titre-ferroviaire-transfrontalier\/\"><em>PassBask<\/em><\/a>.<br \/>\n&nbsp;<br \/>\nPourquoi pas ailleurs ? Pourquoi cette forte volont\u00e9 n&rsquo;existe-t-elle plus ailleurs ?<br \/>\n&nbsp;<br \/>\nC&rsquo;est ce que demandent les voyageurs, les usagers, les utilisateurs europ\u00e9ens.<br \/>\n&nbsp;<br \/>\n<strong>A lire :<\/strong><br \/>\n&nbsp;<br \/>\n&#8211; Courrier International de d\u00e9cembre 2021 : <a href=\"https:\/\/www.courrierinternational.com\/article\/enquete-qui-veut-saboter-les-trains-transfrontaliers\"><em>Enqu\u00eate. Qui veut saboter les trains transfrontaliers\u2009?<\/em><\/a><br \/>\n&#8211; M\u00e9diarail d&rsquo;octobre 2020 tr\u00e8s complet et toujours d&rsquo;actualit\u00e9 : <a href=\"https:\/\/mediarail.wordpress.com\/2020\/10\/05\/reconnecter-les-services-transfrontaliers\/\"><em>Reconnecter les services transfrontaliers<\/em><\/a><br \/>\n&nbsp;<\/p>\n","protected":false},"excerpt":{"rendered":"<p>Le r\u00e9seau #Entrain compos\u00e9 de plusieurs groupes europ\u00e9ens d&rsquo;usagers d\u00e9fend \u00e0 la fois les trains du quotidien et<\/p>\n","protected":false},"author":1,"featured_media":3659,"comment_status":"open","ping_status":"open","sticky":false,"template":"","format":"standard","meta":{"footnotes":""},"categories":[2],"tags":[],"class_list":["post-862","post","type-post","status-publish","format-standard","has-post-thumbnail","hentry","category-infos"],"_links":{"self":[{"href":"https:\/\/usagers-transports.haut-allier.eu\/index.php\/wp-json\/wp\/v2\/posts\/862","targetHints":{"allow":["GET"]}}],"collection":[{"href":"https:\/\/usagers-transports.haut-allier.eu\/index.php\/wp-json\/wp\/v2\/posts"}],"about":[{"href":"https:\/\/usagers-transports.haut-allier.eu\/index.php\/wp-json\/wp\/v2\/types\/post"}],"author":[{"embeddable":true,"href":"https:\/\/usagers-transports.haut-allier.eu\/index.php\/wp-json\/wp\/v2\/users\/1"}],"replies":[{"embeddable":true,"href":"https:\/\/usagers-transports.haut-allier.eu\/index.php\/wp-json\/wp\/v2\/comments?post=862"}],"version-history":[{"count":0,"href":"https:\/\/usagers-transports.haut-allier.eu\/index.php\/wp-json\/wp\/v2\/posts\/862\/revisions"}],"wp:featuredmedia":[{"embeddable":true,"href":"https:\/\/usagers-transports.haut-allier.eu\/index.php\/wp-json\/wp\/v2\/media\/3659"}],"wp:attachment":[{"href":"https:\/\/usagers-transports.haut-allier.eu\/index.php\/wp-json\/wp\/v2\/media?parent=862"}],"wp:term":[{"taxonomy":"category","embeddable":true,"href":"https:\/\/usagers-transports.haut-allier.eu\/index.php\/wp-json\/wp\/v2\/categories?post=862"},{"taxonomy":"post_tag","embeddable":true,"href":"https:\/\/usagers-transports.haut-allier.eu\/index.php\/wp-json\/wp\/v2\/tags?post=862"}],"curies":[{"name":"wp","href":"https:\/\/api.w.org\/{rel}","templated":true}]}}