{"id":863,"date":"2022-03-12T11:04:13","date_gmt":"2022-03-12T10:04:13","guid":{"rendered":"http:\/\/5.45.101.177\/haut-allier\/usagers-transportse\/index.php\/2022\/03\/12\/massif-central-train-de-nuit-sa863\/"},"modified":"2022-03-12T11:04:13","modified_gmt":"2022-03-12T10:04:13","slug":"massif-central-train-de-nuit-sa863","status":"publish","type":"post","link":"https:\/\/usagers-transports.haut-allier.eu\/index.php\/2022\/03\/12\/massif-central-train-de-nuit-sa863\/","title":{"rendered":"Massif central &#038; train de nuit : sa desserte correcte passera par une rame d\u00e9di\u00e9e"},"content":{"rendered":"<p>C&rsquo;est cette solution de rame directe tribranche par Clermont qui est pr\u00f4n\u00e9e officiellement par la R\u00e9gion Occitanie, oppos\u00e9e \u00e0 la desserte via Brive et la ligne Paris Toulouse, avanc\u00e9e par le gouvernement, et la seule solution possible pour une desserte compl\u00e8te des territoires auvergnats, caussenards, du haut Allier, de l&rsquo;Aubrac selon la grande majorit\u00e9 des groupes de d\u00e9fense des lignes B\u00e9ziers &#8211; Clermont Ferrand et N\u00eemes Clermont Ferrand, soit \u00e0 ce jour la totalit\u00e9 des organisations moins une.<br \/>\n&nbsp;<br \/>\n[fond rouge][blanc]<strong>La solution par Aurillac n&rsquo;en est pas une<br \/>\n<\/strong>[\/blanc][\/fond rouge]<br \/>\n&nbsp;<br \/>\nSi le gouvernement l&rsquo;a supput\u00e9, comme le dit le <a href=\"http:\/\/transportrail.canalblog.com\/archives\/2022\/01\/19\/39311109.html\"><em>blog Transportail<\/em><\/a>, pour faire plaisir aux \u00e9lus cantalous, car ce n&rsquo;\u00e9tait pas une demande des groupes de d\u00e9fense, il s&rsquo;agit bien d&rsquo;un <strong>rafistolage<\/strong>, d&rsquo;un pr\u00e9l\u00e8vement de trois voitures couchettes sur le train de nuit unique Paris Toulouse, d\u00e9j\u00e0 bond\u00e9 en permanence.<br \/>\n&nbsp;<br \/>\nLe responsable des transports \u00e0 la r\u00e9gion Occitanie Jean-Luc Gibelin est vent debout contre cette annonce. Ecoutez cet extrait de notre discussion du 10 mars dernier :<br \/>\n&nbsp;<br \/>\n<a href=\"http:\/\/5.45.101.177\/haut-allier\/usagers-transportse\/wp-content\/uploads\/2022\/03\/point-tdn-gibelin-10mars2022-n.mp3\">Jean-Luc Gibelin Charg\u00e9 transports R\u00e9gion Occitanie<\/a><br \/>\n&nbsp;<br \/>\nIl rappelle aussi que lorsque Aurillac a \u00e9t\u00e9 desservie en train de nuit via Brive, de fa\u00e7on \u00e9ph\u00e9m\u00e8re, il existait plusieurs trains vers le sud ouest comme l&rsquo;atteste cette carte refl\u00e9tant le r\u00e9seau en 2000 :<br \/>\n&nbsp;<br \/>\n<img loading=\"lazy\" decoding=\"async\" class=\" aligncenter size-full wp-image-3664\" src=\"http:\/\/5.45.101.177\/haut-allier\/usagers-transportse\/wp-content\/uploads\/2022\/03\/edmip9dxyaoc-ae.png\" alt=\"edmip9dxyaoc-ae.png\" align=\"center\" width=\"676\" height=\"680\" srcset=\"https:\/\/usagers-transports.haut-allier.eu\/wp-content\/uploads\/2022\/03\/edmip9dxyaoc-ae.png 676w, https:\/\/usagers-transports.haut-allier.eu\/wp-content\/uploads\/2022\/03\/edmip9dxyaoc-ae-298x300.png 298w, https:\/\/usagers-transports.haut-allier.eu\/wp-content\/uploads\/2022\/03\/edmip9dxyaoc-ae-150x150.png 150w\" sizes=\"auto, (max-width: 676px) 100vw, 676px\" \/><br \/>\n&nbsp;<br \/>\n[fond rouge][blanc]<strong>Pourquoi une proposition d&rsquo;un TDN jusqu&rsquo;\u00e0 Mende ?<\/strong>[\/blanc][\/fond rouge]<br \/>\n&nbsp;<br \/>\nLa question peut interroger. D&rsquo;o\u00f9 sort ce projet ? Pourquoi Mende ? Pourquoi pas Millau, ville \u00e0 la population double qui peut \u00eatre desservie dans les m\u00eame cr\u00e9neaux horaires ? R\u00e9ponse :<br \/>\n&nbsp;<br \/>\nLorsqu&rsquo;en novembre dernier un \u00e9tudiant a contact\u00e9 le <em>Collectif des Usagers du Haut Allier<\/em> pour lui proposer son \u00e9tude de prolongation du TDN envisag\u00e9 par le gouvernement vers Mende, nous avons tr\u00e8s rapidement convoqu\u00e9 tous les membres du r\u00e9seau massif central du Collectif Oui au Train de nuit, dont le secr\u00e9taire de l&rsquo;association Amiga, cr\u00e9\u00e9e pour c\u00e9l\u00e9brer le viaduc de Garabit puis d\u00e9fendre la ligne Aubrac, afin d&rsquo;en discuter sereinement.<br \/>\n&nbsp;<br \/>\nEt nous avons alors, c&rsquo;\u00e9tait d\u00e9but d\u00e9cembre 2021, convenu ensemble que la proposition ne manquait pas d&rsquo;int\u00e9r\u00eat dans une vision imm\u00e9diate mais \u00e9tait extr\u00eamement dangereuse dans le cadre de notre demande bien ancr\u00e9e depuis deux ans d&rsquo;un train sp\u00e9cifique tri-branche Paris Clermont vers Aurillac \/ B\u00e9ziers et N\u00eemes. Tout simplement \u00e0 cause du fait qu&rsquo;il sera tr\u00e8s difficile de faire accepter \u00e0 un gouvernement quel qu&rsquo;il soit le financement d&rsquo;un nouveau train de nuit alors qu&rsquo;une partie du sud du Massif central serait d\u00e9j\u00e0 desservie. Et donc nous nous \u00e9tions promis de ne pas en faire l&rsquo;apologie et d&rsquo;enterrer la proposition car elle ne faisait que parasiter les efforts d&rsquo;obtention d&rsquo;une desserte compl\u00e8te.<br \/>\n&nbsp;<br \/>\nMalgr\u00e9 cette d\u00e9cision l&rsquo;association Amiga s&rsquo;en est empar\u00e9e et a d\u00e9cid\u00e9 de la promouvoir. Puis au sein du Collectif Oui au train de nuit national favorable \u00e0 toute avanc\u00e9e pour le TDN quelle qu&rsquo;elle soit. Mais qui plaide aussi depuis longtemps pour le train direct tribranche dans une seconde p\u00e9riode. Sauf que nous sommes persuad\u00e9s qu&rsquo;une fois cette desserte de Mende install\u00e9e il n&rsquo;y aura plus jamais de train tribranche sp\u00e9cifique allou\u00e9 au Massif central.<br \/>\n&nbsp;<br \/>\n[fond rouge][blanc]<strong>Le revirement de cette association est-il d\u00fb \u00e0 des ententes politiques trans-d\u00e9partementales ? <\/strong>[\/blanc][\/fond rouge]<br \/>\n&nbsp;<br \/>\nY-a-t-il un projet commun \u00e9lectoraliste sur ce dossier ? Nous ne voulons citer qui que ce soit, mais les l\u00e9gislatives arrivent les 12 et 19 juin 2022. Les mois qui viennent nous r\u00e9servent des surprises. Nous vous en dirons plus apr\u00e8s les pr\u00e9sidentielles, au moins \u00e0 la date de cl\u00f4ture des inscriptions des candidats \u00e0 la d\u00e9putation, le 20 mai 2022.<br \/>\n&nbsp;<br \/>\n<strong>En tous cas l&rsquo;ensemble des groupes de d\u00e9fense du ferroviaire du Massif central moins un, continue \u00e0 se battre de plus belle pour le train de nuit direct par Clermont qui seul aboutira \u00e0 une service correct des populations. La campagne d&rsquo;information aupr\u00e8s de tous va s&rsquo;intensifier. Rejoignez nous !<\/strong><br \/>\n&nbsp;<br \/>\n<strong>Et voici un bel flyer ou une belle affiche \u00e0 reproduire et \u00e0 diffuser \u00e0 volont\u00e9 (en PDF en cliquant):<br \/>\n<\/strong><br \/>\n&nbsp;<br \/>\n<a href=\"http:\/\/5.45.101.177\/haut-allier\/usagers-transportse\/wp-content\/uploads\/2022\/03\/logo-tribranche-12.pdf\">logo-tribranche-12.pdf<\/a><br \/>\n&nbsp;<br \/>\n&nbsp;<br \/>\n<strong>Dans la presse :<\/strong><br \/>\n&nbsp;<br \/>\n&#8211; Le Progr\u00e8s du 17 mars 2022 : <a href=\"https:\/\/www.leprogres.fr\/transport\/2022\/03\/16\/un-collectif-veut-que-le-futur-train-de-nuit-passe-par-la-ligne-cevenol\"><em>Un collectif veut que le futur train de nuit passe par la ligne C\u00e9v\u00e9nol<\/em><\/a><br \/>\n&nbsp;<br \/>\n<img loading=\"lazy\" decoding=\"async\" class=\" aligncenter size-full wp-image-3666\" src=\"http:\/\/5.45.101.177\/haut-allier\/usagers-transportse\/wp-content\/uploads\/2022\/03\/screenshot-www.leprogres.fr-2022.03.17-08_00_59.jpg\" alt=\"screenshot-www.leprogres.fr-2022.03.17-08_00_59.jpg\" align=\"center\" width=\"1072\" height=\"2418\" srcset=\"https:\/\/usagers-transports.haut-allier.eu\/wp-content\/uploads\/2022\/03\/screenshot-www.leprogres.fr-2022.03.17-08_00_59.jpg 1072w, https:\/\/usagers-transports.haut-allier.eu\/wp-content\/uploads\/2022\/03\/screenshot-www.leprogres.fr-2022.03.17-08_00_59-133x300.jpg 133w, https:\/\/usagers-transports.haut-allier.eu\/wp-content\/uploads\/2022\/03\/screenshot-www.leprogres.fr-2022.03.17-08_00_59-454x1024.jpg 454w, https:\/\/usagers-transports.haut-allier.eu\/wp-content\/uploads\/2022\/03\/screenshot-www.leprogres.fr-2022.03.17-08_00_59-768x1732.jpg 768w, https:\/\/usagers-transports.haut-allier.eu\/wp-content\/uploads\/2022\/03\/screenshot-www.leprogres.fr-2022.03.17-08_00_59-681x1536.jpg 681w, https:\/\/usagers-transports.haut-allier.eu\/wp-content\/uploads\/2022\/03\/screenshot-www.leprogres.fr-2022.03.17-08_00_59-908x2048.jpg 908w\" sizes=\"auto, (max-width: 1072px) 100vw, 1072px\" \/><br \/>\n&nbsp;<br \/>\n&#8211; Midi Libre du 26 f\u00e9vrier 2022 : <a href=\"https:\/\/www.midilibre.fr\/2022\/02\/26\/le-train-de-nuit-attendu-pour-la-ligne-des-cevennes-10135182.php\"><em>Le train de nuit attendu pour la ligne des C\u00e9vennes<\/em><\/a><br \/>\n&nbsp;<br \/>\n<img loading=\"lazy\" decoding=\"async\" class=\" aligncenter size-full wp-image-3667\" src=\"http:\/\/5.45.101.177\/haut-allier\/usagers-transportse\/wp-content\/uploads\/2022\/03\/midilibre.fr-2022.03.06-16_10_33.jpg\" alt=\"midilibre.fr-2022.03.06-16_10_33.jpg\" align=\"center\" width=\"886\" height=\"1068\" srcset=\"https:\/\/usagers-transports.haut-allier.eu\/wp-content\/uploads\/2022\/03\/midilibre.fr-2022.03.06-16_10_33.jpg 886w, https:\/\/usagers-transports.haut-allier.eu\/wp-content\/uploads\/2022\/03\/midilibre.fr-2022.03.06-16_10_33-249x300.jpg 249w, https:\/\/usagers-transports.haut-allier.eu\/wp-content\/uploads\/2022\/03\/midilibre.fr-2022.03.06-16_10_33-849x1024.jpg 849w, https:\/\/usagers-transports.haut-allier.eu\/wp-content\/uploads\/2022\/03\/midilibre.fr-2022.03.06-16_10_33-768x926.jpg 768w\" sizes=\"auto, (max-width: 886px) 100vw, 886px\" \/><br \/>\n&nbsp;<br \/>\n&#8211; Zoom d&rsquo;ici du 23 f\u00e9vrier 2022 : <a href=\"https:\/\/www.zoomdici.fr\/actualite\/la-desserte-du-massif-central-en-train-de-nuit-refait-parler-delle\"><em>La desserte du Massif Central en train de nuit refait parler d&rsquo;elle<\/em><\/a><br \/>\n&nbsp;<br \/>\n<img loading=\"lazy\" decoding=\"async\" class=\" aligncenter size-full wp-image-3668\" src=\"http:\/\/5.45.101.177\/haut-allier\/usagers-transportse\/wp-content\/uploads\/2022\/03\/screenshot-www.zoomdici.fr-2022.03.17-08_13_10-scaled.jpg\" alt=\"screenshot-www.zoomdici.fr-2022.03.17-08_13_10.jpg\" align=\"center\" width=\"865\" height=\"2560\" srcset=\"https:\/\/usagers-transports.haut-allier.eu\/wp-content\/uploads\/2022\/03\/screenshot-www.zoomdici.fr-2022.03.17-08_13_10-scaled.jpg 865w, https:\/\/usagers-transports.haut-allier.eu\/wp-content\/uploads\/2022\/03\/screenshot-www.zoomdici.fr-2022.03.17-08_13_10-101x300.jpg 101w, https:\/\/usagers-transports.haut-allier.eu\/wp-content\/uploads\/2022\/03\/screenshot-www.zoomdici.fr-2022.03.17-08_13_10-346x1024.jpg 346w, https:\/\/usagers-transports.haut-allier.eu\/wp-content\/uploads\/2022\/03\/screenshot-www.zoomdici.fr-2022.03.17-08_13_10-768x2274.jpg 768w, https:\/\/usagers-transports.haut-allier.eu\/wp-content\/uploads\/2022\/03\/screenshot-www.zoomdici.fr-2022.03.17-08_13_10-519x1536.jpg 519w, https:\/\/usagers-transports.haut-allier.eu\/wp-content\/uploads\/2022\/03\/screenshot-www.zoomdici.fr-2022.03.17-08_13_10-692x2048.jpg 692w\" sizes=\"auto, (max-width: 865px) 100vw, 865px\" \/><br \/>\n&nbsp;<br \/>\n&#8211; Midi Libre Loz\u00e8re du 21 mars 2022 : <em>La ligne des C\u00e9vennes encore une fois \u00e9cart\u00e9e des cartes ferroviaires<\/em><br \/>\n&nbsp;<br \/>\n<img loading=\"lazy\" decoding=\"async\" class=\" aligncenter size-full wp-image-3669\" src=\"http:\/\/5.45.101.177\/haut-allier\/usagers-transportse\/wp-content\/uploads\/2022\/03\/midilibre48du21_03_22.jpg\" alt=\"midilibre48du21_03_22.jpg\" align=\"center\" width=\"1428\" height=\"1161\" srcset=\"https:\/\/usagers-transports.haut-allier.eu\/wp-content\/uploads\/2022\/03\/midilibre48du21_03_22.jpg 1428w, https:\/\/usagers-transports.haut-allier.eu\/wp-content\/uploads\/2022\/03\/midilibre48du21_03_22-300x244.jpg 300w, https:\/\/usagers-transports.haut-allier.eu\/wp-content\/uploads\/2022\/03\/midilibre48du21_03_22-1024x833.jpg 1024w, https:\/\/usagers-transports.haut-allier.eu\/wp-content\/uploads\/2022\/03\/midilibre48du21_03_22-768x624.jpg 768w\" sizes=\"auto, (max-width: 1428px) 100vw, 1428px\" \/><br \/>\n&nbsp;<\/p>\n","protected":false},"excerpt":{"rendered":"<p>C&rsquo;est cette solution de rame directe tribranche par Clermont qui est pr\u00f4n\u00e9e officiellement par la R\u00e9gion Occitanie, oppos\u00e9e<\/p>\n","protected":false},"author":1,"featured_media":3662,"comment_status":"open","ping_status":"open","sticky":false,"template":"","format":"standard","meta":{"footnotes":""},"categories":[2],"tags":[],"class_list":["post-863","post","type-post","status-publish","format-standard","has-post-thumbnail","hentry","category-infos"],"_links":{"self":[{"href":"https:\/\/usagers-transports.haut-allier.eu\/index.php\/wp-json\/wp\/v2\/posts\/863","targetHints":{"allow":["GET"]}}],"collection":[{"href":"https:\/\/usagers-transports.haut-allier.eu\/index.php\/wp-json\/wp\/v2\/posts"}],"about":[{"href":"https:\/\/usagers-transports.haut-allier.eu\/index.php\/wp-json\/wp\/v2\/types\/post"}],"author":[{"embeddable":true,"href":"https:\/\/usagers-transports.haut-allier.eu\/index.php\/wp-json\/wp\/v2\/users\/1"}],"replies":[{"embeddable":true,"href":"https:\/\/usagers-transports.haut-allier.eu\/index.php\/wp-json\/wp\/v2\/comments?post=863"}],"version-history":[{"count":0,"href":"https:\/\/usagers-transports.haut-allier.eu\/index.php\/wp-json\/wp\/v2\/posts\/863\/revisions"}],"wp:featuredmedia":[{"embeddable":true,"href":"https:\/\/usagers-transports.haut-allier.eu\/index.php\/wp-json\/wp\/v2\/media\/3662"}],"wp:attachment":[{"href":"https:\/\/usagers-transports.haut-allier.eu\/index.php\/wp-json\/wp\/v2\/media?parent=863"}],"wp:term":[{"taxonomy":"category","embeddable":true,"href":"https:\/\/usagers-transports.haut-allier.eu\/index.php\/wp-json\/wp\/v2\/categories?post=863"},{"taxonomy":"post_tag","embeddable":true,"href":"https:\/\/usagers-transports.haut-allier.eu\/index.php\/wp-json\/wp\/v2\/tags?post=863"}],"curies":[{"name":"wp","href":"https:\/\/api.w.org\/{rel}","templated":true}]}}