{"id":867,"date":"2022-03-23T14:49:55","date_gmt":"2022-03-23T13:49:55","guid":{"rendered":"http:\/\/5.45.101.177\/haut-allier\/usagers-transportse\/index.php\/2022\/03\/23\/est-ce-que-l-auvergne-restera867\/"},"modified":"2022-03-23T14:49:55","modified_gmt":"2022-03-23T13:49:55","slug":"est-ce-que-l-auvergne-restera867","status":"publish","type":"post","link":"https:\/\/usagers-transports.haut-allier.eu\/index.php\/2022\/03\/23\/est-ce-que-l-auvergne-restera867\/","title":{"rendered":"Est-ce que l&rsquo;Auvergne restera encore longtemps d\u00e9connect\u00e9e de Saint-Etienne et de la Loire ?"},"content":{"rendered":"<p>Ce week-end aura lieu la Grande Marche depuis Clermont et Saint-Etienne vers Noir\u00e9table milieu embl\u00e9matique du tron\u00e7on \u00ab\u00a0suspendu\u00a0\u00bb par SNCF entre Thiers et Bo\u00ebn. Rassemblements de d\u00e9parts \u00e0 11h00 \u00e0 la fois devant les gares SNCF de Clermont-Ferrand et Saint-Etienne Chateaucreux.<br \/>\n&nbsp;<br \/>\n<img loading=\"lazy\" decoding=\"async\" class=\" aligncenter size-full wp-image-3678\" src=\"http:\/\/5.45.101.177\/haut-allier\/usagers-transportse\/wp-content\/uploads\/2022\/03\/screenshot-letrain634269.org-2022.03.23-08_39_09.jpg\" alt=\"screenshot-letrain634269.org-2022.03.23-08_39_09.jpg\" align=\"center\" width=\"422\" height=\"598\" srcset=\"https:\/\/usagers-transports.haut-allier.eu\/wp-content\/uploads\/2022\/03\/screenshot-letrain634269.org-2022.03.23-08_39_09.jpg 422w, https:\/\/usagers-transports.haut-allier.eu\/wp-content\/uploads\/2022\/03\/screenshot-letrain634269.org-2022.03.23-08_39_09-212x300.jpg 212w\" sizes=\"auto, (max-width: 422px) 100vw, 422px\" \/><br \/>\n&nbsp;<br \/>\nComment se fait-il en France, en 2022, que deux m\u00e9tropoles de 300 000 et plus de 400 000 habitants \u00e0 135 km l&rsquo;une de l&rsquo;autre ne soient pas reli\u00e9es par une voie ferroviaire express et de haut niveau de services alors qu&rsquo;elle l&rsquo;a \u00e9t\u00e9 de fa\u00e7on continue depuis 1872 !<br \/>\n&nbsp;<br \/>\nLes \u00e9changes entre le Puy de D\u00f4me et la Loire ont de tous temps \u00e9t\u00e9 nombreux, et nombre d&rsquo;auvergnats partirent \u00e0 Saint-Etienne et Lyon travailler et s&rsquo;installer. Si la situation industrielle a chang\u00e9 les demandes des usagers demeurent : pour les \u00e9tudiants, les lyc\u00e9ens, les familles, les touristes, oui il y a et il y aura de nombreuses demandes pour travailler en ruralit\u00e9 dans le Forez et au del\u00e0 avec le t\u00e9l\u00e9travail. Tout ceci n\u00e9cessite des facilit\u00e9s en mobilit\u00e9. Et si le train est propos\u00e9 les populations s&rsquo;en empareront, avec joie.<br \/>\n&nbsp;<br \/>\nC&rsquo;est pour cela que le collectif citoyen <a href=\"https:\/\/letrain634269.org\">Letrain634269<\/a> a \u00e9t\u00e9 cr\u00e9\u00e9 il y a deux ans, pour \u00e9viter d&rsquo;une part certes la fermeture d\u00e9finitive du tron\u00e7on Thiers Bo\u00ebn programm\u00e9 par SNCF R\u00e9seau apr\u00e8s les tr\u00e8s nombreuses fermetures de lignes autour de \u00ab\u00a0l&rsquo;\u00e9toile ferroviaire\u00a0\u00bb de Clermont, \u00e9toile dont le scintillement s&rsquo;\u00e9teint si rien n&rsquo;est fait pour raviver ses ramifications. Etoile objet d&rsquo;une nouvelle \u00ab\u00a0\u00e9tude\u00a0\u00bb de la R\u00e9gion Auvergne Rh\u00f4ne Alpes et de l&rsquo;\u00e9tat, toujours pr\u00eats \u00e0 constater que \u00ab\u00a0\u00e7a ne marche pas autant que \u00e7a pourrait\u00a0\u00bb. Tu m&rsquo;\u00e9tonnes John.<br \/>\n&nbsp;<br \/>\n En tous cas ce week-end venez avec nous entre Clermont et Saint-Etienne pour leur prouver qu&rsquo;on ne l\u00e2chera pas sur ce point majeur des infrastructures de mobilit\u00e9 pour l&rsquo;Auvergne car non, nous voulons rester vivre ici, et pas faire grossir les m\u00e9tropoles qui sont assez \u00e9normes comme cela.<br \/>\n&nbsp;<br \/>\nLe programme entier des deux journ\u00e9es :<br \/>\n&nbsp;<br \/>\n<a href=\"http:\/\/5.45.101.177\/haut-allier\/usagers-transportse\/wp-content\/uploads\/2022\/03\/la-grande-marche-du-train-definitif-04-03-2022-v2_lite.pdf\">la-grande-marche-du-train-definitif-04-03-2022-v2_lite.pdf<\/a><br \/>\n&nbsp;<\/p>\n","protected":false},"excerpt":{"rendered":"<p>Ce week-end aura lieu la Grande Marche depuis Clermont et Saint-Etienne vers Noir\u00e9table milieu embl\u00e9matique du tron\u00e7on \u00ab\u00a0suspendu\u00a0\u00bb<\/p>\n","protected":false},"author":1,"featured_media":3677,"comment_status":"open","ping_status":"open","sticky":false,"template":"","format":"standard","meta":{"footnotes":""},"categories":[3],"tags":[],"class_list":["post-867","post","type-post","status-publish","format-standard","has-post-thumbnail","hentry","category-en-train"],"_links":{"self":[{"href":"https:\/\/usagers-transports.haut-allier.eu\/index.php\/wp-json\/wp\/v2\/posts\/867","targetHints":{"allow":["GET"]}}],"collection":[{"href":"https:\/\/usagers-transports.haut-allier.eu\/index.php\/wp-json\/wp\/v2\/posts"}],"about":[{"href":"https:\/\/usagers-transports.haut-allier.eu\/index.php\/wp-json\/wp\/v2\/types\/post"}],"author":[{"embeddable":true,"href":"https:\/\/usagers-transports.haut-allier.eu\/index.php\/wp-json\/wp\/v2\/users\/1"}],"replies":[{"embeddable":true,"href":"https:\/\/usagers-transports.haut-allier.eu\/index.php\/wp-json\/wp\/v2\/comments?post=867"}],"version-history":[{"count":0,"href":"https:\/\/usagers-transports.haut-allier.eu\/index.php\/wp-json\/wp\/v2\/posts\/867\/revisions"}],"wp:featuredmedia":[{"embeddable":true,"href":"https:\/\/usagers-transports.haut-allier.eu\/index.php\/wp-json\/wp\/v2\/media\/3677"}],"wp:attachment":[{"href":"https:\/\/usagers-transports.haut-allier.eu\/index.php\/wp-json\/wp\/v2\/media?parent=867"}],"wp:term":[{"taxonomy":"category","embeddable":true,"href":"https:\/\/usagers-transports.haut-allier.eu\/index.php\/wp-json\/wp\/v2\/categories?post=867"},{"taxonomy":"post_tag","embeddable":true,"href":"https:\/\/usagers-transports.haut-allier.eu\/index.php\/wp-json\/wp\/v2\/tags?post=867"}],"curies":[{"name":"wp","href":"https:\/\/api.w.org\/{rel}","templated":true}]}}