{"id":869,"date":"2022-03-25T20:07:14","date_gmt":"2022-03-25T19:07:14","guid":{"rendered":"http:\/\/5.45.101.177\/haut-allier\/usagers-transportse\/index.php\/2022\/03\/25\/trains-de-nuit-du-massif-central869\/"},"modified":"2022-03-25T20:07:14","modified_gmt":"2022-03-25T19:07:14","slug":"trains-de-nuit-du-massif-central869","status":"publish","type":"post","link":"https:\/\/usagers-transports.haut-allier.eu\/index.php\/2022\/03\/25\/trains-de-nuit-du-massif-central869\/","title":{"rendered":"Trains de nuit du massif central : la r\u00e9ponse du Ministre des transports au d\u00e9put\u00e9 de Loz\u00e8re"},"content":{"rendered":"<p>A notre demande le d\u00e9put\u00e9 de Loz\u00e8re Pierre Morel-A-L&rsquo;Huissier a \u00e9crit au gouvernement pour l&rsquo;interpeller sur la desserte en train de nuit pour le massif central. Voici la r\u00e9ponse de Jean-Luc Djebarri \u00e0 nos pr\u00e9occupations. Vous noterez que si la desserte d&rsquo;Aurillac est confirm\u00e9e rien n&rsquo;est annonc\u00e9 plus loin ni g\u00e9ographiquement ni dans le temps&#8230;<br \/>\n&nbsp;<br \/>\n<a href=\"http:\/\/5.45.101.177\/haut-allier\/usagers-transportse\/wp-content\/uploads\/2022\/03\/2022-03-08_-_reponse_min_transports_-_train_de_nuit.pdf\">2022-03-08_-_reponse_min_transports_-_train_de_nuit.pdf<\/a><br \/>\n&nbsp;<\/p>\n","protected":false},"excerpt":{"rendered":"<p>A notre demande le d\u00e9put\u00e9 de Loz\u00e8re Pierre Morel-A-L&rsquo;Huissier a \u00e9crit au gouvernement pour l&rsquo;interpeller sur la desserte<\/p>\n","protected":false},"author":1,"featured_media":3681,"comment_status":"open","ping_status":"open","sticky":false,"template":"","format":"standard","meta":{"footnotes":""},"categories":[2],"tags":[],"class_list":["post-869","post","type-post","status-publish","format-standard","has-post-thumbnail","hentry","category-infos"],"_links":{"self":[{"href":"https:\/\/usagers-transports.haut-allier.eu\/index.php\/wp-json\/wp\/v2\/posts\/869","targetHints":{"allow":["GET"]}}],"collection":[{"href":"https:\/\/usagers-transports.haut-allier.eu\/index.php\/wp-json\/wp\/v2\/posts"}],"about":[{"href":"https:\/\/usagers-transports.haut-allier.eu\/index.php\/wp-json\/wp\/v2\/types\/post"}],"author":[{"embeddable":true,"href":"https:\/\/usagers-transports.haut-allier.eu\/index.php\/wp-json\/wp\/v2\/users\/1"}],"replies":[{"embeddable":true,"href":"https:\/\/usagers-transports.haut-allier.eu\/index.php\/wp-json\/wp\/v2\/comments?post=869"}],"version-history":[{"count":0,"href":"https:\/\/usagers-transports.haut-allier.eu\/index.php\/wp-json\/wp\/v2\/posts\/869\/revisions"}],"wp:featuredmedia":[{"embeddable":true,"href":"https:\/\/usagers-transports.haut-allier.eu\/index.php\/wp-json\/wp\/v2\/media\/3681"}],"wp:attachment":[{"href":"https:\/\/usagers-transports.haut-allier.eu\/index.php\/wp-json\/wp\/v2\/media?parent=869"}],"wp:term":[{"taxonomy":"category","embeddable":true,"href":"https:\/\/usagers-transports.haut-allier.eu\/index.php\/wp-json\/wp\/v2\/categories?post=869"},{"taxonomy":"post_tag","embeddable":true,"href":"https:\/\/usagers-transports.haut-allier.eu\/index.php\/wp-json\/wp\/v2\/tags?post=869"}],"curies":[{"name":"wp","href":"https:\/\/api.w.org\/{rel}","templated":true}]}}