{"id":87,"date":"2013-11-04T13:21:10","date_gmt":"2013-11-04T12:21:10","guid":{"rendered":"http:\/\/5.45.101.177\/haut-allier\/usagers-transportse\/index.php\/2013\/11\/04\/lettre-ouverte-des-usagers-du-haut087\/"},"modified":"2013-11-04T13:21:10","modified_gmt":"2013-11-04T12:21:10","slug":"lettre-ouverte-des-usagers-du-haut087","status":"publish","type":"post","link":"https:\/\/usagers-transports.haut-allier.eu\/index.php\/2013\/11\/04\/lettre-ouverte-des-usagers-du-haut087\/","title":{"rendered":"Lettre ouverte des usagers du Haut-Allier \u00e0 la SNCF et RFF"},"content":{"rendered":"<p>[(<br \/>\n<em><\/p>\n<p>Le 4 novembre 2013.<br \/>\n&nbsp;<br \/>\nMessieurs,<br \/>\n&nbsp;<br \/>\nLes usagers du train de la zone Brioude \/ Labastide Puylaurent de la ligne des C\u00e9vennes Clermont-Ferrand \/ Marseille se posent les questions suivantes concernant le service ferroviaire que vous proposez :<br \/>\n&nbsp;<br \/>\n&#8211; La SNCF et RFF comptent-elles relever la vitesse des trains dans les gorges du Haut-Allier de 40 kms \/ heure \u00e0 leur niveau initial de 75 apr\u00e8s la fin des travaux du Plan Rail qui ont fortement perturb\u00e9 votre service pendant 4 ans, ce 8 novembre ou \u00e0 partir des nouveaux horaires du 14 d\u00e9cembre ?<br \/>\n&nbsp;<br \/>\n&#8211; Au vu des dysfonctionnements et retards syst\u00e9matiques de ces derniers mois emp\u00eachant toute correspondance, la SNCF compte-t-elle de fa\u00e7on prioritaire et d\u00e8s d\u00e9cembre 2015 \u00e9quiper le train Le C\u00e9venol des nouvelles rames Coradia Liner qu&rsquo;elle a command\u00e9es \u00e0 Alstom et qui am\u00e9lioreraient la desserte ?<\/p>\n<p>&nbsp;<\/p>\n<p>Pouvez vous leur apporter une r\u00e9ponse ?<br \/>\n&nbsp;<br \/>\nPour le Collectif des Usagers des Transports du Haut Allier,<br \/>\nMarc Gouttebroze.<br \/>\n<\/em><br \/>\n)]<\/p>\n<p>&nbsp;<br \/>\nLes m\u00e9dias relayent :<br \/>\n&nbsp;<br \/>\n&#8211; la <a href=\"http:\/\/www.zoomdici.fr\/actualite\/Le-collectif-des-usagers-des-transports-du-Haut-Allier-veut-un-train-plus-rapide-id133011.html?PHPSESSID=7435d3d918bc3ad87e9480c52cf069d7\">br\u00e8ve<\/a> de Zoom d&rsquo;ici du 5 novembre 2013 : Le collectif des usagers des transports du Haut-Allier veut un train plus rapide.<\/p>\n","protected":false},"excerpt":{"rendered":"<p>[( Le 4 novembre 2013. &nbsp; Messieurs, &nbsp; Les usagers du train de la zone Brioude \/ Labastide<\/p>\n","protected":false},"author":1,"featured_media":1509,"comment_status":"closed","ping_status":"open","sticky":false,"template":"","format":"standard","meta":{"footnotes":""},"categories":[2],"tags":[],"class_list":["post-87","post","type-post","status-publish","format-standard","has-post-thumbnail","hentry","category-infos"],"_links":{"self":[{"href":"https:\/\/usagers-transports.haut-allier.eu\/index.php\/wp-json\/wp\/v2\/posts\/87","targetHints":{"allow":["GET"]}}],"collection":[{"href":"https:\/\/usagers-transports.haut-allier.eu\/index.php\/wp-json\/wp\/v2\/posts"}],"about":[{"href":"https:\/\/usagers-transports.haut-allier.eu\/index.php\/wp-json\/wp\/v2\/types\/post"}],"author":[{"embeddable":true,"href":"https:\/\/usagers-transports.haut-allier.eu\/index.php\/wp-json\/wp\/v2\/users\/1"}],"replies":[{"embeddable":true,"href":"https:\/\/usagers-transports.haut-allier.eu\/index.php\/wp-json\/wp\/v2\/comments?post=87"}],"version-history":[{"count":0,"href":"https:\/\/usagers-transports.haut-allier.eu\/index.php\/wp-json\/wp\/v2\/posts\/87\/revisions"}],"wp:featuredmedia":[{"embeddable":true,"href":"https:\/\/usagers-transports.haut-allier.eu\/index.php\/wp-json\/wp\/v2\/media\/1509"}],"wp:attachment":[{"href":"https:\/\/usagers-transports.haut-allier.eu\/index.php\/wp-json\/wp\/v2\/media?parent=87"}],"wp:term":[{"taxonomy":"category","embeddable":true,"href":"https:\/\/usagers-transports.haut-allier.eu\/index.php\/wp-json\/wp\/v2\/categories?post=87"},{"taxonomy":"post_tag","embeddable":true,"href":"https:\/\/usagers-transports.haut-allier.eu\/index.php\/wp-json\/wp\/v2\/tags?post=87"}],"curies":[{"name":"wp","href":"https:\/\/api.w.org\/{rel}","templated":true}]}}