{"id":870,"date":"2022-03-26T07:38:19","date_gmt":"2022-03-26T06:38:19","guid":{"rendered":"http:\/\/5.45.101.177\/haut-allier\/usagers-transportse\/index.php\/2022\/03\/26\/ligne-des-cevennes-et-du870\/"},"modified":"2022-03-26T07:38:19","modified_gmt":"2022-03-26T06:38:19","slug":"ligne-des-cevennes-et-du870","status":"publish","type":"post","link":"https:\/\/usagers-transports.haut-allier.eu\/index.php\/2022\/03\/26\/ligne-des-cevennes-et-du870\/","title":{"rendered":"Ligne des C\u00e9vennes et du Transloz\u00e9rien : coupure du trafic jusqu&rsquo;au 17 juin pour travaux"},"content":{"rendered":"<p>Le communiqu\u00e9 de la r\u00e9gion Occitanie en compl\u00e9ment de notre article du <a href=\"http:\/\/usagers-transports.haut-allier.eu\/?les-travaux-et-coupures-en-2022,851\"><em>17 fevrier<\/em><\/a> et du <a href=\"http:\/\/usagers-transports.haut-allier.eu\/?ligne-du-cevenol-durant-la-coupure,852\"><em>21 f\u00e9vrier<\/em><\/a> dernier.<br \/>\n&nbsp;<\/p>\n<blockquote class=\"poesie\"><p>\n<strong>L\u2019\u00c9tat, la R\u00e9gion et SNCF R\u00e9seau r\u00e9alisent plusieurs chantiers de modernisation sur la ligne des C\u00e9vennes et le Transloz\u00e9rien<\/strong><br \/>\n&nbsp;<br \/>\nDu 28 mars au 17 juin 2022, plusieurs op\u00e9rations de r\u00e9g\u00e9n\u00e9ration du r\u00e9seau seront engag\u00e9es sur la ligne des C\u00e9vennes et le Transloz\u00e9rien, dans le cadre du Plan rail. Les circulations liO Train seront interrompues sur certaines portions ; les trains seront remplac\u00e9s par des autocars.<br \/>\n&nbsp;<br \/>\nEntre N\u00eemes et Al\u00e8s, les op\u00e9rations consistent \u00e0 conforter la tranch\u00e9e de Montaud sur la commune de Sauzet et \u00e0 cr\u00e9er 3 ouvrages hydrauliques dont deux \u00e0 N\u00eemes et un \u00e0 V\u00e9z\u00e9nobres. En parall\u00e8le, des travaux hydrauliques seront r\u00e9alis\u00e9s sur le cadereau d\u2019Al\u00e8s.<br \/>\n&nbsp;<br \/>\nAu nord d\u2019Al\u00e8s, plusieurs interventions sont programm\u00e9es pour r\u00e9g\u00e9n\u00e9rer et conforter des ouvrages d\u2019art et des ouvrages en terre : r\u00e9g\u00e9n\u00e9ration des tunnels de l\u2019Altier \u00e0 Villefort et de la Veyssi\u00e8re \u00e0 Lesperon, confortement du mur d\u2019Albeyspeyre \u00e0 Pr\u00e9vench\u00e8res et r\u00e9fection du viaduc de Landiol \u00e0 Chambon. Les composants de la voie (rails, traverses, ballast) seront renouvel\u00e9s sur pr\u00e8s de 3 kilom\u00e8tres entre Pertus et Molette et des travaux de voie sont programm\u00e9s en gare de Langogne.<br \/>\n&nbsp;<br \/>\nSur le transloz\u00e9rien, 4 000 traverses seront remplac\u00e9es entre Le Monastier et Mende. Des travaux de voie seront r\u00e9alis\u00e9s sur la zone du Chadenet et en gare de Mende. Des op\u00e9rations sur la signalisation sont \u00e9galement effectu\u00e9es entre Le Monastier et Barjac.<br \/>\n&nbsp;<br \/>\nEntre 2019 et 2022, 34,9 M\u20ac auront \u00e9t\u00e9 investis sur la ligne des C\u00e9vennes par l\u2019Etat, (51,8%), la R\u00e9gion Occitanie (42,6%) et SNCF R\u00e9seau (5,6%).<br \/>\n&nbsp;<br \/>\nLa ligne du transloz\u00e9rien entre Labastide et Le Monastier aura b\u00e9n\u00e9fici\u00e9 de 10,6 M\u20ac d\u2019investissements par la R\u00e9gion Occitanie (95%) et SNCF R\u00e9seau (5%) sur cette m\u00eame p\u00e9riode.<br \/>\n&nbsp;<br \/>\n(&#8230;)<br \/>\n&nbsp;<br \/>\n<strong>Interruptions des circulations ferroviaires<\/strong><\/p>\n<p>&#8211;          Du 28 mars au 18 avril et du 13 mai au 17 juin, les circulations liO Train seront interrompues au nord d\u2019Al\u00e8s (entre Al\u00e8s et Chapeauroux et Al\u00e8s-Mende-Marvejols).<\/p>\n<p>&#8211;          Du 19 avril au 12 mai, les circulations liO Train seront interrompues entre N\u00eemes et Al\u00e8s ainsi qu\u2019au nord d\u2019Al\u00e8s.<\/p>\n<p>Durant ces p\u00e9riodes de travaux, les circulations seront assur\u00e9es par autocars.<\/p>\n<p>Toutes les informations sur les conditions de circulation pendant les travaux sont disponibles sur :<\/p>\n<p>&#8211;          Le Site liO Train SNCF : trainlio.sncf.com <\/p>\n<p>&#8211;          L\u2019Application l\u2019Assistant SNCF<\/p>\n<p>&#8211;          Contact liO Train SNCF Occitanie : 0 800 31 31 31 (service et appel gratuits)<\/p>\n<p>&#8211;          Compte Twitter : @lio_train_sncf\n<\/p><\/blockquote>\n","protected":false},"excerpt":{"rendered":"<p>Le communiqu\u00e9 de la r\u00e9gion Occitanie en compl\u00e9ment de notre article du 17 fevrier et du 21 f\u00e9vrier<\/p>\n","protected":false},"author":1,"featured_media":3683,"comment_status":"open","ping_status":"open","sticky":false,"template":"","format":"standard","meta":{"footnotes":""},"categories":[2],"tags":[],"class_list":["post-870","post","type-post","status-publish","format-standard","has-post-thumbnail","hentry","category-infos"],"_links":{"self":[{"href":"https:\/\/usagers-transports.haut-allier.eu\/index.php\/wp-json\/wp\/v2\/posts\/870","targetHints":{"allow":["GET"]}}],"collection":[{"href":"https:\/\/usagers-transports.haut-allier.eu\/index.php\/wp-json\/wp\/v2\/posts"}],"about":[{"href":"https:\/\/usagers-transports.haut-allier.eu\/index.php\/wp-json\/wp\/v2\/types\/post"}],"author":[{"embeddable":true,"href":"https:\/\/usagers-transports.haut-allier.eu\/index.php\/wp-json\/wp\/v2\/users\/1"}],"replies":[{"embeddable":true,"href":"https:\/\/usagers-transports.haut-allier.eu\/index.php\/wp-json\/wp\/v2\/comments?post=870"}],"version-history":[{"count":0,"href":"https:\/\/usagers-transports.haut-allier.eu\/index.php\/wp-json\/wp\/v2\/posts\/870\/revisions"}],"wp:featuredmedia":[{"embeddable":true,"href":"https:\/\/usagers-transports.haut-allier.eu\/index.php\/wp-json\/wp\/v2\/media\/3683"}],"wp:attachment":[{"href":"https:\/\/usagers-transports.haut-allier.eu\/index.php\/wp-json\/wp\/v2\/media?parent=870"}],"wp:term":[{"taxonomy":"category","embeddable":true,"href":"https:\/\/usagers-transports.haut-allier.eu\/index.php\/wp-json\/wp\/v2\/categories?post=870"},{"taxonomy":"post_tag","embeddable":true,"href":"https:\/\/usagers-transports.haut-allier.eu\/index.php\/wp-json\/wp\/v2\/tags?post=870"}],"curies":[{"name":"wp","href":"https:\/\/api.w.org\/{rel}","templated":true}]}}