{"id":875,"date":"2022-04-04T08:14:21","date_gmt":"2022-04-04T06:14:21","guid":{"rendered":"http:\/\/5.45.101.177\/haut-allier\/usagers-transportse\/index.php\/2022\/04\/04\/presidentielle-seuls-4-candidats875\/"},"modified":"2022-04-04T08:14:21","modified_gmt":"2022-04-04T06:14:21","slug":"presidentielle-seuls-4-candidats875","status":"publish","type":"post","link":"https:\/\/usagers-transports.haut-allier.eu\/index.php\/2022\/04\/04\/presidentielle-seuls-4-candidats875\/","title":{"rendered":"Pr\u00e9sidentielle : seuls 4 candidats ont r\u00e9pondu aux soucis de mobilit\u00e9 des habitants du Massif central"},"content":{"rendered":"<p>Ce sont dans l&rsquo;ordre des r\u00e9ponses re\u00e7ues : <a href=\"http:\/\/usagers-transports.haut-allier.eu\/?lettre-ouverte-au-sujet-du-train,860\"><em>Nathalie Arthaud<\/em><\/a>, <a href=\"http:\/\/usagers-transports.haut-allier.eu\/?lettre-ouverte-au-sujet-du-train,861\"><em>Jean-Luc M\u00e9lenchon<\/em><\/a>, <a href=\"http:\/\/usagers-transports.haut-allier.eu\/?lettre-ouverte-au-sujet-du-train,868\"><em>Fabien Roussel<\/em><\/a> et <a href=\"http:\/\/usagers-transports.haut-allier.eu\/?article-publie-lettre-ouverte-au,873\"><em>Philippe Poutou<\/em><\/a>. Seuls sur 12 candidats \u00e0 avoir daign\u00e9 r\u00e9pondre \u00e0 la lettre commune de nos 10 groupes d&rsquo;usagers et \u00e9lus locaux de d\u00e9fense du train dans le Massif central qui leur pr\u00e9sentait nos pr\u00e9occupations vitales. Et ce malgr\u00e9 les 4 rappels effectu\u00e9s par Ren\u00e9 Causse, l&rsquo;initiateur du projet.<br \/>\n&nbsp;<br \/>\nNous pouvons donc conclure clairement que les autres candidats, ceux qui ne repr\u00e9sentent ni Lutte Ouvri\u00e8re, ni l&rsquo;Union Populaire (France Insoumise), ni le Parti Communiste Fran\u00e7ais, ni le Nouveau Parti Anticapitaliste, se contrefichent du d\u00e9veloppement et de l&rsquo;essor du territoire auvergnat. Et m\u00eame que les d\u00e9clarations de leurs repr\u00e9sentants locaux n&rsquo;engagent que ces derniers.<br \/>\n&nbsp;<br \/>\nAu vu des intentions de vote tels que pr\u00e9sent\u00e9s dans les diff\u00e9rents derniers sondages d&rsquo;opinion :<br \/>\n&nbsp;<br \/>\n<a href=\"https:\/\/fr.wikipedia.org\/wiki\/Liste_de_sondages_sur_l%27%C3%A9lection_pr%C3%A9sidentielle_fran%C3%A7aise_de_2022\"><img loading=\"lazy\" decoding=\"async\" class=\" aligncenter size-full wp-image-3753\" src=\"http:\/\/5.45.101.177\/haut-allier\/usagers-transportse\/wp-content\/uploads\/2022\/04\/screenshot-fr.wikipedia.org-2022.04.04-07_47_15.jpg\" alt=\"screenshot-fr.wikipedia.org-2022.04.04-07_47_15.jpg\" align=\"center\" width=\"914\" height=\"592\" srcset=\"https:\/\/usagers-transports.haut-allier.eu\/wp-content\/uploads\/2022\/04\/screenshot-fr.wikipedia.org-2022.04.04-07_47_15.jpg 914w, https:\/\/usagers-transports.haut-allier.eu\/wp-content\/uploads\/2022\/04\/screenshot-fr.wikipedia.org-2022.04.04-07_47_15-300x194.jpg 300w, https:\/\/usagers-transports.haut-allier.eu\/wp-content\/uploads\/2022\/04\/screenshot-fr.wikipedia.org-2022.04.04-07_47_15-768x497.jpg 768w\" sizes=\"auto, (max-width: 914px) 100vw, 914px\" \/><\/a><br \/>\n&nbsp;<br \/>\n&#8230;chacun en conclura quel est le candidat parmi les 4 r\u00e9ponses re\u00e7ues qui a le plus de chances de passer au second tour.<br \/>\n&nbsp;<br \/>\nVu les promesses non tenues du gouvernement actuel concernant l&rsquo;am\u00e9lioration des dessertes en train dans nos r\u00e9gions, vu les budgets bien insuffisants consacr\u00e9s aux territoires ruraux et de montagne, de notre c\u00f4t\u00e9 nous enfreignons notre coutume de neutralit\u00e9 et n&rsquo;h\u00e9siterons pas une seconde devant la menace d&rsquo;un duo Le Pen &#8211; Macron au second tour.<br \/>\n&nbsp;<\/p>\n","protected":false},"excerpt":{"rendered":"<p>Ce sont dans l&rsquo;ordre des r\u00e9ponses re\u00e7ues : Nathalie Arthaud, Jean-Luc M\u00e9lenchon, Fabien Roussel et Philippe Poutou. Seuls<\/p>\n","protected":false},"author":1,"featured_media":3752,"comment_status":"open","ping_status":"open","sticky":false,"template":"","format":"standard","meta":{"footnotes":""},"categories":[2],"tags":[],"class_list":["post-875","post","type-post","status-publish","format-standard","has-post-thumbnail","hentry","category-infos"],"_links":{"self":[{"href":"https:\/\/usagers-transports.haut-allier.eu\/index.php\/wp-json\/wp\/v2\/posts\/875","targetHints":{"allow":["GET"]}}],"collection":[{"href":"https:\/\/usagers-transports.haut-allier.eu\/index.php\/wp-json\/wp\/v2\/posts"}],"about":[{"href":"https:\/\/usagers-transports.haut-allier.eu\/index.php\/wp-json\/wp\/v2\/types\/post"}],"author":[{"embeddable":true,"href":"https:\/\/usagers-transports.haut-allier.eu\/index.php\/wp-json\/wp\/v2\/users\/1"}],"replies":[{"embeddable":true,"href":"https:\/\/usagers-transports.haut-allier.eu\/index.php\/wp-json\/wp\/v2\/comments?post=875"}],"version-history":[{"count":0,"href":"https:\/\/usagers-transports.haut-allier.eu\/index.php\/wp-json\/wp\/v2\/posts\/875\/revisions"}],"wp:featuredmedia":[{"embeddable":true,"href":"https:\/\/usagers-transports.haut-allier.eu\/index.php\/wp-json\/wp\/v2\/media\/3752"}],"wp:attachment":[{"href":"https:\/\/usagers-transports.haut-allier.eu\/index.php\/wp-json\/wp\/v2\/media?parent=875"}],"wp:term":[{"taxonomy":"category","embeddable":true,"href":"https:\/\/usagers-transports.haut-allier.eu\/index.php\/wp-json\/wp\/v2\/categories?post=875"},{"taxonomy":"post_tag","embeddable":true,"href":"https:\/\/usagers-transports.haut-allier.eu\/index.php\/wp-json\/wp\/v2\/tags?post=875"}],"curies":[{"name":"wp","href":"https:\/\/api.w.org\/{rel}","templated":true}]}}