{"id":877,"date":"2022-04-13T08:24:38","date_gmt":"2022-04-13T06:24:38","guid":{"rendered":"http:\/\/5.45.101.177\/haut-allier\/usagers-transportse\/index.php\/2022\/04\/13\/trains-autonomes-l-interessant877\/"},"modified":"2022-04-13T08:24:38","modified_gmt":"2022-04-13T06:24:38","slug":"trains-autonomes-l-interessant877","status":"publish","type":"post","link":"https:\/\/usagers-transports.haut-allier.eu\/index.php\/2022\/04\/13\/trains-autonomes-l-interessant877\/","title":{"rendered":"Trains autonomes : l&rsquo;int\u00e9ressant \u00ab\u00a0\u00e9cotrain\u00a0\u00bb con\u00e7u dans le Tarn"},"content":{"rendered":"<p>Dans <a href=\"https:\/\/usagers-transports.haut-allier.eu\/?gros-forcing-sncf-aupres-des-elus,865\"><em>notre article du 20 mars<\/em><\/a> sur les solutions de mobilit\u00e9 l\u00e9g\u00e8re envisag\u00e9es nous \u00e9tions tr\u00e8s critiques sur la plupart des exp\u00e9riences de trains l\u00e9gers, sauf pour une, l&rsquo;Ecotrain d\u00e9velopp\u00e9 \u00e0 Albi.<br \/>\n&nbsp;<br \/>\nUn int\u00e9ressant <a href=\"https:\/\/actu.fr\/societe\/le-train-autonome-du-futur-est-concu-en-occitanie-il-circulera-dans-le-tarn-et-dans-le-gers_50051349.html\"><em>article r\u00e9cent d&rsquo;Actu.fr<\/em><\/a> d\u00e9veloppe l&rsquo;\u00e9tat d&rsquo;avancement de ce <a href=\"https:\/\/navetteferroviaire.org\/\"><em>projet<\/em><\/a> soutenu par la r\u00e9gion Occitanie, pour lequel l&rsquo;\u00e9cole des mines d&rsquo;Albi &#8211; Carmaux participe activement.<br \/>\n&nbsp;<br \/>\nVous allez le lire mais oui dans le cadre du renforcement des services \u00e0 l&rsquo;usager rural il est digne d&rsquo;int\u00e9r\u00eat si :<br \/>\n&nbsp;<br \/>\n&#8211; contrairement \u00e0 ce qui est sugg\u00e9r\u00e9 dans l&rsquo;article <strong>on ne touche pas au niveau des infrastructures<\/strong> qui doivent continuer \u00e0 accueillir les quelques trains \u00ab\u00a0normaux\u00a0\u00bb, des fois deux AR par jour sur certaines lignes,<br \/>\n&#8211; on am\u00e9nage correctement la <strong>cohabitation<\/strong> entre ces navettes \u00e9lectriques sans conducteur et la circulation des trains normaux, ce qui sera tr\u00e8s dur voire impossible avec la SNCF,<br \/>\n&#8211; on offre \u00e0 l&rsquo;usager rural un <strong>cadencement digne<\/strong>, une navette toutes les 30 minutes par exemple dans les deux sens,<br \/>\n&#8211; on offre aux usagers une <strong>desserte horaire \u00e9tendue<\/strong>, de 6h \u00e0 24h par exemple tous les jours.<br \/>\n&nbsp;<br \/>\nAlors dans ce cas oui ce type de navette autonome peut vraiment changer la donne et attirer de nouveaux habitants tels qu&rsquo;on le voit dans les grandes villes pour les quartiers proche d&rsquo;une ligne de m\u00e9tro ou de tram.<br \/>\n&nbsp;<br \/>\n<img loading=\"lazy\" decoding=\"async\" class=\" aligncenter size-full wp-image-3756\" src=\"http:\/\/5.45.101.177\/haut-allier\/usagers-transportse\/wp-content\/uploads\/2022\/04\/ecotrain2500.jpg\" alt=\"ecotrain2500.jpg\" align=\"center\" width=\"2500\" height=\"1615\" srcset=\"https:\/\/usagers-transports.haut-allier.eu\/wp-content\/uploads\/2022\/04\/ecotrain2500.jpg 2500w, https:\/\/usagers-transports.haut-allier.eu\/wp-content\/uploads\/2022\/04\/ecotrain2500-300x194.jpg 300w, https:\/\/usagers-transports.haut-allier.eu\/wp-content\/uploads\/2022\/04\/ecotrain2500-1024x662.jpg 1024w, https:\/\/usagers-transports.haut-allier.eu\/wp-content\/uploads\/2022\/04\/ecotrain2500-768x496.jpg 768w, https:\/\/usagers-transports.haut-allier.eu\/wp-content\/uploads\/2022\/04\/ecotrain2500-1536x992.jpg 1536w, https:\/\/usagers-transports.haut-allier.eu\/wp-content\/uploads\/2022\/04\/ecotrain2500-2048x1323.jpg 2048w\" sizes=\"auto, (max-width: 2500px) 100vw, 2500px\" \/><br \/>\n&nbsp;<br \/>\nToute la question est : comment faire cohabiter les trains SNCF et ce service de navettes autonomes ? Il y a certainement des solutions techniques faciles \u00e0 mettre en oeuvre, mais dans notre pays tout n&rsquo;est pas envisageable si facilement. Le d\u00e9sir politique y sera-t-il ? Nous en doutons. En tous cas cette exp\u00e9rience va quand m\u00eame aboutir \u00e0 du concret dans le Tarn en 2025 et dans le Gers plus tard. A suivre de tr\u00e8s pr\u00e8s donc.<br \/>\n&nbsp;<br \/>\nDe plus c&rsquo;est la r\u00e9gion Occitanie qui sera l&rsquo;autorit\u00e9 de gestion du futur dispositif. On ne peut douter de son volontarisme de faire aboutir.<br \/>\n&nbsp;<br \/>\nL&rsquo;article se lit <a href=\"https:\/\/actu.fr\/societe\/le-train-autonome-du-futur-est-concu-en-occitanie-il-circulera-dans-le-tarn-et-dans-le-gers_50051349.html\"><em>ici<\/em><\/a>.<br \/>\n&nbsp;<\/p>\n","protected":false},"excerpt":{"rendered":"<p>Dans notre article du 20 mars sur les solutions de mobilit\u00e9 l\u00e9g\u00e8re envisag\u00e9es nous \u00e9tions tr\u00e8s critiques sur<\/p>\n","protected":false},"author":1,"featured_media":3755,"comment_status":"open","ping_status":"open","sticky":false,"template":"","format":"standard","meta":{"footnotes":""},"categories":[2],"tags":[],"class_list":["post-877","post","type-post","status-publish","format-standard","has-post-thumbnail","hentry","category-infos"],"_links":{"self":[{"href":"https:\/\/usagers-transports.haut-allier.eu\/index.php\/wp-json\/wp\/v2\/posts\/877","targetHints":{"allow":["GET"]}}],"collection":[{"href":"https:\/\/usagers-transports.haut-allier.eu\/index.php\/wp-json\/wp\/v2\/posts"}],"about":[{"href":"https:\/\/usagers-transports.haut-allier.eu\/index.php\/wp-json\/wp\/v2\/types\/post"}],"author":[{"embeddable":true,"href":"https:\/\/usagers-transports.haut-allier.eu\/index.php\/wp-json\/wp\/v2\/users\/1"}],"replies":[{"embeddable":true,"href":"https:\/\/usagers-transports.haut-allier.eu\/index.php\/wp-json\/wp\/v2\/comments?post=877"}],"version-history":[{"count":0,"href":"https:\/\/usagers-transports.haut-allier.eu\/index.php\/wp-json\/wp\/v2\/posts\/877\/revisions"}],"wp:featuredmedia":[{"embeddable":true,"href":"https:\/\/usagers-transports.haut-allier.eu\/index.php\/wp-json\/wp\/v2\/media\/3755"}],"wp:attachment":[{"href":"https:\/\/usagers-transports.haut-allier.eu\/index.php\/wp-json\/wp\/v2\/media?parent=877"}],"wp:term":[{"taxonomy":"category","embeddable":true,"href":"https:\/\/usagers-transports.haut-allier.eu\/index.php\/wp-json\/wp\/v2\/categories?post=877"},{"taxonomy":"post_tag","embeddable":true,"href":"https:\/\/usagers-transports.haut-allier.eu\/index.php\/wp-json\/wp\/v2\/tags?post=877"}],"curies":[{"name":"wp","href":"https:\/\/api.w.org\/{rel}","templated":true}]}}