{"id":878,"date":"2022-04-15T07:53:08","date_gmt":"2022-04-15T05:53:08","guid":{"rendered":"http:\/\/5.45.101.177\/haut-allier\/usagers-transportse\/index.php\/2022\/04\/15\/ligne-du-train-cevenol-pendant-les878\/"},"modified":"2022-04-15T07:53:08","modified_gmt":"2022-04-15T05:53:08","slug":"ligne-du-train-cevenol-pendant-les878","status":"publish","type":"post","link":"https:\/\/usagers-transports.haut-allier.eu\/index.php\/2022\/04\/15\/ligne-du-train-cevenol-pendant-les878\/","title":{"rendered":"Ligne du train C\u00e9venol : pendant les trois mois de travaux des bus de substitution qui \u00e9vitent les gares [MAJ]"},"content":{"rendered":"<p>Tout le trafic ferroviaire sur la ligne des C\u00e9vennes est coup\u00e9 jusqu&rsquo;au 17 juin mais les bus et minibus de substitution mis en place par les r\u00e9gions desservent les gares avec quelques al\u00e9as toutefois ou quand le conducteur est au courant. Deux exemples : en Haute-Loire et dans le Gard.<br \/>\n&nbsp;<br \/>\n[fond rouge][blanc]<strong>Le minibus ne descend pas \u00e0 Pont d&rsquo;Alleyras<\/strong>[\/blanc][\/fond rouge]<br \/>\n&nbsp;<br \/>\nC&rsquo;\u00e9tait le vendredi 1er avril au matin et ce n&rsquo;est pas un poisson ce voyageur du Villard sur le plateau du Dev\u00e8s, \u00e0 7 kilom\u00e8tres de la gare d&rsquo;Alleyras, ach\u00e8te son billet sur Internet et son p\u00e8re le descend en voiture afin qu&rsquo;il prenne le bus de 10h37 qui doit le mener \u00e0 Brioude o\u00f9 il prendra un TER en correspondance pour Clermont-Ferrand.<br \/>\n&nbsp;<br \/>\n<img loading=\"lazy\" decoding=\"async\" class=\" aligncenter size-full wp-image-3758\" src=\"http:\/\/5.45.101.177\/haut-allier\/usagers-transportse\/wp-content\/uploads\/2022\/04\/screenshot-www.google.com-2022.04.14-19_51_51.jpg\" alt=\"screenshot-www.google.com-2022.04.14-19_51_51.jpg\" align=\"center\" width=\"680\" height=\"395\" srcset=\"https:\/\/usagers-transports.haut-allier.eu\/wp-content\/uploads\/2022\/04\/screenshot-www.google.com-2022.04.14-19_51_51.jpg 680w, https:\/\/usagers-transports.haut-allier.eu\/wp-content\/uploads\/2022\/04\/screenshot-www.google.com-2022.04.14-19_51_51-300x174.jpg 300w\" sizes=\"auto, (max-width: 680px) 100vw, 680px\" \/><br \/>\n&nbsp;<br \/>\nLe temps est neigeux mais la route est d\u00e9gag\u00e9e. La webcam d&rsquo;Alleyras Capitale montre que m\u00eame les petites routes sont d\u00e9gag\u00e9es.<br \/>\n&nbsp;<br \/>\n<img loading=\"lazy\" decoding=\"async\" class=\" aligncenter size-full wp-image-3759\" src=\"http:\/\/5.45.101.177\/haut-allier\/usagers-transportse\/wp-content\/uploads\/2022\/04\/allcha2-2022-04-01c.jpg\" alt=\"allcha2-2022-04-01c.jpg\" align=\"center\" width=\"640\" height=\"480\" srcset=\"https:\/\/usagers-transports.haut-allier.eu\/wp-content\/uploads\/2022\/04\/allcha2-2022-04-01c.jpg 640w, https:\/\/usagers-transports.haut-allier.eu\/wp-content\/uploads\/2022\/04\/allcha2-2022-04-01c-300x225.jpg 300w\" sizes=\"auto, (max-width: 640px) 100vw, 640px\" \/><br \/>\n&nbsp;<br \/>\nLe fils de Mr Pays aura beau attendre au caf\u00e9 du Relais de la gare durant plus d&rsquo;une heure le minibus n&rsquo;est jamais arriv\u00e9 et le pater a du redescendre le chercher pour l&rsquo;amener \u00e0 Brioude. 28 kms de trajet + la route vers Brioude. C&rsquo;est pas g\u00e9nial un service de substitution pareil, sur lequel on ne peux pas compter ? Soyons s\u00fbr que c&rsquo;est d\u00e9sormais un adepte de la SNCF de moins.<br \/>\n&nbsp;<br \/>\nNous avons alert\u00e9 SNCF Voyageurs Auvergne Rh\u00f4ne Alpes qui s&rsquo;occupent de ces substitutions bus.<br \/>\n&nbsp;<br \/>\n<strong>[MAJ : R\u00e9ponse de SNCF Voyageurs du 22\/04\/2022]<\/strong><br \/>\n&nbsp;<\/p>\n<blockquote class=\"poesie\"><p>\nApr\u00e8s recherche nous avons pu retrouver la cause de cet incident li\u00e9 aux intemp\u00e9ries neigeuses des quelques jours de d\u00e9but avril marqu\u00e9s par de nombreux arr\u00eat\u00e9s pr\u00e9fectoraux.<\/p>\n<p>Course impact\u00e9e :<br \/>\n406680 (Sf DF) Langogne 09h39,  Chapeauroux 10h09, Alleyras 10h34, Monistrol 10h57, Langeac 11h37, St Georges d\u2019Aurac 11h48 Brioude 12h10.<\/p>\n<p>Nous nous sommes rapproch\u00e9s du conducteur qui nous a confirm\u00e9 avoir r\u00e9alis\u00e9 la course mais avoir shunt\u00e9 Chapeauroux et Alleyras pour cause de mauvais temps car d\u00e9s le d\u00e9part il a eu de neige et il est arriv\u00e9 avec du retard \u00e0 Monistrol.<br \/>\nIl a m\u00eame pris des photos.<\/p>\n<p><img loading=\"lazy\" decoding=\"async\" class=\" aligncenter size-full wp-image-3760\" src=\"http:\/\/5.45.101.177\/haut-allier\/usagers-transportse\/wp-content\/uploads\/2022\/04\/img20220401084400.jpg\" alt=\"img20220401084400.jpg\" align=\"center\" width=\"1500\" height=\"2000\" srcset=\"https:\/\/usagers-transports.haut-allier.eu\/wp-content\/uploads\/2022\/04\/img20220401084400.jpg 1500w, https:\/\/usagers-transports.haut-allier.eu\/wp-content\/uploads\/2022\/04\/img20220401084400-225x300.jpg 225w, https:\/\/usagers-transports.haut-allier.eu\/wp-content\/uploads\/2022\/04\/img20220401084400-768x1024.jpg 768w, https:\/\/usagers-transports.haut-allier.eu\/wp-content\/uploads\/2022\/04\/img20220401084400-1152x1536.jpg 1152w\" sizes=\"auto, (max-width: 1500px) 100vw, 1500px\" \/><\/p>\n<p><img loading=\"lazy\" decoding=\"async\" class=\" aligncenter size-full wp-image-3761\" src=\"http:\/\/5.45.101.177\/haut-allier\/usagers-transportse\/wp-content\/uploads\/2022\/04\/img20220401083906.jpg\" alt=\"img20220401083906.jpg\" align=\"center\" width=\"2000\" height=\"1500\" srcset=\"https:\/\/usagers-transports.haut-allier.eu\/wp-content\/uploads\/2022\/04\/img20220401083906.jpg 2000w, https:\/\/usagers-transports.haut-allier.eu\/wp-content\/uploads\/2022\/04\/img20220401083906-300x225.jpg 300w, https:\/\/usagers-transports.haut-allier.eu\/wp-content\/uploads\/2022\/04\/img20220401083906-1024x768.jpg 1024w, https:\/\/usagers-transports.haut-allier.eu\/wp-content\/uploads\/2022\/04\/img20220401083906-768x576.jpg 768w, https:\/\/usagers-transports.haut-allier.eu\/wp-content\/uploads\/2022\/04\/img20220401083906-1536x1152.jpg 1536w\" sizes=\"auto, (max-width: 2000px) 100vw, 2000px\" \/><\/p>\n<p>Nous sommes d\u00e9sol\u00e9s de ce contretemps survenu.<br \/>\nDe part votre message et de la recherche effectu\u00e9e le transporteur routier est donc bien avis\u00e9.<br \/>\nNous avons \u00e9galement mis en place un suivi GPS qui nous permettra de nous assurer du parcours r\u00e9el effectu\u00e9.<\/p>\n<p>Bien cordialement.\n<\/p><\/blockquote>\n<p>&nbsp;<br \/>\n[fond rouge][blanc]<strong>A Chamborigaud le bus d\u00e9cide, lui, de ne pas monter<\/strong>[\/blanc][\/fond rouge]<br \/>\n&nbsp;<br \/>\n&#8230;\u00e0 la gare. L\u00e0 c&rsquo;est le mardi 12 avril vers 11h20, le car Faure, en direction d&rsquo;Al\u00e8s s&rsquo;arr\u00eate sur le bord de la route sans monter \u00e0 la gare, pendant qu&rsquo;une maman et son enfant descendent en courant. Si un usager ne l&rsquo;avait pas signal\u00e9 et n&rsquo;avait pas engag\u00e9 la conversation avec le chauffeur, \u00e9bahi et qui avait l&rsquo;air d&rsquo;ignorer la proc\u00e9dure, le bus serait parti sans prendre les voyageurs.<br \/>\n&nbsp;<br \/>\n<img loading=\"lazy\" decoding=\"async\" class=\" aligncenter size-full wp-image-3762\" src=\"http:\/\/5.45.101.177\/haut-allier\/usagers-transportse\/wp-content\/uploads\/2022\/04\/screenshot-www.geoportail.gouv_.fr-2022.04.15-07_11_58.jpg\" alt=\"screenshot-www.geoportail.gouv.fr-2022.04.15-07_11_58.jpg\" align=\"center\" width=\"640\" height=\"354\" srcset=\"https:\/\/usagers-transports.haut-allier.eu\/wp-content\/uploads\/2022\/04\/screenshot-www.geoportail.gouv_.fr-2022.04.15-07_11_58.jpg 640w, https:\/\/usagers-transports.haut-allier.eu\/wp-content\/uploads\/2022\/04\/screenshot-www.geoportail.gouv_.fr-2022.04.15-07_11_58-300x166.jpg 300w\" sizes=\"auto, (max-width: 640px) 100vw, 640px\" \/><br \/>\n&nbsp;<br \/>\nLe Comit\u00e9 de d\u00e9fense des services publics en hautes C\u00e9vennes a alert\u00e9 SNCF Voyageurs et a obtenu qu&rsquo;un rappel soit fait au charg\u00e9 de la gestion des transporteurs routiers en Auvergne Rh\u00f4ne Alpes dont d\u00e9pendait le bus.<br \/>\n&nbsp;<br \/>\nLe Vice-pr\u00e9sident charg\u00e9 des transports en Occitanie Jean-Luc Gibelin a r\u00e9agi et met en garde SNCF :<br \/>\n&nbsp;<br \/>\n<em>\u00a0\u00bb (&#8230;) Les entreprises de transport routier rencontrent de r\u00e9elles difficult\u00e9s dans le recrutement des conductrices et conducteurs. Cela peut compliquer  la bonne transmission des informations.<br \/>\n&nbsp;<br \/>\nIl est d\u2019autant plus important que le groupe Sncf  soit tr\u00e8s vigilant pour que les informations soient parfaitement transmises aux conducteurs et conductrices.\u00a0\u00bb<\/em><br \/>\n&nbsp;<br \/>\nDe notre c\u00f4t\u00e9 nous attendons une r\u00e9ponse de SNCF Voyageurs AuRA.<\/p>\n","protected":false},"excerpt":{"rendered":"<p>Tout le trafic ferroviaire sur la ligne des C\u00e9vennes est coup\u00e9 jusqu&rsquo;au 17 juin mais les bus et<\/p>\n","protected":false},"author":1,"featured_media":3757,"comment_status":"open","ping_status":"open","sticky":false,"template":"","format":"standard","meta":{"footnotes":""},"categories":[2],"tags":[],"class_list":["post-878","post","type-post","status-publish","format-standard","has-post-thumbnail","hentry","category-infos"],"_links":{"self":[{"href":"https:\/\/usagers-transports.haut-allier.eu\/index.php\/wp-json\/wp\/v2\/posts\/878","targetHints":{"allow":["GET"]}}],"collection":[{"href":"https:\/\/usagers-transports.haut-allier.eu\/index.php\/wp-json\/wp\/v2\/posts"}],"about":[{"href":"https:\/\/usagers-transports.haut-allier.eu\/index.php\/wp-json\/wp\/v2\/types\/post"}],"author":[{"embeddable":true,"href":"https:\/\/usagers-transports.haut-allier.eu\/index.php\/wp-json\/wp\/v2\/users\/1"}],"replies":[{"embeddable":true,"href":"https:\/\/usagers-transports.haut-allier.eu\/index.php\/wp-json\/wp\/v2\/comments?post=878"}],"version-history":[{"count":0,"href":"https:\/\/usagers-transports.haut-allier.eu\/index.php\/wp-json\/wp\/v2\/posts\/878\/revisions"}],"wp:featuredmedia":[{"embeddable":true,"href":"https:\/\/usagers-transports.haut-allier.eu\/index.php\/wp-json\/wp\/v2\/media\/3757"}],"wp:attachment":[{"href":"https:\/\/usagers-transports.haut-allier.eu\/index.php\/wp-json\/wp\/v2\/media?parent=878"}],"wp:term":[{"taxonomy":"category","embeddable":true,"href":"https:\/\/usagers-transports.haut-allier.eu\/index.php\/wp-json\/wp\/v2\/categories?post=878"},{"taxonomy":"post_tag","embeddable":true,"href":"https:\/\/usagers-transports.haut-allier.eu\/index.php\/wp-json\/wp\/v2\/tags?post=878"}],"curies":[{"name":"wp","href":"https:\/\/api.w.org\/{rel}","templated":true}]}}