{"id":879,"date":"2022-04-20T08:16:48","date_gmt":"2022-04-20T06:16:48","guid":{"rendered":"http:\/\/5.45.101.177\/haut-allier\/usagers-transportse\/index.php\/2022\/04\/20\/ligne-des-cevennes-lettre-du-maire879\/"},"modified":"2022-04-20T08:16:48","modified_gmt":"2022-04-20T06:16:48","slug":"ligne-des-cevennes-lettre-du-maire879","status":"publish","type":"post","link":"https:\/\/usagers-transports.haut-allier.eu\/index.php\/2022\/04\/20\/ligne-des-cevennes-lettre-du-maire879\/","title":{"rendered":"Ligne des C\u00e9vennes : lettre du maire de Langogne pour le retour du train denuit"},"content":{"rendered":"<p>Marc Oziol maire de Langogne, a interpell\u00e9 le 15 avril le Premier ministre au sujet du retour du TDN sur la ligne des C\u00e9vennes, alors que son infrastructure sera p\u00e9renne en 2027 comme souhait\u00e9 par l&rsquo;\u00e9tude sur les trains Intercit\u00e9s et trains de nuit et par la DGTIM et le gouvernement, \u00e9tude qui n&rsquo;a retenu ni la ligne des C\u00e9vennes ni celle de l&rsquo;Aubrac avant 2030.<br \/>\n&nbsp;<br \/>\nVoici la lettre :<br \/>\n&nbsp;<br \/>\n<img loading=\"lazy\" decoding=\"async\" class=\" aligncenter size-full wp-image-3764\" src=\"http:\/\/5.45.101.177\/haut-allier\/usagers-transportse\/wp-content\/uploads\/2022\/04\/lettre-marc-oziol.jpg\" alt=\"lettre-marc-oziol.jpg\" align=\"center\" width=\"1284\" height=\"1850\" srcset=\"https:\/\/usagers-transports.haut-allier.eu\/wp-content\/uploads\/2022\/04\/lettre-marc-oziol.jpg 1284w, https:\/\/usagers-transports.haut-allier.eu\/wp-content\/uploads\/2022\/04\/lettre-marc-oziol-208x300.jpg 208w, https:\/\/usagers-transports.haut-allier.eu\/wp-content\/uploads\/2022\/04\/lettre-marc-oziol-711x1024.jpg 711w, https:\/\/usagers-transports.haut-allier.eu\/wp-content\/uploads\/2022\/04\/lettre-marc-oziol-768x1107.jpg 768w, https:\/\/usagers-transports.haut-allier.eu\/wp-content\/uploads\/2022\/04\/lettre-marc-oziol-1066x1536.jpg 1066w\" sizes=\"auto, (max-width: 1284px) 100vw, 1284px\" \/><br \/>\n&nbsp;<br \/>\nD&rsquo;autre part les usagers ne voient pas pourquoi le train de nuit Paris Clermont et tribranche vers Aurillac B\u00e9ziers et N\u00eemes ne verrait pas le jour avant que le renouvellement rail voie ballast entier ne se fasse. Des trains quotidiens y circulent toute l&rsquo;ann\u00e9e.<br \/>\n&nbsp;<br \/>\n<img loading=\"lazy\" decoding=\"async\" class=\" aligncenter size-full wp-image-3765\" src=\"http:\/\/5.45.101.177\/haut-allier\/usagers-transportse\/wp-content\/uploads\/2022\/04\/logo-tribranche-12-003-1000.jpg\" alt=\"logo-tribranche-12-003-1000.jpg\" align=\"center\" width=\"512\" height=\"1006\" srcset=\"https:\/\/usagers-transports.haut-allier.eu\/wp-content\/uploads\/2022\/04\/logo-tribranche-12-003-1000.jpg 512w, https:\/\/usagers-transports.haut-allier.eu\/wp-content\/uploads\/2022\/04\/logo-tribranche-12-003-1000-153x300.jpg 153w\" sizes=\"auto, (max-width: 512px) 100vw, 512px\" \/><br \/>\n&nbsp;<br \/>\n<strong>Tous pour le train de nuit tribranche Paris Clermont Aurillac \/ B\u00e9ziers \/ N\u00eemes avant 2030 !<\/strong><br \/>\n&nbsp;<\/p>\n","protected":false},"excerpt":{"rendered":"<p>Marc Oziol maire de Langogne, a interpell\u00e9 le 15 avril le Premier ministre au sujet du retour du<\/p>\n","protected":false},"author":1,"featured_media":3763,"comment_status":"open","ping_status":"open","sticky":false,"template":"","format":"standard","meta":{"footnotes":""},"categories":[2],"tags":[],"class_list":["post-879","post","type-post","status-publish","format-standard","has-post-thumbnail","hentry","category-infos"],"_links":{"self":[{"href":"https:\/\/usagers-transports.haut-allier.eu\/index.php\/wp-json\/wp\/v2\/posts\/879","targetHints":{"allow":["GET"]}}],"collection":[{"href":"https:\/\/usagers-transports.haut-allier.eu\/index.php\/wp-json\/wp\/v2\/posts"}],"about":[{"href":"https:\/\/usagers-transports.haut-allier.eu\/index.php\/wp-json\/wp\/v2\/types\/post"}],"author":[{"embeddable":true,"href":"https:\/\/usagers-transports.haut-allier.eu\/index.php\/wp-json\/wp\/v2\/users\/1"}],"replies":[{"embeddable":true,"href":"https:\/\/usagers-transports.haut-allier.eu\/index.php\/wp-json\/wp\/v2\/comments?post=879"}],"version-history":[{"count":0,"href":"https:\/\/usagers-transports.haut-allier.eu\/index.php\/wp-json\/wp\/v2\/posts\/879\/revisions"}],"wp:featuredmedia":[{"embeddable":true,"href":"https:\/\/usagers-transports.haut-allier.eu\/index.php\/wp-json\/wp\/v2\/media\/3763"}],"wp:attachment":[{"href":"https:\/\/usagers-transports.haut-allier.eu\/index.php\/wp-json\/wp\/v2\/media?parent=879"}],"wp:term":[{"taxonomy":"category","embeddable":true,"href":"https:\/\/usagers-transports.haut-allier.eu\/index.php\/wp-json\/wp\/v2\/categories?post=879"},{"taxonomy":"post_tag","embeddable":true,"href":"https:\/\/usagers-transports.haut-allier.eu\/index.php\/wp-json\/wp\/v2\/tags?post=879"}],"curies":[{"name":"wp","href":"https:\/\/api.w.org\/{rel}","templated":true}]}}