{"id":88,"date":"2013-11-15T07:43:53","date_gmt":"2013-11-15T06:43:53","guid":{"rendered":"http:\/\/5.45.101.177\/haut-allier\/usagers-transportse\/index.php\/2013\/11\/15\/train-beziers-bordeaux-et-st088\/"},"modified":"2013-11-15T07:43:53","modified_gmt":"2013-11-15T06:43:53","slug":"train-beziers-bordeaux-et-st088","status":"publish","type":"post","link":"https:\/\/usagers-transports.haut-allier.eu\/index.php\/2013\/11\/15\/train-beziers-bordeaux-et-st088\/","title":{"rendered":"Train : B\u00e9ziers, Bordeaux et St Etienne \/ Clermont-Ferrand ferm\u00e9s en juillet 2014 !"},"content":{"rendered":"<p>Le magazine \u00e9conomique Challenges, certainement bien inform\u00e9, publie un article \u00ab\u00a0qui croit tout savoir\u00a0\u00bb sur les fermetures de lignes \u00e0 venir en Auvergne par la SNCF. On y apprend que la ligne Clermont-Ferrand Saint-Etienne directe par Thiers, la ligne Clermont-Ferrand Bordeaux par Ussel, et carr\u00e9ment la ligne de l&rsquo;Aubrac B\u00e9ziers Clermont vont fermer au plus tard en juillet 2014 !<br \/>\n&nbsp;<br \/>\n<strong>Ainsi ce que le gouvernement de droite r\u00eavait de faire cette m\u00eame ann\u00e9e celui dit de gauche l&rsquo;ex\u00e9cute sans broncher.<\/strong><br \/>\n&nbsp;<br \/>\nEt la revue semble s&rsquo;en r\u00e9jouir&#8230; cela fait partie de \u00a0\u00bb l&rsquo;assainissement \u00a0\u00bb financier si n\u00e9cessaire bien entendu, et si cher \u00e0 ses lecteurs, sans doute actionnaires pour beaucoup, On n&rsquo;y parle plus ici de service public et le journaliste justifie chaque future d\u00e9cision : \u00ab\u00a0D&rsquo;autant que le plan rail en Auvergne et Midi Pyr\u00e9n\u00e9es ne concernent que les voies r\u00e9gionales\u00a0\u00bb&#8230; On a bien compris : d\u00e8s que la gestion est 100% RFF \/ SNCF on ferme ! O\u00f9 sont les beaux discours minist\u00e9riels sur la n\u00e9cessit\u00e9 de p\u00e9renniser les voies inter r\u00e9gionales et intercit\u00e9s ? O\u00f9 sont les belles d\u00e9clarations aux d\u00e9put\u00e9s du pr\u00e9sident Guillaume P\u00e9py qui <a href=\"http:\/\/usagers-transports.haut-allier.eu\/spip.php?article8\">soutenait<\/a> que l&rsquo;Aubrac et le C\u00e9venol ne craignaient rien, lui qui connaissait le nom de toutes les gares par coeur ?<br \/>\n&nbsp;<br \/>\nL&rsquo;<a href=\"http:\/\/www.challenges.fr\/entreprise\/20131113.CHA6894\/sncf-le-reseau-ferroviaire-ampute-de-ses-lignes-trop-couteuses-a-renover.html\">article<\/a> \u00e0 lire sur le site de Challenges, la bien nomm\u00e9e revue.<br \/>\n&nbsp;<br \/>\n<strong>Mais qui va enfin taper du poing sur la table ?<\/strong><\/p>\n","protected":false},"excerpt":{"rendered":"<p>Le magazine \u00e9conomique Challenges, certainement bien inform\u00e9, publie un article \u00ab\u00a0qui croit tout savoir\u00a0\u00bb sur les fermetures de<\/p>\n","protected":false},"author":1,"featured_media":1510,"comment_status":"closed","ping_status":"open","sticky":false,"template":"","format":"standard","meta":{"footnotes":""},"categories":[2],"tags":[],"class_list":["post-88","post","type-post","status-publish","format-standard","has-post-thumbnail","hentry","category-infos"],"_links":{"self":[{"href":"https:\/\/usagers-transports.haut-allier.eu\/index.php\/wp-json\/wp\/v2\/posts\/88","targetHints":{"allow":["GET"]}}],"collection":[{"href":"https:\/\/usagers-transports.haut-allier.eu\/index.php\/wp-json\/wp\/v2\/posts"}],"about":[{"href":"https:\/\/usagers-transports.haut-allier.eu\/index.php\/wp-json\/wp\/v2\/types\/post"}],"author":[{"embeddable":true,"href":"https:\/\/usagers-transports.haut-allier.eu\/index.php\/wp-json\/wp\/v2\/users\/1"}],"replies":[{"embeddable":true,"href":"https:\/\/usagers-transports.haut-allier.eu\/index.php\/wp-json\/wp\/v2\/comments?post=88"}],"version-history":[{"count":0,"href":"https:\/\/usagers-transports.haut-allier.eu\/index.php\/wp-json\/wp\/v2\/posts\/88\/revisions"}],"wp:featuredmedia":[{"embeddable":true,"href":"https:\/\/usagers-transports.haut-allier.eu\/index.php\/wp-json\/wp\/v2\/media\/1510"}],"wp:attachment":[{"href":"https:\/\/usagers-transports.haut-allier.eu\/index.php\/wp-json\/wp\/v2\/media?parent=88"}],"wp:term":[{"taxonomy":"category","embeddable":true,"href":"https:\/\/usagers-transports.haut-allier.eu\/index.php\/wp-json\/wp\/v2\/categories?post=88"},{"taxonomy":"post_tag","embeddable":true,"href":"https:\/\/usagers-transports.haut-allier.eu\/index.php\/wp-json\/wp\/v2\/tags?post=88"}],"curies":[{"name":"wp","href":"https:\/\/api.w.org\/{rel}","templated":true}]}}