{"id":881,"date":"2022-04-25T06:55:02","date_gmt":"2022-04-25T04:55:02","guid":{"rendered":"http:\/\/5.45.101.177\/haut-allier\/usagers-transportse\/index.php\/2022\/04\/25\/prolonger-le-train-de-nuit-paris881\/"},"modified":"2022-04-25T06:55:02","modified_gmt":"2022-04-25T04:55:02","slug":"prolonger-le-train-de-nuit-paris881","status":"publish","type":"post","link":"https:\/\/usagers-transports.haut-allier.eu\/index.php\/2022\/04\/25\/prolonger-le-train-de-nuit-paris881\/","title":{"rendered":"Prolonger le train de nuit Paris Aurillac jusqu&rsquo;en Loz\u00e8re et Aveyron"},"content":{"rendered":"<p>Ceux qui nous suivent ont compris qu&rsquo;il y avait m\u00e9sentente sur la proposition de prolongation de la desserte en train de nuit depuis Aurillac vers le sud du Massif central.<br \/>\n&nbsp;<br \/>\nL&rsquo;association du Cantal \u00ab\u00a0Amiga\u00a0\u00bb, cr\u00e9\u00e9e pour d\u00e9fendre le viaduc de Garabit, qui s&rsquo;est empar\u00e9e d&rsquo;une de nos r\u00e9flexions en fin de l&rsquo;ann\u00e9e derni\u00e8re (<a href=\"https:\/\/usagers-transports.haut-allier.eu\/?massif-central-train-de-nuit-sa,863\"><em>voir notre article<\/em><\/a>) d\u00e9fend la poursuite du train vers Mende, ce que nous trouvons aberrant, cette ville n&rsquo;ayant jamais \u00e9t\u00e9 desservie par le train de nuit, \u00e9tant une commune d&rsquo;une importance d\u00e9mographique moiti\u00e9 moindre par rapport \u00e0 Millau, qui, elle, a \u00e9t\u00e9 desservie par le pass\u00e9, et surtout cette proposition farfelue met tr\u00e8s fortement en p\u00e9ril notre demande de retour du train de nuit Paris Clermont tribranche vers Aurillac B\u00e9ziers et N\u00eemes, puisqu&rsquo;une fois Mende desservie les cabinets parisiens pr\u00e9texteront que oui le massif central est suffisamment dot\u00e9 en train de nuit.<br \/>\n&nbsp;<br \/>\nOn nous r\u00e9torque que Millau sera desservie par le train de nuit allant \u00e0 Rodez via S\u00e9v\u00e9rac lorsque le tron\u00e7on S\u00e9v\u00e9rac Rodez sera rouvert. Deux objections :<br \/>\n&#8211; La r\u00e9ouverture de cette ligne est programm\u00e9e au mieux pour fin 2026, le train de nuit arrive \u00e0 Aurillac avec son \u00e9ventuelle prolongation en 2023,<br \/>\n&#8211; Les wagons couchettes de Millau et de Rodez seront pris sur le m\u00eame train que ceux pris pour Aurillac soit 8 voitures de moins sur le Paris Toulouse.<br \/>\n&nbsp;<br \/>\n<em>Carte issue des plans du gouvernement d&rsquo;ici 2030. Aucune communication n&rsquo;a \u00e9t\u00e9 faite pour la desserte signal\u00e9e de Clermont-Ferrand qui elle aussi est pol\u00e9mique. Ajoutons que les 3 lignes rouges vers le sud c&rsquo;est le m\u00eame train !<br \/>\n<\/em><br \/>\n<img loading=\"lazy\" decoding=\"async\" class=\" aligncenter size-full wp-image-3768\" src=\"http:\/\/5.45.101.177\/haut-allier\/usagers-transportse\/wp-content\/uploads\/2022\/04\/fjubzi-xoauvfix.png\" alt=\"fjubzi-xoauvfix.png\" align=\"center\" width=\"810\" height=\"772\" srcset=\"https:\/\/usagers-transports.haut-allier.eu\/wp-content\/uploads\/2022\/04\/fjubzi-xoauvfix.png 810w, https:\/\/usagers-transports.haut-allier.eu\/wp-content\/uploads\/2022\/04\/fjubzi-xoauvfix-300x286.png 300w, https:\/\/usagers-transports.haut-allier.eu\/wp-content\/uploads\/2022\/04\/fjubzi-xoauvfix-768x732.png 768w\" sizes=\"auto, (max-width: 810px) 100vw, 810px\" \/><br \/>\n&nbsp;<br \/>\n[fond rouge][blanc]<strong>R\u00e9sum\u00e9<\/strong>[\/blanc][\/fond rouge]<br \/>\n&nbsp;<br \/>\nLa proposition de l&rsquo;association Amiga : <em>\u00ab\u00a0Desserte du coeur du Massif central\u00a0\u00bb<\/em> comme annonc\u00e9 sur son <a href=\"https:\/\/www.amisgarabit.com\/2022\/03\/oui-traindenuit-ligne-aubrac.html\"><em>site<\/em><\/a>, Mende desservi via Aurillac en 2023, Millau desservi par Rodez en 2026 au mieux, autrement dit aucune place pour la desserte compl\u00e8te du Massif central avec sa partie Est par la ligne du C\u00e9venol. Le train tribranche ne reviendra jamais.<br \/>\n&nbsp;<br \/>\n[fond rouge][blanc]<strong>Nous faisons une autre proposition<\/strong>[\/blanc][\/fond rouge]<br \/>\n&nbsp;<br \/>\nNous ne pouvons laisser faire. Le terminus Mende de ce train de nuit, bien \u00e9trange, fera sans doute le bonheur du candidat aux l\u00e9gislatives de Loz\u00e8re, maire de la ville qui n&rsquo;en demandait pas temps&#8230; au d\u00e9triment des maires de Millau et S\u00e9v\u00e9rac qui eux devront attendre 2026 &#8211; 2027 pour la desserte de leur ville.<br \/>\n&nbsp;<br \/>\n<strong>Les associations et groupes de d\u00e9fense du ferroviaire du Massif central, sauf Amiga, propose la prolongation du TDN Paris Aurillac vers Millau. Il desservirait ainsi dans le m\u00eame ordre de temps la station du Lioran, Saint-Flour, Saint-Ch\u00e9ly d&rsquo;Apcher et Marvejols, l&rsquo;ouest de la Loz\u00e8re, puis S\u00e9v\u00e9rac-le-Ch\u00e2teau et Millau, l&rsquo;est et le sud Aveyron. Provisoirement jusqu&rsquo;au retour du train tribranche sans doute apr\u00e8s 2030. Voici nos calculs horaires :<\/strong><br \/>\n&nbsp;<br \/>\n<img loading=\"lazy\" decoding=\"async\" class=\" aligncenter size-full wp-image-3769\" src=\"http:\/\/5.45.101.177\/haut-allier\/usagers-transportse\/wp-content\/uploads\/2022\/04\/propositiontdnparismillau-etude-horaires.jpg\" alt=\"propositiontdnparismillau-etude-horaires.jpg\" align=\"center\" width=\"1099\" height=\"949\" srcset=\"https:\/\/usagers-transports.haut-allier.eu\/wp-content\/uploads\/2022\/04\/propositiontdnparismillau-etude-horaires.jpg 1099w, https:\/\/usagers-transports.haut-allier.eu\/wp-content\/uploads\/2022\/04\/propositiontdnparismillau-etude-horaires-300x259.jpg 300w, https:\/\/usagers-transports.haut-allier.eu\/wp-content\/uploads\/2022\/04\/propositiontdnparismillau-etude-horaires-1024x884.jpg 1024w, https:\/\/usagers-transports.haut-allier.eu\/wp-content\/uploads\/2022\/04\/propositiontdnparismillau-etude-horaires-768x663.jpg 768w\" sizes=\"auto, (max-width: 1099px) 100vw, 1099px\" \/><br \/>\n&nbsp;<br \/>\n[fond rouge][blanc]<strong>Les avantages du Paris Aurillac Millau<\/strong>[\/blanc][\/fond rouge]<br \/>\n&nbsp;<br \/>\n<strong><br \/>\n&#8211; Le remplacement de la desserte via Aurillac par celle future via Clermont sera transparente pour les millavois et les mendois,<br \/>\n&#8211; Nous avons l&rsquo;assurance que des TER Occitanie seront en correspondance sur la barre loz\u00e9rienne pour acheminer les mendois vers Marvejols et vers Labastide pour prendre les trains de nuit des branches ouest ou\/et est,<br \/>\n&#8211; L&rsquo;effet \u00ab\u00a0suppression de la desserte TDN\u00a0\u00bb de Mende lors de l&rsquo;av\u00e9nement du tribranche sera \u00e9vit\u00e9,<br \/>\n&#8211; Deux villes importantes desservies en 2023 avec S\u00e9v\u00e9rac-le-Ch\u00e2teau (5000 habitants) et Millau (25 000 habitants). Mende : 12 000 habitants.<br \/>\n<\/strong><br \/>\n&nbsp; <\/p>\n<p>[fond rouge][blanc]<strong>Les groupes de d\u00e9fense se regroupent en collectif <\/strong>[\/blanc][\/fond rouge]<br \/>\n&nbsp;<br \/>\nLe collectif <strong>\u00ab\u00a0Nous, voyageurs ! Massif central\u00a0\u00bb<\/strong> est cr\u00e9\u00e9 pour parler d&rsquo;une m\u00eame voix sur la probl\u00e9matique transports. Il regroupe \u00e0 ce jour trois entit\u00e9s, sans doute d&rsquo;autres viendront se joindre.<br \/>\n&nbsp;<br \/>\nIl dispose d\u00e9j\u00e0 d&rsquo;un site web qui reprend leurs articles (pour le moment seuls ceux du Collectif des usagers des transports du haut allier mais \u00e7a va tr\u00e8s vite \u00e9voluer). Il est disponible dans la plupart des langues, m\u00eame l&rsquo;occitan, et c&rsquo;est ici :<br \/>\n&nbsp;<br \/>\n<a href=\"https:\/\/massif-central.nous-voyageurs.eu\/\"><img loading=\"lazy\" decoding=\"async\" class=\" aligncenter size-full wp-image-3770\" src=\"http:\/\/5.45.101.177\/haut-allier\/usagers-transportse\/wp-content\/uploads\/2022\/04\/screenshot-massif-central.nous-voyageurs.eu-2022.04.23-10_33_33.jpg\" alt=\"screenshot-massif-central.nous-voyageurs.eu-2022.04.23-10_33_33.jpg\" align=\"center\" width=\"969\" height=\"636\" srcset=\"https:\/\/usagers-transports.haut-allier.eu\/wp-content\/uploads\/2022\/04\/screenshot-massif-central.nous-voyageurs.eu-2022.04.23-10_33_33.jpg 969w, https:\/\/usagers-transports.haut-allier.eu\/wp-content\/uploads\/2022\/04\/screenshot-massif-central.nous-voyageurs.eu-2022.04.23-10_33_33-300x197.jpg 300w, https:\/\/usagers-transports.haut-allier.eu\/wp-content\/uploads\/2022\/04\/screenshot-massif-central.nous-voyageurs.eu-2022.04.23-10_33_33-768x504.jpg 768w\" sizes=\"auto, (max-width: 969px) 100vw, 969px\" \/><\/a><br \/>\n&nbsp;<br \/>\nNous venons d&rsquo;adresser la proposition de prolongement du TDN Aurillac vers Mende au Premier ministre et aux autorit\u00e9s ad\u00e9quates.<br \/>\n&nbsp;<br \/>\nEt nous vous tiendrons inform\u00e9s.<br \/>\n&nbsp;<\/p>\n<p><img loading=\"lazy\" decoding=\"async\" class=\" aligncenter size-full wp-image-3771\" src=\"http:\/\/5.45.101.177\/haut-allier\/usagers-transportse\/wp-content\/uploads\/2022\/04\/logo-tdn-massifcentral-22.jpg\" alt=\"logo-tdn-massifcentral-22.jpg\" align=\"center\" width=\"1318\" height=\"1866\" srcset=\"https:\/\/usagers-transports.haut-allier.eu\/wp-content\/uploads\/2022\/04\/logo-tdn-massifcentral-22.jpg 1318w, https:\/\/usagers-transports.haut-allier.eu\/wp-content\/uploads\/2022\/04\/logo-tdn-massifcentral-22-212x300.jpg 212w, https:\/\/usagers-transports.haut-allier.eu\/wp-content\/uploads\/2022\/04\/logo-tdn-massifcentral-22-723x1024.jpg 723w, https:\/\/usagers-transports.haut-allier.eu\/wp-content\/uploads\/2022\/04\/logo-tdn-massifcentral-22-768x1087.jpg 768w, https:\/\/usagers-transports.haut-allier.eu\/wp-content\/uploads\/2022\/04\/logo-tdn-massifcentral-22-1085x1536.jpg 1085w\" sizes=\"auto, (max-width: 1318px) 100vw, 1318px\" \/><\/p>\n","protected":false},"excerpt":{"rendered":"<p>Ceux qui nous suivent ont compris qu&rsquo;il y avait m\u00e9sentente sur la proposition de prolongation de la desserte<\/p>\n","protected":false},"author":1,"featured_media":3767,"comment_status":"open","ping_status":"open","sticky":false,"template":"","format":"standard","meta":{"footnotes":""},"categories":[3],"tags":[],"class_list":["post-881","post","type-post","status-publish","format-standard","has-post-thumbnail","hentry","category-en-train"],"_links":{"self":[{"href":"https:\/\/usagers-transports.haut-allier.eu\/index.php\/wp-json\/wp\/v2\/posts\/881","targetHints":{"allow":["GET"]}}],"collection":[{"href":"https:\/\/usagers-transports.haut-allier.eu\/index.php\/wp-json\/wp\/v2\/posts"}],"about":[{"href":"https:\/\/usagers-transports.haut-allier.eu\/index.php\/wp-json\/wp\/v2\/types\/post"}],"author":[{"embeddable":true,"href":"https:\/\/usagers-transports.haut-allier.eu\/index.php\/wp-json\/wp\/v2\/users\/1"}],"replies":[{"embeddable":true,"href":"https:\/\/usagers-transports.haut-allier.eu\/index.php\/wp-json\/wp\/v2\/comments?post=881"}],"version-history":[{"count":0,"href":"https:\/\/usagers-transports.haut-allier.eu\/index.php\/wp-json\/wp\/v2\/posts\/881\/revisions"}],"wp:featuredmedia":[{"embeddable":true,"href":"https:\/\/usagers-transports.haut-allier.eu\/index.php\/wp-json\/wp\/v2\/media\/3767"}],"wp:attachment":[{"href":"https:\/\/usagers-transports.haut-allier.eu\/index.php\/wp-json\/wp\/v2\/media?parent=881"}],"wp:term":[{"taxonomy":"category","embeddable":true,"href":"https:\/\/usagers-transports.haut-allier.eu\/index.php\/wp-json\/wp\/v2\/categories?post=881"},{"taxonomy":"post_tag","embeddable":true,"href":"https:\/\/usagers-transports.haut-allier.eu\/index.php\/wp-json\/wp\/v2\/tags?post=881"}],"curies":[{"name":"wp","href":"https:\/\/api.w.org\/{rel}","templated":true}]}}