{"id":882,"date":"2022-04-27T17:35:10","date_gmt":"2022-04-27T15:35:10","guid":{"rendered":"http:\/\/5.45.101.177\/haut-allier\/usagers-transportse\/index.php\/2022\/04\/27\/ligne-des-cevennes-fin-des882\/"},"modified":"2022-04-27T17:35:10","modified_gmt":"2022-04-27T15:35:10","slug":"ligne-des-cevennes-fin-des882","status":"publish","type":"post","link":"https:\/\/usagers-transports.haut-allier.eu\/index.php\/2022\/04\/27\/ligne-des-cevennes-fin-des882\/","title":{"rendered":"Ligne des C\u00e9vennes : fin des coupures totales pour travaux en 2024 !"},"content":{"rendered":"<p>Lors de la conf\u00e9rence d\u00e9bat de lundi 25 avril sur le th\u00e8me : <a href=\"http:\/\/www.150anstraincevenol.info\/?event_listing=lavant-gout-de-clermont-ferrand-en-un-coup-doeil\"><em>La ligne du train C\u00e9venol repens\u00e9e dans un r\u00e9seau \u00e0 haut niveau de performances<\/em><\/a>, en pr\u00e9sence des deux Vice-pr\u00e9sidents charg\u00e9s des mobilit\u00e9s des r\u00e9gions concern\u00e9es Occitanie et Auvergne Rh\u00f4ne Alpes, Jean-Luc Gibelin a annonc\u00e9 un travail commun afin que les coupures totales de service pour travaux de plusieurs mois tous les ans depuis pr\u00e8s de 10 ans cessent progressivement.<br \/>\n&nbsp;<br \/>\n<strong>Le d\u00e9lai annonc\u00e9 est 2024<\/strong>, ce qui est bient\u00f4t. On sait que ces coupures, que Vincent Kaufmann avait pr\u00e9sent\u00e9 quelques minutes plus t\u00f4t dans sa conf\u00e9rence, impactent tr\u00e8s fortement les usagers qui se d\u00e9tournent du train, et pas que durant les trois mois de coupures, avant et apr\u00e8s.<br \/>\n&nbsp;<br \/>\n<em>Le Vice-pr\u00e9sident charg\u00e9 des mobilit\u00e9s \u00e9tait tr\u00e8s attentif depuis l&rsquo;Occitanie et en visio<\/em><br \/>\n<img loading=\"lazy\" decoding=\"async\" class=\" aligncenter size-full wp-image-3773\" src=\"http:\/\/5.45.101.177\/haut-allier\/usagers-transportse\/wp-content\/uploads\/2022\/04\/vlcsnap-2022-04-27-17h16m05s077.jpg\" alt=\"vlcsnap-2022-04-27-17h16m05s077.jpg\" align=\"center\" width=\"1200\" height=\"675\" srcset=\"https:\/\/usagers-transports.haut-allier.eu\/wp-content\/uploads\/2022\/04\/vlcsnap-2022-04-27-17h16m05s077.jpg 1200w, https:\/\/usagers-transports.haut-allier.eu\/wp-content\/uploads\/2022\/04\/vlcsnap-2022-04-27-17h16m05s077-300x169.jpg 300w, https:\/\/usagers-transports.haut-allier.eu\/wp-content\/uploads\/2022\/04\/vlcsnap-2022-04-27-17h16m05s077-1024x576.jpg 1024w, https:\/\/usagers-transports.haut-allier.eu\/wp-content\/uploads\/2022\/04\/vlcsnap-2022-04-27-17h16m05s077-768x432.jpg 768w\" sizes=\"auto, (max-width: 1200px) 100vw, 1200px\" \/><br \/>\n&nbsp;<br \/>\n<img loading=\"lazy\" decoding=\"async\" class=\" aligncenter size-full wp-image-3774\" src=\"http:\/\/5.45.101.177\/haut-allier\/usagers-transportse\/wp-content\/uploads\/2022\/04\/img_20220425_144129_683m.jpg\" alt=\"img_20220425_144129_683m.jpg\" align=\"center\" width=\"1500\" height=\"843\" srcset=\"https:\/\/usagers-transports.haut-allier.eu\/wp-content\/uploads\/2022\/04\/img_20220425_144129_683m.jpg 1500w, https:\/\/usagers-transports.haut-allier.eu\/wp-content\/uploads\/2022\/04\/img_20220425_144129_683m-300x169.jpg 300w, https:\/\/usagers-transports.haut-allier.eu\/wp-content\/uploads\/2022\/04\/img_20220425_144129_683m-1024x575.jpg 1024w, https:\/\/usagers-transports.haut-allier.eu\/wp-content\/uploads\/2022\/04\/img_20220425_144129_683m-768x432.jpg 768w\" sizes=\"auto, (max-width: 1500px) 100vw, 1500px\" \/><br \/>\n&nbsp;<br \/>\n[fond rouge][blanc]<strong>Les interruptions de circulations ces 5 derni\u00e8res ann\u00e9es<\/strong>[\/blanc][\/fond rouge]<br \/>\n&nbsp;<br \/>\n<strong>*En 2022 p\u00e9riodes d&rsquo;arr\u00eats total travaux hors mouvements sociaux*<\/strong><\/p>\n<p>81 jours soit 22% sans service de train (pr\u00e9vision car ann\u00e9e non termin\u00e9e)<\/p>\n<p><strong>*En 2021 p\u00e9riodes d&rsquo;arr\u00eats total incidents + travaux hors mouvements sociaux*<\/strong><\/p>\n<p>107 jours soit 29% sans service de train<\/p>\n<p><strong>*En 2020 p\u00e9riodes d&rsquo;arr\u00eats total incidents + corona + travaux hors mouvements sociaux*<\/strong><\/p>\n<p>94 jours soit 26% sans service de train<\/p>\n<p><strong>*En 2019 p\u00e9riodes d&rsquo;arr\u00eats total incidents + travaux + gr\u00e8ves*<\/strong><\/p>\n<p>100 jours soit 27% sans service de train<\/p>\n<p><strong>*En 2018 p\u00e9riodes d&rsquo;arr\u00eats total incidents + travaux hors mouvements sociaux*<\/strong><\/p>\n<p>120 jours soit 33% sans service normal de train<\/p>\n<p><strong>*En 2017 p\u00e9riodes d&rsquo;arr\u00eats total incidents + travaux hors mouvements sociaux et autres al\u00e9as \u00ab\u00a0de production\u00a0\u00bb*<\/strong><\/p>\n<p>112 jours soit 30% sans service normal de train<br \/>\n&nbsp;<br \/>\n<strong>De l&rsquo;avis du conf\u00e9rencier avec ces interruptions un d\u00e9veloppement de la ligne est utopique. Nous remercions une fois de plus le dialogue inter r\u00e9gional qui permettra ces am\u00e9liorations substantielles dans deux ans.<br \/>\n<\/strong><br \/>\n&nbsp;<br \/>\nVous pouvez revoir l&rsquo;enti\u00e8ret\u00e9 de la conf\u00e9rence d\u00e9bat de Vincent Kaufmann, invit\u00e9 par l&rsquo;association <a href=\"https:\/\/vivele.traincevenol.eu\"><em>Vive le train C\u00e9venol !<\/em><\/a> ici. L&rsquo;annonce y est faite juste apr\u00e8s la pr\u00e9sentation :<br \/>\n&nbsp;<br \/>\n<center><br \/>\n<iframe loading=\"lazy\" width=\"560\" height=\"315\" src=\"https:\/\/www.youtube.com\/embed\/22BMHtYxmZY\" title=\"YouTube video player\" frameborder=\"0\" allow=\"accelerometer; autoplay; clipboard-write; encrypted-media; gyroscope; picture-in-picture\" allowfullscreen><\/iframe><br \/>\n<\/center><br \/>\n&nbsp;<\/p>\n","protected":false},"excerpt":{"rendered":"<p>Lors de la conf\u00e9rence d\u00e9bat de lundi 25 avril sur le th\u00e8me : La ligne du train C\u00e9venol<\/p>\n","protected":false},"author":1,"featured_media":3772,"comment_status":"open","ping_status":"open","sticky":false,"template":"","format":"standard","meta":{"footnotes":""},"categories":[2],"tags":[],"class_list":["post-882","post","type-post","status-publish","format-standard","has-post-thumbnail","hentry","category-infos"],"_links":{"self":[{"href":"https:\/\/usagers-transports.haut-allier.eu\/index.php\/wp-json\/wp\/v2\/posts\/882","targetHints":{"allow":["GET"]}}],"collection":[{"href":"https:\/\/usagers-transports.haut-allier.eu\/index.php\/wp-json\/wp\/v2\/posts"}],"about":[{"href":"https:\/\/usagers-transports.haut-allier.eu\/index.php\/wp-json\/wp\/v2\/types\/post"}],"author":[{"embeddable":true,"href":"https:\/\/usagers-transports.haut-allier.eu\/index.php\/wp-json\/wp\/v2\/users\/1"}],"replies":[{"embeddable":true,"href":"https:\/\/usagers-transports.haut-allier.eu\/index.php\/wp-json\/wp\/v2\/comments?post=882"}],"version-history":[{"count":0,"href":"https:\/\/usagers-transports.haut-allier.eu\/index.php\/wp-json\/wp\/v2\/posts\/882\/revisions"}],"wp:featuredmedia":[{"embeddable":true,"href":"https:\/\/usagers-transports.haut-allier.eu\/index.php\/wp-json\/wp\/v2\/media\/3772"}],"wp:attachment":[{"href":"https:\/\/usagers-transports.haut-allier.eu\/index.php\/wp-json\/wp\/v2\/media?parent=882"}],"wp:term":[{"taxonomy":"category","embeddable":true,"href":"https:\/\/usagers-transports.haut-allier.eu\/index.php\/wp-json\/wp\/v2\/categories?post=882"},{"taxonomy":"post_tag","embeddable":true,"href":"https:\/\/usagers-transports.haut-allier.eu\/index.php\/wp-json\/wp\/v2\/tags?post=882"}],"curies":[{"name":"wp","href":"https:\/\/api.w.org\/{rel}","templated":true}]}}