{"id":883,"date":"2022-05-03T20:46:56","date_gmt":"2022-05-03T18:46:56","guid":{"rendered":"http:\/\/5.45.101.177\/haut-allier\/usagers-transportse\/index.php\/2022\/05\/03\/en-auvergne-tres-difficile-de883\/"},"modified":"2022-05-03T20:46:56","modified_gmt":"2022-05-03T18:46:56","slug":"en-auvergne-tres-difficile-de883","status":"publish","type":"post","link":"https:\/\/usagers-transports.haut-allier.eu\/index.php\/2022\/05\/03\/en-auvergne-tres-difficile-de883\/","title":{"rendered":"En Auvergne tr\u00e8s difficile de laisser sa voiture ! L&rsquo;exemple du Forez"},"content":{"rendered":"<p>TF1 et le journal de 20 heures ont parl\u00e9 de la ligne ferroviaire Clermont Thiers Saint-Etienne Lyon ferm\u00e9e au grand dam des habitants du Puy de D\u00f4me et de la Loire.<br \/>\n&nbsp;<br \/>\nC&rsquo;\u00e9tait dans le chronique \u00ab\u00a0Paroles de fran\u00e7ais\u00a0\u00bb et \u00e7a s&rsquo;appelait \u00ab\u00a0La gal\u00e8re des transports au quotidien\u00a0\u00bb.<br \/>\n&nbsp;<br \/>\nOn parle donc du combat de <a href=\"https:\/\/letrain634269.org\"><em>\u00ab\u00a0Le train 634269\u00a0\u00bb<\/em><\/a> pour la r\u00e9ouverture de la ligne.<br \/>\n&nbsp;<br \/>\n<a href=\"http:\/\/5.45.101.177\/haut-allier\/usagers-transportse\/wp-content\/uploads\/2022\/05\/capture-tf1-2022-05-03-20-10.mp4\">capture-tf1-2022-05-03-20-10.mp4<\/a><br \/>\n&nbsp;<\/p>\n","protected":false},"excerpt":{"rendered":"<p>TF1 et le journal de 20 heures ont parl\u00e9 de la ligne ferroviaire Clermont Thiers Saint-Etienne Lyon ferm\u00e9e<\/p>\n","protected":false},"author":1,"featured_media":3775,"comment_status":"open","ping_status":"open","sticky":false,"template":"","format":"standard","meta":{"footnotes":""},"categories":[3],"tags":[],"class_list":["post-883","post","type-post","status-publish","format-standard","has-post-thumbnail","hentry","category-en-train"],"_links":{"self":[{"href":"https:\/\/usagers-transports.haut-allier.eu\/index.php\/wp-json\/wp\/v2\/posts\/883","targetHints":{"allow":["GET"]}}],"collection":[{"href":"https:\/\/usagers-transports.haut-allier.eu\/index.php\/wp-json\/wp\/v2\/posts"}],"about":[{"href":"https:\/\/usagers-transports.haut-allier.eu\/index.php\/wp-json\/wp\/v2\/types\/post"}],"author":[{"embeddable":true,"href":"https:\/\/usagers-transports.haut-allier.eu\/index.php\/wp-json\/wp\/v2\/users\/1"}],"replies":[{"embeddable":true,"href":"https:\/\/usagers-transports.haut-allier.eu\/index.php\/wp-json\/wp\/v2\/comments?post=883"}],"version-history":[{"count":0,"href":"https:\/\/usagers-transports.haut-allier.eu\/index.php\/wp-json\/wp\/v2\/posts\/883\/revisions"}],"wp:featuredmedia":[{"embeddable":true,"href":"https:\/\/usagers-transports.haut-allier.eu\/index.php\/wp-json\/wp\/v2\/media\/3775"}],"wp:attachment":[{"href":"https:\/\/usagers-transports.haut-allier.eu\/index.php\/wp-json\/wp\/v2\/media?parent=883"}],"wp:term":[{"taxonomy":"category","embeddable":true,"href":"https:\/\/usagers-transports.haut-allier.eu\/index.php\/wp-json\/wp\/v2\/categories?post=883"},{"taxonomy":"post_tag","embeddable":true,"href":"https:\/\/usagers-transports.haut-allier.eu\/index.php\/wp-json\/wp\/v2\/tags?post=883"}],"curies":[{"name":"wp","href":"https:\/\/api.w.org\/{rel}","templated":true}]}}