{"id":885,"date":"2022-05-16T07:40:43","date_gmt":"2022-05-16T05:40:43","guid":{"rendered":"http:\/\/5.45.101.177\/haut-allier\/usagers-transportse\/index.php\/2022\/05\/16\/ligne-du-train-cevenol-son-interet885\/"},"modified":"2022-05-16T07:40:43","modified_gmt":"2022-05-16T05:40:43","slug":"ligne-du-train-cevenol-son-interet885","status":"publish","type":"post","link":"https:\/\/usagers-transports.haut-allier.eu\/index.php\/2022\/05\/16\/ligne-du-train-cevenol-son-interet885\/","title":{"rendered":"Ligne du train C\u00e9venol : son int\u00e9r\u00eat pour le Village vacances d&rsquo;Alleyras"},"content":{"rendered":"<p>Samedi dernier 14 mai avait lieu l&rsquo;inauguration du nouveau village vacances de Mil\u00e9ade \u00e0 Alleyras, apr\u00e8s des travaux de r\u00e9novation et d&rsquo;agrandissement d&rsquo;un montant de 6,2 millions d&rsquo;euros.<br \/>\n&nbsp;<br \/>\nD\u00e9sormais en saison la commune va devenir la plus peupl\u00e9e de sa communaut\u00e9 de communes (Pays de Cayres Pradelles) avec ses 350 lits et ses 80 nouveaux logements.<br \/>\n&nbsp;<br \/>\nNous avons demand\u00e9 \u00e0 son directeur Julien Faucher quel \u00e9tait l&rsquo;impact de la ligne ferroviaire des C\u00e9vennes sur le fonctionnement du centre touristique d&rsquo;Alleyras. Int\u00e9ressant de voir quel peut \u00eatre le r\u00e9el apport d&rsquo;une ligne ferroviaire dans ce cas. R\u00e9ponse :<br \/>\n&nbsp;<br \/>\n<a href=\"http:\/\/5.45.101.177\/haut-allier\/usagers-transportse\/wp-content\/uploads\/2022\/05\/extrait-train-cevenol-julien-faucher-14mai2022.mp4\">extrait-train-cevenol-julien-faucher-14mai2022.mp4<\/a><br \/>\n&nbsp;<br \/>\nL&rsquo;association <a href=\"https:\/\/vivele.traincevenol.eu\"><em>Vive le train C\u00e9venol<\/em><\/a>, nouvelle appellation apr\u00e8s \u00ab\u00a0<a href=\"https:\/\/150anstraincevenol.info\"><em>150 ans de la ligne du train C\u00e9venol<\/em><\/a>\u00ab\u00a0, qui a initi\u00e9 les \u00ab\u00a0ferros randos\u00a0\u00bb et les balades en boucle depuis les gares du parcours va certainement appr\u00e9cier. Elle compte d&rsquo;ailleurs mettre en ligne un site Internet d\u00e9di\u00e9 qui facilitera ce genre de p\u00e9riple en les regroupant clairement.<br \/>\n&nbsp;<br \/>\nL&rsquo;int\u00e9gralit\u00e9 de l&rsquo;entrevue avec le directeur de Mil\u00e9ade est \u00e0 retrouver <a href=\"https:\/\/alleyras-capitale.info\/?551-lancement-officiel-du-village\"><em> <strong>ici<\/strong> <\/em><\/a>.<\/p>\n","protected":false},"excerpt":{"rendered":"<p>Samedi dernier 14 mai avait lieu l&rsquo;inauguration du nouveau village vacances de Mil\u00e9ade \u00e0 Alleyras, apr\u00e8s des travaux<\/p>\n","protected":false},"author":1,"featured_media":3777,"comment_status":"open","ping_status":"open","sticky":false,"template":"","format":"standard","meta":{"footnotes":""},"categories":[2],"tags":[],"class_list":["post-885","post","type-post","status-publish","format-standard","has-post-thumbnail","hentry","category-infos"],"_links":{"self":[{"href":"https:\/\/usagers-transports.haut-allier.eu\/index.php\/wp-json\/wp\/v2\/posts\/885","targetHints":{"allow":["GET"]}}],"collection":[{"href":"https:\/\/usagers-transports.haut-allier.eu\/index.php\/wp-json\/wp\/v2\/posts"}],"about":[{"href":"https:\/\/usagers-transports.haut-allier.eu\/index.php\/wp-json\/wp\/v2\/types\/post"}],"author":[{"embeddable":true,"href":"https:\/\/usagers-transports.haut-allier.eu\/index.php\/wp-json\/wp\/v2\/users\/1"}],"replies":[{"embeddable":true,"href":"https:\/\/usagers-transports.haut-allier.eu\/index.php\/wp-json\/wp\/v2\/comments?post=885"}],"version-history":[{"count":0,"href":"https:\/\/usagers-transports.haut-allier.eu\/index.php\/wp-json\/wp\/v2\/posts\/885\/revisions"}],"wp:featuredmedia":[{"embeddable":true,"href":"https:\/\/usagers-transports.haut-allier.eu\/index.php\/wp-json\/wp\/v2\/media\/3777"}],"wp:attachment":[{"href":"https:\/\/usagers-transports.haut-allier.eu\/index.php\/wp-json\/wp\/v2\/media?parent=885"}],"wp:term":[{"taxonomy":"category","embeddable":true,"href":"https:\/\/usagers-transports.haut-allier.eu\/index.php\/wp-json\/wp\/v2\/categories?post=885"},{"taxonomy":"post_tag","embeddable":true,"href":"https:\/\/usagers-transports.haut-allier.eu\/index.php\/wp-json\/wp\/v2\/tags?post=885"}],"curies":[{"name":"wp","href":"https:\/\/api.w.org\/{rel}","templated":true}]}}