{"id":886,"date":"2022-05-18T17:51:14","date_gmt":"2022-05-18T15:51:14","guid":{"rendered":"http:\/\/5.45.101.177\/haut-allier\/usagers-transportse\/index.php\/2022\/05\/18\/ligne-clermont-fd-thiers-boen-st886\/"},"modified":"2022-05-18T17:51:14","modified_gmt":"2022-05-18T15:51:14","slug":"ligne-clermont-fd-thiers-boen-st886","status":"publish","type":"post","link":"https:\/\/usagers-transports.haut-allier.eu\/index.php\/2022\/05\/18\/ligne-clermont-fd-thiers-boen-st886\/","title":{"rendered":"Ligne Clermont Fd &#8211; Thiers &#8211; Bo\u00ebn &#8211; St Etienne &#8211; Lyon : quel est votre r\u00eave de train?"},"content":{"rendered":"<p>L&rsquo;association <a href=\"https:\/\/letrain634269.org\"><em>Letrain634269<\/em><\/a> vous propose de d\u00e9finir votre train id\u00e9al pour cette liaison future qui redeviendra indispensable entre les 3 m\u00e9tropoles que sont Clermont Saint-Etienne et Lyon.<br \/>\n&nbsp;<br \/>\nLe travail acharn\u00e9 depuis deux ans pour la r\u00e9ouverture commence \u00e0 porter ses fruits : SNCF R\u00e9seau va conforter cet \u00e9t\u00e9 tous les passages \u00e0 niveaux d\u00e9grad\u00e9s, et a entrepris un d\u00e9broussaillage de la ligne. Pendant ce temps le CEREMA fait une \u00e9tude de la liaison, pour le compte de SNCF R\u00e9seau et la R\u00e9gion Auvergne Rh\u00f4ne Alpes. Cette \u00e9tude est le passage oblig\u00e9 avant toute d\u00e9cision.<br \/>\n&nbsp;<br \/>\nLa parole \u00e0 l&rsquo;association <a href=\"https:\/\/lesmontsquipetillent.org\/territoires-de-nouvelles-mobilites-durables-questionnaire\/\"><em>Les Monts qui p\u00e9tillent<\/em><\/a>, initiatrice du questionnaire :<br \/>\n&nbsp;<br \/>\nSi vous \u00eates r\u00e9sidents ou utilisateurs des transports autour de la ligne, nous serions heureux que vous puissiez le partager \u00e0 vos membres, sympathisants ou connaissances.<br \/>\n&nbsp;<br \/>\nGr\u00e2ce \u00e0 votre pr\u00e9cieuse aide, nous allons imaginer ensemble ce que pourrait-\u00eatre une liaison attractive au service des territoires, colonne vert\u00e9brale des mobilit\u00e9s bas carbone essentielle au million d\u2019habitants le long de cet axe structurant au c\u0153ur de la r\u00e9gion Auvergne-Rh\u00f4ne-Alpes alors que nous traversons une \u00e9poque o\u00f9 les enjeux sont multiples et urgents.<br \/>\n&nbsp;<br \/>\nLes r\u00e9ponses seront exploit\u00e9es dans le cadre de l&rsquo;\u00e9tude en cours autour des dynamiques territoriales et des sc\u00e9narios multimodaux au sujet de la r\u00e9ouverture de la ligne.<br \/>\n&nbsp;<br \/>\nLe questionnaire se trouve ici et se remplit facilement en quelques minutes :<br \/>\n&nbsp;<br \/>\n<a href=\"https:\/\/letrain634269.org\/Questionnaire\"><img loading=\"lazy\" decoding=\"async\" class=\" aligncenter size-full wp-image-3780\" src=\"http:\/\/5.45.101.177\/haut-allier\/usagers-transportse\/wp-content\/uploads\/2022\/05\/visuel-thiers-boen-questionnaire.jpg\" alt=\"visuel-thiers-boen-questionnaire.jpg\" align=\"center\" width=\"1200\" height=\"675\" srcset=\"https:\/\/usagers-transports.haut-allier.eu\/wp-content\/uploads\/2022\/05\/visuel-thiers-boen-questionnaire.jpg 1200w, https:\/\/usagers-transports.haut-allier.eu\/wp-content\/uploads\/2022\/05\/visuel-thiers-boen-questionnaire-300x169.jpg 300w, https:\/\/usagers-transports.haut-allier.eu\/wp-content\/uploads\/2022\/05\/visuel-thiers-boen-questionnaire-1024x576.jpg 1024w, https:\/\/usagers-transports.haut-allier.eu\/wp-content\/uploads\/2022\/05\/visuel-thiers-boen-questionnaire-768x432.jpg 768w\" sizes=\"auto, (max-width: 1200px) 100vw, 1200px\" \/><\/a><br \/>\n&nbsp;<br \/>\nA la fin du questionnaire vous aurez droit \u00e0 :<br \/>\n&nbsp;<br \/>\n<img loading=\"lazy\" decoding=\"async\" class=\" aligncenter size-full wp-image-3781\" src=\"http:\/\/5.45.101.177\/haut-allier\/usagers-transportse\/wp-content\/uploads\/2022\/05\/screenshot-lesmontsquipetillent.org-2022.05.18-17_09_42.jpg\" alt=\"screenshot-lesmontsquipetillent.org-2022.05.18-17_09_42.jpg\" align=\"center\" width=\"627\" height=\"234\" srcset=\"https:\/\/usagers-transports.haut-allier.eu\/wp-content\/uploads\/2022\/05\/screenshot-lesmontsquipetillent.org-2022.05.18-17_09_42.jpg 627w, https:\/\/usagers-transports.haut-allier.eu\/wp-content\/uploads\/2022\/05\/screenshot-lesmontsquipetillent.org-2022.05.18-17_09_42-300x112.jpg 300w\" sizes=\"auto, (max-width: 627px) 100vw, 627px\" \/><br \/>\n&nbsp;<br \/>\nL&rsquo;association publiera les r\u00e9sultats du questionnaire apr\u00e8s analyse, nous ne manquerons pas de vous en faire part.<br \/>\n&nbsp;<\/p>\n","protected":false},"excerpt":{"rendered":"<p>L&rsquo;association Letrain634269 vous propose de d\u00e9finir votre train id\u00e9al pour cette liaison future qui redeviendra indispensable entre les<\/p>\n","protected":false},"author":1,"featured_media":3779,"comment_status":"open","ping_status":"open","sticky":false,"template":"","format":"standard","meta":{"footnotes":""},"categories":[3],"tags":[],"class_list":["post-886","post","type-post","status-publish","format-standard","has-post-thumbnail","hentry","category-en-train"],"_links":{"self":[{"href":"https:\/\/usagers-transports.haut-allier.eu\/index.php\/wp-json\/wp\/v2\/posts\/886","targetHints":{"allow":["GET"]}}],"collection":[{"href":"https:\/\/usagers-transports.haut-allier.eu\/index.php\/wp-json\/wp\/v2\/posts"}],"about":[{"href":"https:\/\/usagers-transports.haut-allier.eu\/index.php\/wp-json\/wp\/v2\/types\/post"}],"author":[{"embeddable":true,"href":"https:\/\/usagers-transports.haut-allier.eu\/index.php\/wp-json\/wp\/v2\/users\/1"}],"replies":[{"embeddable":true,"href":"https:\/\/usagers-transports.haut-allier.eu\/index.php\/wp-json\/wp\/v2\/comments?post=886"}],"version-history":[{"count":0,"href":"https:\/\/usagers-transports.haut-allier.eu\/index.php\/wp-json\/wp\/v2\/posts\/886\/revisions"}],"wp:featuredmedia":[{"embeddable":true,"href":"https:\/\/usagers-transports.haut-allier.eu\/index.php\/wp-json\/wp\/v2\/media\/3779"}],"wp:attachment":[{"href":"https:\/\/usagers-transports.haut-allier.eu\/index.php\/wp-json\/wp\/v2\/media?parent=886"}],"wp:term":[{"taxonomy":"category","embeddable":true,"href":"https:\/\/usagers-transports.haut-allier.eu\/index.php\/wp-json\/wp\/v2\/categories?post=886"},{"taxonomy":"post_tag","embeddable":true,"href":"https:\/\/usagers-transports.haut-allier.eu\/index.php\/wp-json\/wp\/v2\/tags?post=886"}],"curies":[{"name":"wp","href":"https:\/\/api.w.org\/{rel}","templated":true}]}}