{"id":888,"date":"2022-05-20T15:49:57","date_gmt":"2022-05-20T13:49:57","guid":{"rendered":"http:\/\/5.45.101.177\/haut-allier\/usagers-transportse\/index.php\/2022\/05\/20\/reunion-de-concertation-avec-les888\/"},"modified":"2026-09-01T15:59:27","modified_gmt":"2026-09-01T13:59:27","slug":"reunion-de-concertation-avec-les888","status":"publish","type":"post","link":"https:\/\/usagers-transports.haut-allier.eu\/index.php\/2022\/05\/20\/reunion-de-concertation-avec-les888\/","title":{"rendered":"R\u00e9union de concertation avec les usagers Auvergne : compte-rendu et infos"},"content":{"rendered":"De la concertation avec les usagers du 19 mai men\u00e9e sous la direction de Cyril Philis, responsable de service de la Direction des Transports Auvergne Rh\u00f4ne Alpes&#8230;\n\n<img loading=\"lazy\" decoding=\"async\" class=\" aligncenter size-full wp-image-3784\" src=\"http:\/\/5.45.101.177\/haut-allier\/usagers-transportse\/wp-content\/uploads\/2022\/05\/r-img_20220519_142422_582.jpg\" alt=\"r-img_20220519_142422_582.jpg\" align=\"center\" width=\"2000\" height=\"1125\" srcset=\"https:\/\/usagers-transports.haut-allier.eu\/wp-content\/uploads\/2022\/05\/r-img_20220519_142422_582.jpg 2000w, https:\/\/usagers-transports.haut-allier.eu\/wp-content\/uploads\/2022\/05\/r-img_20220519_142422_582-300x169.jpg 300w, https:\/\/usagers-transports.haut-allier.eu\/wp-content\/uploads\/2022\/05\/r-img_20220519_142422_582-1024x576.jpg 1024w, https:\/\/usagers-transports.haut-allier.eu\/wp-content\/uploads\/2022\/05\/r-img_20220519_142422_582-768x432.jpg 768w, https:\/\/usagers-transports.haut-allier.eu\/wp-content\/uploads\/2022\/05\/r-img_20220519_142422_582-1536x864.jpg 1536w\" sizes=\"auto, (max-width: 2000px) 100vw, 2000px\" \/>\n\n&#8230; il ressort en r\u00e9sum\u00e9 pour les press\u00e9s :\n&nbsp;\n<strong>Reprise de la fr\u00e9quentation des trains apr\u00e8s COVID :\n<\/strong>\n\n50% des voyageurs sont des t\u00e9l\u00e9travailleurs (chiffres r\u00e9gion)\n&nbsp;\n<strong>Ligne des C\u00e9vennes :<\/strong>\n\n&#8211; Confirmation : les travaux annuels n&rsquo;induiront plus une coupure de service de 3 mois d&rsquo;affil\u00e9e \u00e0 partir de 2024, SNCF R\u00e9seau y travaille.\n&#8211; Notre demande d&rsquo;une meilleure desserte le matin t\u00f4t entre La Bastide PuyLaurent et Brioude est dans les tuyaux. Attendons la r\u00e9ponse.\n\n[(\n<em>Pr\u00e9cision :<\/em>\nUn TER part de Mende \u00e0 04:47 pour N\u00eemes et arrive \u00e0 La Bastide Saint-Laurent \u00e0 05:56. Pour Clermont  pas de d\u00e9part avant 10:05 !\n\nDe m\u00eame \u00e0 Langogne pas de d\u00e9part avant 10:28 pour Clermont et \u00e0 Langeac pas de d\u00e9part en train avant 11h53.\n\nNous r\u00e9clamons soit un nouveau TER de La Bastide Saint-Laurent vers Clermont en correspondance avec le 05:56, soit l&rsquo;avancement du TER 873990. Ce qui ferait arriver \u00e0 Clermont \u00e0 09h10. Acceptable.\n&nbsp;\n)]\n\n&#8211; En 2024 plus de changement de TER \u00e0 Langogne pour l&rsquo;Aller Retour suppl\u00e9mentaire des week-ends d&rsquo;\u00e9t\u00e9.\n\n&#8211; Nouvelles navettes bus entre Langeac et St Georges d&rsquo;Aurac \n\n&#8211; A l&rsquo;issue de la fin des travaux de renouvellement les vitesses devraient \u00eatre relev\u00e9es (source SNCF R\u00e9seau \u00e0 demi mots)\n\n&#8211; Pilotant d\u00e9sormais les bus entre villes autrefois g\u00e9r\u00e9s par le d\u00e9partement, la r\u00e9gion a commenc\u00e9 l&rsquo;\u00e9tude des correspondances trains &#8211; bus pour la ligne jusqu&rsquo;\u00e0 St-Georges d&rsquo;Aurac et vers le Puy et Saint-Etienne, pas vers Langogne. A notre demande elle va \u00e9tudier les correspondances sur la section du haut Allier (points de correspondances \u00e0 Langeac, Monistrol d&rsquo;Allier et Langogne).\n&nbsp;\n<strong>Ligne Clermont &#8211; Aurillac &#8211; Toulouse : \n<\/strong>\n\n&#8211; Confirmation du train de nuit Paris Brive Aurillac en d\u00e9cembre 2023, pour l&rsquo;instant le terminus est Aurillac. Nous avons fait part de notre demande au Premier Ministre de prolonger cette desserte par la ligne Aubrac vers S\u00e9verac et Millau.\n&#8211; Travaux importants cette ann\u00e9e d&rsquo;un montant de 60 M d&rsquo;euros avec coupures estivales entre Aurillac et Arvant. Nous avons demand\u00e9 le d\u00e9tail de ces travaux : pas de r\u00e9ponse.\n&#8211; Les travaux de la gare de Figeac incendi\u00e9e seront termin\u00e9es fin 2023.\n&#8211; La liaison directe Clermont Toulouse par Aurillac sera r\u00e9tablie fin 2023.\n&nbsp;\n<strong>Ligne Clermont &#8211; Thiers &#8211; Saint-Etienne :\n<\/strong>\n\n&#8211; L&rsquo;\u00e9tude du C\u00e9rema lanc\u00e9e par la r\u00e9gion semble bien int\u00e9gr\u00e9e par SNCF R\u00e9seau. Remise le 17 d\u00e9cembre. Elle est financ\u00e9e par le plan de relance avec l&rsquo;\u00e9tat.\n&#8211; La ligne n&rsquo;a subi aucun entretien depuis 6 ans. Une op\u00e9ration de d\u00e9broussaillage sera men\u00e9e cette ann\u00e9e sur Thiers Boen par SNCF R\u00e9seau.\n&#8211; Le premier bus Clermont Thiers du matin est pass\u00e9 en TER\n&nbsp;\n<em>Jean-Fran\u00e7ois Martin intervenait pour l&rsquo;association <a href=\"https:\/\/letrain634269.org\">Letrain634269<\/a> <\/em> \n<img loading=\"lazy\" decoding=\"async\" class=\" aligncenter size-full wp-image-3785\" src=\"http:\/\/5.45.101.177\/haut-allier\/usagers-transportse\/wp-content\/uploads\/2022\/05\/r-img_20220519_145509_739.jpg\" alt=\"r-img_20220519_145509_739.jpg\" align=\"center\" width=\"2000\" height=\"1125\" srcset=\"https:\/\/usagers-transports.haut-allier.eu\/wp-content\/uploads\/2022\/05\/r-img_20220519_145509_739.jpg 2000w, https:\/\/usagers-transports.haut-allier.eu\/wp-content\/uploads\/2022\/05\/r-img_20220519_145509_739-300x169.jpg 300w, https:\/\/usagers-transports.haut-allier.eu\/wp-content\/uploads\/2022\/05\/r-img_20220519_145509_739-1024x576.jpg 1024w, https:\/\/usagers-transports.haut-allier.eu\/wp-content\/uploads\/2022\/05\/r-img_20220519_145509_739-768x432.jpg 768w, https:\/\/usagers-transports.haut-allier.eu\/wp-content\/uploads\/2022\/05\/r-img_20220519_145509_739-1536x864.jpg 1536w\" sizes=\"auto, (max-width: 2000px) 100vw, 2000px\" \/>\n&nbsp;\n<strong>Ligne Clermont &#8211; St Germain des Foss\u00e9s :\n<\/strong>\n\n&#8211; Ajout d&rsquo;une navette Clermont &#8211; St Germain en correspondance avec le Lyon Nantes\n&nbsp;\n<strong>Probl\u00e8mes des substitutions pendant travaux :\n<\/strong>\n\n&#8211; Les usagers de St Germain des Foss\u00e9s d\u00e9noncent la non desserte de certaines gares des parcours par les bus mis en place par la r\u00e9gion. Les chauffeurs ne connaissent pas la ligne. R\u00e9ponse : il y a p\u00e9nurie de chauffeurs. Nous pouvons ajouter que c&rsquo;est la m\u00eame chose sur la ligne des C\u00e9vennes (voir notre r\u00e9cent article)\n&nbsp;\n<strong>Horaires 2023 :\n<\/strong>\n\nEn g\u00e9n\u00e9ral c&rsquo;est \u00ab\u00a0reconduction du service\u00a0\u00bb. Pas d&rsquo;am\u00e9lioration \u00e0 pr\u00e9voir car gestion de \u00ab\u00a0parc mat\u00e9riel\u00a0\u00bb tr\u00e8s tendue (NDLR : la r\u00e9gion AuRA peut investir dans plus de rames, c&rsquo;est de sa comp\u00e9tence).\n&nbsp;\n<strong>Les correspondances TER &#8211; Bus :\n<\/strong>\n\nEn g\u00e9n\u00e9ral vu la p\u00e9riode charni\u00e8re de reprise des bus TER et des bus intrad\u00e9partementaux c&rsquo;est un peu la confusion \u00e0 la r\u00e9gion et tout n&rsquo;est pas encore cal\u00e9. Les usagers peuvent faire remonter leur remarques par mail.\n&nbsp;\n<strong>Sinon plus de d\u00e9tails :\n<\/strong>\n\nUne feuille de route sur la mobilit\u00e9 est lanc\u00e9e par la r\u00e9gion, elle est en cours d&rsquo;\u00e9change d&rsquo;abord avec les \u00e9lus puis pour le 2\u00e8me volet les usagers seront consult\u00e9s via la FNAUT (comme si tous les usagers \u00e9taient regroup\u00e9s dans la FNAUT ! Un scandale)\n&nbsp;\n<strong>Voici les diapos pr\u00e9sent\u00e9es avec quelquefois des commentaires :\n<\/strong>\n\n<img loading=\"lazy\" decoding=\"async\" class=\" aligncenter size-full wp-image-3786\" src=\"http:\/\/5.45.101.177\/haut-allier\/usagers-transportse\/wp-content\/uploads\/2022\/05\/r-img_20220519_141109_956.jpg\" alt=\"r-img_20220519_141109_956.jpg\" align=\"center\" width=\"2000\" height=\"1133\" srcset=\"https:\/\/usagers-transports.haut-allier.eu\/wp-content\/uploads\/2022\/05\/r-img_20220519_141109_956.jpg 2000w, https:\/\/usagers-transports.haut-allier.eu\/wp-content\/uploads\/2022\/05\/r-img_20220519_141109_956-300x170.jpg 300w, https:\/\/usagers-transports.haut-allier.eu\/wp-content\/uploads\/2022\/05\/r-img_20220519_141109_956-1024x580.jpg 1024w, https:\/\/usagers-transports.haut-allier.eu\/wp-content\/uploads\/2022\/05\/r-img_20220519_141109_956-768x435.jpg 768w, https:\/\/usagers-transports.haut-allier.eu\/wp-content\/uploads\/2022\/05\/r-img_20220519_141109_956-1536x870.jpg 1536w\" sizes=\"auto, (max-width: 2000px) 100vw, 2000px\" \/>\n<img loading=\"lazy\" decoding=\"async\" class=\" aligncenter size-full wp-image-3787\" src=\"http:\/\/5.45.101.177\/haut-allier\/usagers-transportse\/wp-content\/uploads\/2022\/05\/r-img_20220519_141203_619.jpg\" alt=\"r-img_20220519_141203_619.jpg\" align=\"center\" width=\"2000\" height=\"1149\" srcset=\"https:\/\/usagers-transports.haut-allier.eu\/wp-content\/uploads\/2022\/05\/r-img_20220519_141203_619.jpg 2000w, https:\/\/usagers-transports.haut-allier.eu\/wp-content\/uploads\/2022\/05\/r-img_20220519_141203_619-300x172.jpg 300w, https:\/\/usagers-transports.haut-allier.eu\/wp-content\/uploads\/2022\/05\/r-img_20220519_141203_619-1024x588.jpg 1024w, https:\/\/usagers-transports.haut-allier.eu\/wp-content\/uploads\/2022\/05\/r-img_20220519_141203_619-768x441.jpg 768w, https:\/\/usagers-transports.haut-allier.eu\/wp-content\/uploads\/2022\/05\/r-img_20220519_141203_619-1536x882.jpg 1536w\" sizes=\"auto, (max-width: 2000px) 100vw, 2000px\" \/>\n<img loading=\"lazy\" decoding=\"async\" class=\" aligncenter size-full wp-image-3788\" src=\"http:\/\/5.45.101.177\/haut-allier\/usagers-transportse\/wp-content\/uploads\/2022\/05\/r-img_20220519_141540_581.jpg\" alt=\"r-img_20220519_141540_581.jpg\" align=\"center\" width=\"2000\" height=\"1132\" srcset=\"https:\/\/usagers-transports.haut-allier.eu\/wp-content\/uploads\/2022\/05\/r-img_20220519_141540_581.jpg 2000w, https:\/\/usagers-transports.haut-allier.eu\/wp-content\/uploads\/2022\/05\/r-img_20220519_141540_581-300x170.jpg 300w, https:\/\/usagers-transports.haut-allier.eu\/wp-content\/uploads\/2022\/05\/r-img_20220519_141540_581-1024x580.jpg 1024w, https:\/\/usagers-transports.haut-allier.eu\/wp-content\/uploads\/2022\/05\/r-img_20220519_141540_581-768x435.jpg 768w, https:\/\/usagers-transports.haut-allier.eu\/wp-content\/uploads\/2022\/05\/r-img_20220519_141540_581-1536x869.jpg 1536w\" sizes=\"auto, (max-width: 2000px) 100vw, 2000px\" \/>\n<img loading=\"lazy\" decoding=\"async\" class=\" aligncenter size-full wp-image-3789\" src=\"http:\/\/5.45.101.177\/haut-allier\/usagers-transportse\/wp-content\/uploads\/2022\/05\/r-img_20220519_141848_177.jpg\" alt=\"r-img_20220519_141848_177.jpg\" align=\"center\" width=\"2000\" height=\"1125\" srcset=\"https:\/\/usagers-transports.haut-allier.eu\/wp-content\/uploads\/2022\/05\/r-img_20220519_141848_177.jpg 2000w, https:\/\/usagers-transports.haut-allier.eu\/wp-content\/uploads\/2022\/05\/r-img_20220519_141848_177-300x169.jpg 300w, https:\/\/usagers-transports.haut-allier.eu\/wp-content\/uploads\/2022\/05\/r-img_20220519_141848_177-1024x576.jpg 1024w, https:\/\/usagers-transports.haut-allier.eu\/wp-content\/uploads\/2022\/05\/r-img_20220519_141848_177-768x432.jpg 768w, https:\/\/usagers-transports.haut-allier.eu\/wp-content\/uploads\/2022\/05\/r-img_20220519_141848_177-1536x864.jpg 1536w\" sizes=\"auto, (max-width: 2000px) 100vw, 2000px\" \/>\n<img loading=\"lazy\" decoding=\"async\" class=\" aligncenter size-full wp-image-3790\" src=\"http:\/\/5.45.101.177\/haut-allier\/usagers-transportse\/wp-content\/uploads\/2022\/05\/r-img_20220519_142354_997.jpg\" alt=\"r-img_20220519_142354_997.jpg\" align=\"center\" width=\"2000\" height=\"1230\" srcset=\"https:\/\/usagers-transports.haut-allier.eu\/wp-content\/uploads\/2022\/05\/r-img_20220519_142354_997.jpg 2000w, https:\/\/usagers-transports.haut-allier.eu\/wp-content\/uploads\/2022\/05\/r-img_20220519_142354_997-300x185.jpg 300w, https:\/\/usagers-transports.haut-allier.eu\/wp-content\/uploads\/2022\/05\/r-img_20220519_142354_997-1024x630.jpg 1024w, https:\/\/usagers-transports.haut-allier.eu\/wp-content\/uploads\/2022\/05\/r-img_20220519_142354_997-768x472.jpg 768w, https:\/\/usagers-transports.haut-allier.eu\/wp-content\/uploads\/2022\/05\/r-img_20220519_142354_997-1536x945.jpg 1536w\" sizes=\"auto, (max-width: 2000px) 100vw, 2000px\" \/>\n\n<img loading=\"lazy\" decoding=\"async\" class=\" aligncenter size-full wp-image-3791\" src=\"http:\/\/5.45.101.177\/haut-allier\/usagers-transportse\/wp-content\/uploads\/2022\/05\/r-img_20220519_142614_012.jpg\" alt=\"r-img_20220519_142614_012.jpg\" align=\"center\" width=\"2000\" height=\"1500\" srcset=\"https:\/\/usagers-transports.haut-allier.eu\/wp-content\/uploads\/2022\/05\/r-img_20220519_142614_012.jpg 2000w, https:\/\/usagers-transports.haut-allier.eu\/wp-content\/uploads\/2022\/05\/r-img_20220519_142614_012-300x225.jpg 300w, https:\/\/usagers-transports.haut-allier.eu\/wp-content\/uploads\/2022\/05\/r-img_20220519_142614_012-1024x768.jpg 1024w, https:\/\/usagers-transports.haut-allier.eu\/wp-content\/uploads\/2022\/05\/r-img_20220519_142614_012-768x576.jpg 768w, https:\/\/usagers-transports.haut-allier.eu\/wp-content\/uploads\/2022\/05\/r-img_20220519_142614_012-1536x1152.jpg 1536w\" sizes=\"auto, (max-width: 2000px) 100vw, 2000px\" \/>\n<img loading=\"lazy\" decoding=\"async\" class=\" aligncenter size-full wp-image-3792\" src=\"http:\/\/5.45.101.177\/haut-allier\/usagers-transportse\/wp-content\/uploads\/2022\/05\/r-img_20220519_142807_103.jpg\" alt=\"r-img_20220519_142807_103.jpg\" align=\"center\" width=\"2000\" height=\"1136\" srcset=\"https:\/\/usagers-transports.haut-allier.eu\/wp-content\/uploads\/2022\/05\/r-img_20220519_142807_103.jpg 2000w, https:\/\/usagers-transports.haut-allier.eu\/wp-content\/uploads\/2022\/05\/r-img_20220519_142807_103-300x170.jpg 300w, https:\/\/usagers-transports.haut-allier.eu\/wp-content\/uploads\/2022\/05\/r-img_20220519_142807_103-1024x582.jpg 1024w, https:\/\/usagers-transports.haut-allier.eu\/wp-content\/uploads\/2022\/05\/r-img_20220519_142807_103-768x436.jpg 768w, https:\/\/usagers-transports.haut-allier.eu\/wp-content\/uploads\/2022\/05\/r-img_20220519_142807_103-1536x872.jpg 1536w\" sizes=\"auto, (max-width: 2000px) 100vw, 2000px\" \/>\n<img loading=\"lazy\" decoding=\"async\" class=\" aligncenter size-full wp-image-3793\" src=\"http:\/\/5.45.101.177\/haut-allier\/usagers-transportse\/wp-content\/uploads\/2022\/05\/r-img_20220519_142911_769.jpg\" alt=\"r-img_20220519_142911_769.jpg\" align=\"center\" width=\"2000\" height=\"1158\" srcset=\"https:\/\/usagers-transports.haut-allier.eu\/wp-content\/uploads\/2022\/05\/r-img_20220519_142911_769.jpg 2000w, https:\/\/usagers-transports.haut-allier.eu\/wp-content\/uploads\/2022\/05\/r-img_20220519_142911_769-300x174.jpg 300w, https:\/\/usagers-transports.haut-allier.eu\/wp-content\/uploads\/2022\/05\/r-img_20220519_142911_769-1024x593.jpg 1024w, https:\/\/usagers-transports.haut-allier.eu\/wp-content\/uploads\/2022\/05\/r-img_20220519_142911_769-768x445.jpg 768w, https:\/\/usagers-transports.haut-allier.eu\/wp-content\/uploads\/2022\/05\/r-img_20220519_142911_769-1536x889.jpg 1536w\" sizes=\"auto, (max-width: 2000px) 100vw, 2000px\" \/>\n&nbsp;\nQuestion : la base de calcul \u00ab\u00a0emport\u00a0\u00bb est-elle sur places assises ou debout ?\nR\u00e9ponse : les deux. Mais le contrat R\u00e9gion \/ SNCF permet un usager debout pendant 20 minutes ( peut \u00e9voluer ). La r\u00e9gion cherche \u00e0 offrir le maximum d&rsquo;assis sur longue distance.\n&nbsp;\n<img loading=\"lazy\" decoding=\"async\" class=\" aligncenter size-full wp-image-3794\" src=\"http:\/\/5.45.101.177\/haut-allier\/usagers-transportse\/wp-content\/uploads\/2022\/05\/r-img_20220519_140804_401.jpg\" alt=\"r-img_20220519_140804_401.jpg\" align=\"center\" width=\"2000\" height=\"1116\" srcset=\"https:\/\/usagers-transports.haut-allier.eu\/wp-content\/uploads\/2022\/05\/r-img_20220519_140804_401.jpg 2000w, https:\/\/usagers-transports.haut-allier.eu\/wp-content\/uploads\/2022\/05\/r-img_20220519_140804_401-300x167.jpg 300w, https:\/\/usagers-transports.haut-allier.eu\/wp-content\/uploads\/2022\/05\/r-img_20220519_140804_401-1024x571.jpg 1024w, https:\/\/usagers-transports.haut-allier.eu\/wp-content\/uploads\/2022\/05\/r-img_20220519_140804_401-768x429.jpg 768w, https:\/\/usagers-transports.haut-allier.eu\/wp-content\/uploads\/2022\/05\/r-img_20220519_140804_401-1536x857.jpg 1536w\" sizes=\"auto, (max-width: 2000px) 100vw, 2000px\" \/>\n<img loading=\"lazy\" decoding=\"async\" class=\" aligncenter size-full wp-image-3795\" src=\"http:\/\/5.45.101.177\/haut-allier\/usagers-transportse\/wp-content\/uploads\/2022\/05\/r-img_20220519_143107_452.jpg\" alt=\"r-img_20220519_143107_452.jpg\" align=\"center\" width=\"2000\" height=\"1121\" srcset=\"https:\/\/usagers-transports.haut-allier.eu\/wp-content\/uploads\/2022\/05\/r-img_20220519_143107_452.jpg 2000w, https:\/\/usagers-transports.haut-allier.eu\/wp-content\/uploads\/2022\/05\/r-img_20220519_143107_452-300x168.jpg 300w, https:\/\/usagers-transports.haut-allier.eu\/wp-content\/uploads\/2022\/05\/r-img_20220519_143107_452-1024x574.jpg 1024w, https:\/\/usagers-transports.haut-allier.eu\/wp-content\/uploads\/2022\/05\/r-img_20220519_143107_452-768x430.jpg 768w, https:\/\/usagers-transports.haut-allier.eu\/wp-content\/uploads\/2022\/05\/r-img_20220519_143107_452-1536x861.jpg 1536w\" sizes=\"auto, (max-width: 2000px) 100vw, 2000px\" \/>\n<img loading=\"lazy\" decoding=\"async\" class=\" aligncenter size-full wp-image-3796\" src=\"http:\/\/5.45.101.177\/haut-allier\/usagers-transportse\/wp-content\/uploads\/2022\/05\/r-img_20220519_143237_721.jpg\" alt=\"r-img_20220519_143237_721.jpg\" align=\"center\" width=\"2000\" height=\"1136\" srcset=\"https:\/\/usagers-transports.haut-allier.eu\/wp-content\/uploads\/2022\/05\/r-img_20220519_143237_721.jpg 2000w, https:\/\/usagers-transports.haut-allier.eu\/wp-content\/uploads\/2022\/05\/r-img_20220519_143237_721-300x170.jpg 300w, https:\/\/usagers-transports.haut-allier.eu\/wp-content\/uploads\/2022\/05\/r-img_20220519_143237_721-1024x582.jpg 1024w, https:\/\/usagers-transports.haut-allier.eu\/wp-content\/uploads\/2022\/05\/r-img_20220519_143237_721-768x436.jpg 768w, https:\/\/usagers-transports.haut-allier.eu\/wp-content\/uploads\/2022\/05\/r-img_20220519_143237_721-1536x872.jpg 1536w\" sizes=\"auto, (max-width: 2000px) 100vw, 2000px\" \/>\n<img loading=\"lazy\" decoding=\"async\" class=\" aligncenter size-full wp-image-3797\" src=\"http:\/\/5.45.101.177\/haut-allier\/usagers-transportse\/wp-content\/uploads\/2022\/05\/r-img_20220519_143431_159-scaled.jpg\" alt=\"r-img_20220519_143431_159.jpg\" align=\"center\" width=\"2560\" height=\"1458\" srcset=\"https:\/\/usagers-transports.haut-allier.eu\/wp-content\/uploads\/2022\/05\/r-img_20220519_143431_159-scaled.jpg 2560w, https:\/\/usagers-transports.haut-allier.eu\/wp-content\/uploads\/2022\/05\/r-img_20220519_143431_159-300x171.jpg 300w, https:\/\/usagers-transports.haut-allier.eu\/wp-content\/uploads\/2022\/05\/r-img_20220519_143431_159-1024x583.jpg 1024w, https:\/\/usagers-transports.haut-allier.eu\/wp-content\/uploads\/2022\/05\/r-img_20220519_143431_159-768x437.jpg 768w, https:\/\/usagers-transports.haut-allier.eu\/wp-content\/uploads\/2022\/05\/r-img_20220519_143431_159-1536x875.jpg 1536w, https:\/\/usagers-transports.haut-allier.eu\/wp-content\/uploads\/2022\/05\/r-img_20220519_143431_159-2048x1166.jpg 2048w\" sizes=\"auto, (max-width: 2560px) 100vw, 2560px\" \/>\n<img loading=\"lazy\" decoding=\"async\" class=\" aligncenter size-full wp-image-3798\" src=\"http:\/\/5.45.101.177\/haut-allier\/usagers-transportse\/wp-content\/uploads\/2022\/05\/r-img_20220519_143944_416.jpg\" alt=\"r-img_20220519_143944_416.jpg\" align=\"center\" width=\"2000\" height=\"1142\" srcset=\"https:\/\/usagers-transports.haut-allier.eu\/wp-content\/uploads\/2022\/05\/r-img_20220519_143944_416.jpg 2000w, https:\/\/usagers-transports.haut-allier.eu\/wp-content\/uploads\/2022\/05\/r-img_20220519_143944_416-300x171.jpg 300w, https:\/\/usagers-transports.haut-allier.eu\/wp-content\/uploads\/2022\/05\/r-img_20220519_143944_416-1024x585.jpg 1024w, https:\/\/usagers-transports.haut-allier.eu\/wp-content\/uploads\/2022\/05\/r-img_20220519_143944_416-768x439.jpg 768w, https:\/\/usagers-transports.haut-allier.eu\/wp-content\/uploads\/2022\/05\/r-img_20220519_143944_416-1536x877.jpg 1536w\" sizes=\"auto, (max-width: 2000px) 100vw, 2000px\" \/>\n<img loading=\"lazy\" decoding=\"async\" class=\" aligncenter size-full wp-image-3799\" src=\"http:\/\/5.45.101.177\/haut-allier\/usagers-transportse\/wp-content\/uploads\/2022\/05\/r-img_20220519_144200_492.jpg\" alt=\"r-img_20220519_144200_492.jpg\" align=\"center\" width=\"2000\" height=\"1142\" srcset=\"https:\/\/usagers-transports.haut-allier.eu\/wp-content\/uploads\/2022\/05\/r-img_20220519_144200_492.jpg 2000w, https:\/\/usagers-transports.haut-allier.eu\/wp-content\/uploads\/2022\/05\/r-img_20220519_144200_492-300x171.jpg 300w, https:\/\/usagers-transports.haut-allier.eu\/wp-content\/uploads\/2022\/05\/r-img_20220519_144200_492-1024x585.jpg 1024w, https:\/\/usagers-transports.haut-allier.eu\/wp-content\/uploads\/2022\/05\/r-img_20220519_144200_492-768x439.jpg 768w, https:\/\/usagers-transports.haut-allier.eu\/wp-content\/uploads\/2022\/05\/r-img_20220519_144200_492-1536x877.jpg 1536w\" sizes=\"auto, (max-width: 2000px) 100vw, 2000px\" \/>\n\n<img loading=\"lazy\" decoding=\"async\" class=\" aligncenter size-full wp-image-3800\" src=\"http:\/\/5.45.101.177\/haut-allier\/usagers-transportse\/wp-content\/uploads\/2022\/05\/r-img_20220519_150154_817.jpg\" alt=\"r-img_20220519_150154_817.jpg\" align=\"center\" width=\"2000\" height=\"1173\" srcset=\"https:\/\/usagers-transports.haut-allier.eu\/wp-content\/uploads\/2022\/05\/r-img_20220519_150154_817.jpg 2000w, https:\/\/usagers-transports.haut-allier.eu\/wp-content\/uploads\/2022\/05\/r-img_20220519_150154_817-300x176.jpg 300w, https:\/\/usagers-transports.haut-allier.eu\/wp-content\/uploads\/2022\/05\/r-img_20220519_150154_817-1024x601.jpg 1024w, https:\/\/usagers-transports.haut-allier.eu\/wp-content\/uploads\/2022\/05\/r-img_20220519_150154_817-768x450.jpg 768w, https:\/\/usagers-transports.haut-allier.eu\/wp-content\/uploads\/2022\/05\/r-img_20220519_150154_817-1536x901.jpg 1536w\" sizes=\"auto, (max-width: 2000px) 100vw, 2000px\" \/>\n<img loading=\"lazy\" decoding=\"async\" class=\" aligncenter size-full wp-image-3801\" src=\"http:\/\/5.45.101.177\/haut-allier\/usagers-transportse\/wp-content\/uploads\/2022\/05\/r-img_20220519_150350_734.jpg\" alt=\"r-img_20220519_150350_734.jpg\" align=\"center\" width=\"2000\" height=\"1187\" srcset=\"https:\/\/usagers-transports.haut-allier.eu\/wp-content\/uploads\/2022\/05\/r-img_20220519_150350_734.jpg 2000w, https:\/\/usagers-transports.haut-allier.eu\/wp-content\/uploads\/2022\/05\/r-img_20220519_150350_734-300x178.jpg 300w, https:\/\/usagers-transports.haut-allier.eu\/wp-content\/uploads\/2022\/05\/r-img_20220519_150350_734-1024x608.jpg 1024w, https:\/\/usagers-transports.haut-allier.eu\/wp-content\/uploads\/2022\/05\/r-img_20220519_150350_734-768x456.jpg 768w, https:\/\/usagers-transports.haut-allier.eu\/wp-content\/uploads\/2022\/05\/r-img_20220519_150350_734-1536x912.jpg 1536w\" sizes=\"auto, (max-width: 2000px) 100vw, 2000px\" \/>\n<img loading=\"lazy\" decoding=\"async\" class=\" aligncenter size-full wp-image-3802\" src=\"http:\/\/5.45.101.177\/haut-allier\/usagers-transportse\/wp-content\/uploads\/2022\/05\/r-img_20220519_150704_326.jpg\" alt=\"r-img_20220519_150704_326.jpg\" align=\"center\" width=\"2000\" height=\"1180\" srcset=\"https:\/\/usagers-transports.haut-allier.eu\/wp-content\/uploads\/2022\/05\/r-img_20220519_150704_326.jpg 2000w, https:\/\/usagers-transports.haut-allier.eu\/wp-content\/uploads\/2022\/05\/r-img_20220519_150704_326-300x177.jpg 300w, https:\/\/usagers-transports.haut-allier.eu\/wp-content\/uploads\/2022\/05\/r-img_20220519_150704_326-1024x604.jpg 1024w, https:\/\/usagers-transports.haut-allier.eu\/wp-content\/uploads\/2022\/05\/r-img_20220519_150704_326-768x453.jpg 768w, https:\/\/usagers-transports.haut-allier.eu\/wp-content\/uploads\/2022\/05\/r-img_20220519_150704_326-1536x906.jpg 1536w\" sizes=\"auto, (max-width: 2000px) 100vw, 2000px\" \/>\n<img loading=\"lazy\" decoding=\"async\" class=\" aligncenter size-full wp-image-3803\" src=\"http:\/\/5.45.101.177\/haut-allier\/usagers-transportse\/wp-content\/uploads\/2022\/05\/r-img_20220519_153158_319.jpg\" alt=\"r-img_20220519_153158_319.jpg\" align=\"center\" width=\"2000\" height=\"1138\" srcset=\"https:\/\/usagers-transports.haut-allier.eu\/wp-content\/uploads\/2022\/05\/r-img_20220519_153158_319.jpg 2000w, https:\/\/usagers-transports.haut-allier.eu\/wp-content\/uploads\/2022\/05\/r-img_20220519_153158_319-300x171.jpg 300w, https:\/\/usagers-transports.haut-allier.eu\/wp-content\/uploads\/2022\/05\/r-img_20220519_153158_319-1024x583.jpg 1024w, https:\/\/usagers-transports.haut-allier.eu\/wp-content\/uploads\/2022\/05\/r-img_20220519_153158_319-768x437.jpg 768w, https:\/\/usagers-transports.haut-allier.eu\/wp-content\/uploads\/2022\/05\/r-img_20220519_153158_319-1536x874.jpg 1536w\" sizes=\"auto, (max-width: 2000px) 100vw, 2000px\" \/>\n<img loading=\"lazy\" decoding=\"async\" class=\" aligncenter size-full wp-image-3804\" src=\"http:\/\/5.45.101.177\/haut-allier\/usagers-transportse\/wp-content\/uploads\/2022\/05\/r-img_20220519_153347_148.jpg\" alt=\"r-img_20220519_153347_148.jpg\" align=\"center\" width=\"2000\" height=\"1124\" srcset=\"https:\/\/usagers-transports.haut-allier.eu\/wp-content\/uploads\/2022\/05\/r-img_20220519_153347_148.jpg 2000w, https:\/\/usagers-transports.haut-allier.eu\/wp-content\/uploads\/2022\/05\/r-img_20220519_153347_148-300x169.jpg 300w, https:\/\/usagers-transports.haut-allier.eu\/wp-content\/uploads\/2022\/05\/r-img_20220519_153347_148-1024x575.jpg 1024w, https:\/\/usagers-transports.haut-allier.eu\/wp-content\/uploads\/2022\/05\/r-img_20220519_153347_148-768x432.jpg 768w, https:\/\/usagers-transports.haut-allier.eu\/wp-content\/uploads\/2022\/05\/r-img_20220519_153347_148-1536x863.jpg 1536w\" sizes=\"auto, (max-width: 2000px) 100vw, 2000px\" \/>\n<img loading=\"lazy\" decoding=\"async\" class=\" aligncenter size-full wp-image-3805\" src=\"http:\/\/5.45.101.177\/haut-allier\/usagers-transportse\/wp-content\/uploads\/2022\/05\/r-img_20220519_153706_360.jpg\" alt=\"r-img_20220519_153706_360.jpg\" align=\"center\" width=\"2000\" height=\"1163\" srcset=\"https:\/\/usagers-transports.haut-allier.eu\/wp-content\/uploads\/2022\/05\/r-img_20220519_153706_360.jpg 2000w, https:\/\/usagers-transports.haut-allier.eu\/wp-content\/uploads\/2022\/05\/r-img_20220519_153706_360-300x174.jpg 300w, https:\/\/usagers-transports.haut-allier.eu\/wp-content\/uploads\/2022\/05\/r-img_20220519_153706_360-1024x595.jpg 1024w, https:\/\/usagers-transports.haut-allier.eu\/wp-content\/uploads\/2022\/05\/r-img_20220519_153706_360-768x447.jpg 768w, https:\/\/usagers-transports.haut-allier.eu\/wp-content\/uploads\/2022\/05\/r-img_20220519_153706_360-1536x893.jpg 1536w\" sizes=\"auto, (max-width: 2000px) 100vw, 2000px\" \/>\n<img loading=\"lazy\" decoding=\"async\" class=\" aligncenter size-full wp-image-3806\" src=\"http:\/\/5.45.101.177\/haut-allier\/usagers-transportse\/wp-content\/uploads\/2022\/05\/r-img_20220519_153811_225.jpg\" alt=\"r-img_20220519_153811_225.jpg\" align=\"center\" width=\"2000\" height=\"1131\" srcset=\"https:\/\/usagers-transports.haut-allier.eu\/wp-content\/uploads\/2022\/05\/r-img_20220519_153811_225.jpg 2000w, https:\/\/usagers-transports.haut-allier.eu\/wp-content\/uploads\/2022\/05\/r-img_20220519_153811_225-300x170.jpg 300w, https:\/\/usagers-transports.haut-allier.eu\/wp-content\/uploads\/2022\/05\/r-img_20220519_153811_225-1024x579.jpg 1024w, https:\/\/usagers-transports.haut-allier.eu\/wp-content\/uploads\/2022\/05\/r-img_20220519_153811_225-768x434.jpg 768w, https:\/\/usagers-transports.haut-allier.eu\/wp-content\/uploads\/2022\/05\/r-img_20220519_153811_225-1536x869.jpg 1536w\" sizes=\"auto, (max-width: 2000px) 100vw, 2000px\" \/>\n<img loading=\"lazy\" decoding=\"async\" class=\" aligncenter size-full wp-image-3807\" src=\"http:\/\/5.45.101.177\/haut-allier\/usagers-transportse\/wp-content\/uploads\/2022\/05\/r-img_20220519_154001_104.jpg\" alt=\"r-img_20220519_154001_104.jpg\" align=\"center\" width=\"2000\" height=\"1146\" srcset=\"https:\/\/usagers-transports.haut-allier.eu\/wp-content\/uploads\/2022\/05\/r-img_20220519_154001_104.jpg 2000w, https:\/\/usagers-transports.haut-allier.eu\/wp-content\/uploads\/2022\/05\/r-img_20220519_154001_104-300x172.jpg 300w, https:\/\/usagers-transports.haut-allier.eu\/wp-content\/uploads\/2022\/05\/r-img_20220519_154001_104-1024x587.jpg 1024w, https:\/\/usagers-transports.haut-allier.eu\/wp-content\/uploads\/2022\/05\/r-img_20220519_154001_104-768x440.jpg 768w, https:\/\/usagers-transports.haut-allier.eu\/wp-content\/uploads\/2022\/05\/r-img_20220519_154001_104-1536x880.jpg 1536w\" sizes=\"auto, (max-width: 2000px) 100vw, 2000px\" \/>\n\n<img loading=\"lazy\" decoding=\"async\" class=\" aligncenter size-full wp-image-3808\" src=\"http:\/\/5.45.101.177\/haut-allier\/usagers-transportse\/wp-content\/uploads\/2022\/05\/r-img_20220519_154401_792.jpg\" alt=\"r-img_20220519_154401_792.jpg\" align=\"center\" width=\"2000\" height=\"1096\" srcset=\"https:\/\/usagers-transports.haut-allier.eu\/wp-content\/uploads\/2022\/05\/r-img_20220519_154401_792.jpg 2000w, https:\/\/usagers-transports.haut-allier.eu\/wp-content\/uploads\/2022\/05\/r-img_20220519_154401_792-300x164.jpg 300w, https:\/\/usagers-transports.haut-allier.eu\/wp-content\/uploads\/2022\/05\/r-img_20220519_154401_792-1024x561.jpg 1024w, https:\/\/usagers-transports.haut-allier.eu\/wp-content\/uploads\/2022\/05\/r-img_20220519_154401_792-768x421.jpg 768w, https:\/\/usagers-transports.haut-allier.eu\/wp-content\/uploads\/2022\/05\/r-img_20220519_154401_792-1536x842.jpg 1536w\" sizes=\"auto, (max-width: 2000px) 100vw, 2000px\" \/>\n<img loading=\"lazy\" decoding=\"async\" class=\" aligncenter size-full wp-image-3809\" src=\"http:\/\/5.45.101.177\/haut-allier\/usagers-transportse\/wp-content\/uploads\/2022\/05\/r-img_20220519_154541_112.jpg\" alt=\"r-img_20220519_154541_112.jpg\" align=\"center\" width=\"2000\" height=\"1122\" srcset=\"https:\/\/usagers-transports.haut-allier.eu\/wp-content\/uploads\/2022\/05\/r-img_20220519_154541_112.jpg 2000w, https:\/\/usagers-transports.haut-allier.eu\/wp-content\/uploads\/2022\/05\/r-img_20220519_154541_112-300x168.jpg 300w, https:\/\/usagers-transports.haut-allier.eu\/wp-content\/uploads\/2022\/05\/r-img_20220519_154541_112-1024x574.jpg 1024w, https:\/\/usagers-transports.haut-allier.eu\/wp-content\/uploads\/2022\/05\/r-img_20220519_154541_112-768x431.jpg 768w, https:\/\/usagers-transports.haut-allier.eu\/wp-content\/uploads\/2022\/05\/r-img_20220519_154541_112-1536x862.jpg 1536w\" sizes=\"auto, (max-width: 2000px) 100vw, 2000px\" \/>\n<img loading=\"lazy\" decoding=\"async\" class=\" aligncenter size-full wp-image-3810\" src=\"http:\/\/5.45.101.177\/haut-allier\/usagers-transportse\/wp-content\/uploads\/2022\/05\/r-img_20220519_160521_399.jpg\" alt=\"r-img_20220519_160521_399.jpg\" align=\"center\" width=\"2000\" height=\"1069\" srcset=\"https:\/\/usagers-transports.haut-allier.eu\/wp-content\/uploads\/2022\/05\/r-img_20220519_160521_399.jpg 2000w, https:\/\/usagers-transports.haut-allier.eu\/wp-content\/uploads\/2022\/05\/r-img_20220519_160521_399-300x160.jpg 300w, https:\/\/usagers-transports.haut-allier.eu\/wp-content\/uploads\/2022\/05\/r-img_20220519_160521_399-1024x547.jpg 1024w, https:\/\/usagers-transports.haut-allier.eu\/wp-content\/uploads\/2022\/05\/r-img_20220519_160521_399-768x410.jpg 768w, https:\/\/usagers-transports.haut-allier.eu\/wp-content\/uploads\/2022\/05\/r-img_20220519_160521_399-1536x821.jpg 1536w\" sizes=\"auto, (max-width: 2000px) 100vw, 2000px\" \/>\n<img loading=\"lazy\" decoding=\"async\" class=\" aligncenter size-full wp-image-3811\" src=\"http:\/\/5.45.101.177\/haut-allier\/usagers-transportse\/wp-content\/uploads\/2022\/05\/r-img_20220519_160628_908.jpg\" alt=\"r-img_20220519_160628_908.jpg\" align=\"center\" width=\"2000\" height=\"1052\" srcset=\"https:\/\/usagers-transports.haut-allier.eu\/wp-content\/uploads\/2022\/05\/r-img_20220519_160628_908.jpg 2000w, https:\/\/usagers-transports.haut-allier.eu\/wp-content\/uploads\/2022\/05\/r-img_20220519_160628_908-300x158.jpg 300w, https:\/\/usagers-transports.haut-allier.eu\/wp-content\/uploads\/2022\/05\/r-img_20220519_160628_908-1024x539.jpg 1024w, https:\/\/usagers-transports.haut-allier.eu\/wp-content\/uploads\/2022\/05\/r-img_20220519_160628_908-768x404.jpg 768w, https:\/\/usagers-transports.haut-allier.eu\/wp-content\/uploads\/2022\/05\/r-img_20220519_160628_908-1536x808.jpg 1536w\" sizes=\"auto, (max-width: 2000px) 100vw, 2000px\" \/>\n<img loading=\"lazy\" decoding=\"async\" class=\" aligncenter size-full wp-image-3812\" src=\"http:\/\/5.45.101.177\/haut-allier\/usagers-transportse\/wp-content\/uploads\/2022\/05\/r-img_20220519_161139_625.jpg\" alt=\"r-img_20220519_161139_625.jpg\" align=\"center\" width=\"2000\" height=\"1183\" srcset=\"https:\/\/usagers-transports.haut-allier.eu\/wp-content\/uploads\/2022\/05\/r-img_20220519_161139_625.jpg 2000w, https:\/\/usagers-transports.haut-allier.eu\/wp-content\/uploads\/2022\/05\/r-img_20220519_161139_625-300x177.jpg 300w, https:\/\/usagers-transports.haut-allier.eu\/wp-content\/uploads\/2022\/05\/r-img_20220519_161139_625-1024x606.jpg 1024w, https:\/\/usagers-transports.haut-allier.eu\/wp-content\/uploads\/2022\/05\/r-img_20220519_161139_625-768x454.jpg 768w, https:\/\/usagers-transports.haut-allier.eu\/wp-content\/uploads\/2022\/05\/r-img_20220519_161139_625-1536x909.jpg 1536w\" sizes=\"auto, (max-width: 2000px) 100vw, 2000px\" \/>\n<img loading=\"lazy\" decoding=\"async\" class=\" aligncenter size-full wp-image-3813\" src=\"http:\/\/5.45.101.177\/haut-allier\/usagers-transportse\/wp-content\/uploads\/2022\/05\/r-img_20220519_161248_862.jpg\" alt=\"r-img_20220519_161248_862.jpg\" align=\"center\" width=\"2000\" height=\"1076\" srcset=\"https:\/\/usagers-transports.haut-allier.eu\/wp-content\/uploads\/2022\/05\/r-img_20220519_161248_862.jpg 2000w, https:\/\/usagers-transports.haut-allier.eu\/wp-content\/uploads\/2022\/05\/r-img_20220519_161248_862-300x161.jpg 300w, https:\/\/usagers-transports.haut-allier.eu\/wp-content\/uploads\/2022\/05\/r-img_20220519_161248_862-1024x551.jpg 1024w, https:\/\/usagers-transports.haut-allier.eu\/wp-content\/uploads\/2022\/05\/r-img_20220519_161248_862-768x413.jpg 768w, https:\/\/usagers-transports.haut-allier.eu\/wp-content\/uploads\/2022\/05\/r-img_20220519_161248_862-1536x826.jpg 1536w\" sizes=\"auto, (max-width: 2000px) 100vw, 2000px\" \/>\n<img loading=\"lazy\" decoding=\"async\" class=\" aligncenter size-full wp-image-3814\" src=\"http:\/\/5.45.101.177\/haut-allier\/usagers-transportse\/wp-content\/uploads\/2022\/05\/r-img_20220519_161444_706.jpg\" alt=\"r-img_20220519_161444_706.jpg\" align=\"center\" width=\"2000\" height=\"1082\" srcset=\"https:\/\/usagers-transports.haut-allier.eu\/wp-content\/uploads\/2022\/05\/r-img_20220519_161444_706.jpg 2000w, https:\/\/usagers-transports.haut-allier.eu\/wp-content\/uploads\/2022\/05\/r-img_20220519_161444_706-300x162.jpg 300w, https:\/\/usagers-transports.haut-allier.eu\/wp-content\/uploads\/2022\/05\/r-img_20220519_161444_706-1024x554.jpg 1024w, https:\/\/usagers-transports.haut-allier.eu\/wp-content\/uploads\/2022\/05\/r-img_20220519_161444_706-768x415.jpg 768w, https:\/\/usagers-transports.haut-allier.eu\/wp-content\/uploads\/2022\/05\/r-img_20220519_161444_706-1536x831.jpg 1536w\" sizes=\"auto, (max-width: 2000px) 100vw, 2000px\" \/>\n<img loading=\"lazy\" decoding=\"async\" class=\" aligncenter size-full wp-image-3815\" src=\"http:\/\/5.45.101.177\/haut-allier\/usagers-transportse\/wp-content\/uploads\/2022\/05\/r-img_20220519_163427_023.jpg\" alt=\"r-img_20220519_163427_023.jpg\" align=\"center\" width=\"2522\" height=\"1375\" srcset=\"https:\/\/usagers-transports.haut-allier.eu\/wp-content\/uploads\/2022\/05\/r-img_20220519_163427_023.jpg 2522w, https:\/\/usagers-transports.haut-allier.eu\/wp-content\/uploads\/2022\/05\/r-img_20220519_163427_023-300x164.jpg 300w, https:\/\/usagers-transports.haut-allier.eu\/wp-content\/uploads\/2022\/05\/r-img_20220519_163427_023-1024x558.jpg 1024w, https:\/\/usagers-transports.haut-allier.eu\/wp-content\/uploads\/2022\/05\/r-img_20220519_163427_023-768x419.jpg 768w, https:\/\/usagers-transports.haut-allier.eu\/wp-content\/uploads\/2022\/05\/r-img_20220519_163427_023-1536x837.jpg 1536w, https:\/\/usagers-transports.haut-allier.eu\/wp-content\/uploads\/2022\/05\/r-img_20220519_163427_023-2048x1117.jpg 2048w\" sizes=\"auto, (max-width: 2522px) 100vw, 2522px\" \/>\n<img loading=\"lazy\" decoding=\"async\" class=\" aligncenter size-full wp-image-3816\" src=\"http:\/\/5.45.101.177\/haut-allier\/usagers-transportse\/wp-content\/uploads\/2022\/05\/r-img_20220519_163518_117.jpg\" alt=\"r-img_20220519_163518_117.jpg\" align=\"center\" width=\"2000\" height=\"1157\" srcset=\"https:\/\/usagers-transports.haut-allier.eu\/wp-content\/uploads\/2022\/05\/r-img_20220519_163518_117.jpg 2000w, https:\/\/usagers-transports.haut-allier.eu\/wp-content\/uploads\/2022\/05\/r-img_20220519_163518_117-300x174.jpg 300w, https:\/\/usagers-transports.haut-allier.eu\/wp-content\/uploads\/2022\/05\/r-img_20220519_163518_117-1024x592.jpg 1024w, https:\/\/usagers-transports.haut-allier.eu\/wp-content\/uploads\/2022\/05\/r-img_20220519_163518_117-768x444.jpg 768w, https:\/\/usagers-transports.haut-allier.eu\/wp-content\/uploads\/2022\/05\/r-img_20220519_163518_117-1536x889.jpg 1536w\" sizes=\"auto, (max-width: 2000px) 100vw, 2000px\" \/>\n\n<img loading=\"lazy\" decoding=\"async\" class=\" aligncenter size-full wp-image-3817\" src=\"http:\/\/5.45.101.177\/haut-allier\/usagers-transportse\/wp-content\/uploads\/2022\/05\/r-img_20220519_163701_778.jpg\" alt=\"r-img_20220519_163701_778.jpg\" align=\"center\" width=\"2000\" height=\"1047\" srcset=\"https:\/\/usagers-transports.haut-allier.eu\/wp-content\/uploads\/2022\/05\/r-img_20220519_163701_778.jpg 2000w, https:\/\/usagers-transports.haut-allier.eu\/wp-content\/uploads\/2022\/05\/r-img_20220519_163701_778-300x157.jpg 300w, https:\/\/usagers-transports.haut-allier.eu\/wp-content\/uploads\/2022\/05\/r-img_20220519_163701_778-1024x536.jpg 1024w, https:\/\/usagers-transports.haut-allier.eu\/wp-content\/uploads\/2022\/05\/r-img_20220519_163701_778-768x402.jpg 768w, https:\/\/usagers-transports.haut-allier.eu\/wp-content\/uploads\/2022\/05\/r-img_20220519_163701_778-1536x804.jpg 1536w\" sizes=\"auto, (max-width: 2000px) 100vw, 2000px\" \/>\n<img loading=\"lazy\" decoding=\"async\" class=\" aligncenter size-full wp-image-3818\" src=\"http:\/\/5.45.101.177\/haut-allier\/usagers-transportse\/wp-content\/uploads\/2022\/05\/r-img_20220519_163801_683.jpg\" alt=\"r-img_20220519_163801_683.jpg\" align=\"center\" width=\"2000\" height=\"1129\" srcset=\"https:\/\/usagers-transports.haut-allier.eu\/wp-content\/uploads\/2022\/05\/r-img_20220519_163801_683.jpg 2000w, https:\/\/usagers-transports.haut-allier.eu\/wp-content\/uploads\/2022\/05\/r-img_20220519_163801_683-300x169.jpg 300w, https:\/\/usagers-transports.haut-allier.eu\/wp-content\/uploads\/2022\/05\/r-img_20220519_163801_683-1024x578.jpg 1024w, https:\/\/usagers-transports.haut-allier.eu\/wp-content\/uploads\/2022\/05\/r-img_20220519_163801_683-768x434.jpg 768w, https:\/\/usagers-transports.haut-allier.eu\/wp-content\/uploads\/2022\/05\/r-img_20220519_163801_683-1536x867.jpg 1536w\" sizes=\"auto, (max-width: 2000px) 100vw, 2000px\" \/>\n<img loading=\"lazy\" decoding=\"async\" class=\" aligncenter size-full wp-image-3819\" src=\"http:\/\/5.45.101.177\/haut-allier\/usagers-transportse\/wp-content\/uploads\/2022\/05\/r-img_20220519_163843_304.jpg\" alt=\"r-img_20220519_163843_304.jpg\" align=\"center\" width=\"2000\" height=\"1142\" srcset=\"https:\/\/usagers-transports.haut-allier.eu\/wp-content\/uploads\/2022\/05\/r-img_20220519_163843_304.jpg 2000w, https:\/\/usagers-transports.haut-allier.eu\/wp-content\/uploads\/2022\/05\/r-img_20220519_163843_304-300x171.jpg 300w, https:\/\/usagers-transports.haut-allier.eu\/wp-content\/uploads\/2022\/05\/r-img_20220519_163843_304-1024x585.jpg 1024w, https:\/\/usagers-transports.haut-allier.eu\/wp-content\/uploads\/2022\/05\/r-img_20220519_163843_304-768x439.jpg 768w, https:\/\/usagers-transports.haut-allier.eu\/wp-content\/uploads\/2022\/05\/r-img_20220519_163843_304-1536x877.jpg 1536w\" sizes=\"auto, (max-width: 2000px) 100vw, 2000px\" \/>\n<img loading=\"lazy\" decoding=\"async\" class=\" aligncenter size-full wp-image-3820\" src=\"http:\/\/5.45.101.177\/haut-allier\/usagers-transportse\/wp-content\/uploads\/2022\/05\/r-img_20220519_163952_926.jpg\" alt=\"r-img_20220519_163952_926.jpg\" align=\"center\" width=\"2000\" height=\"1131\" srcset=\"https:\/\/usagers-transports.haut-allier.eu\/wp-content\/uploads\/2022\/05\/r-img_20220519_163952_926.jpg 2000w, https:\/\/usagers-transports.haut-allier.eu\/wp-content\/uploads\/2022\/05\/r-img_20220519_163952_926-300x170.jpg 300w, https:\/\/usagers-transports.haut-allier.eu\/wp-content\/uploads\/2022\/05\/r-img_20220519_163952_926-1024x579.jpg 1024w, https:\/\/usagers-transports.haut-allier.eu\/wp-content\/uploads\/2022\/05\/r-img_20220519_163952_926-768x434.jpg 768w, https:\/\/usagers-transports.haut-allier.eu\/wp-content\/uploads\/2022\/05\/r-img_20220519_163952_926-1536x869.jpg 1536w\" sizes=\"auto, (max-width: 2000px) 100vw, 2000px\" \/>\n<img loading=\"lazy\" decoding=\"async\" class=\" aligncenter size-full wp-image-3821\" src=\"http:\/\/5.45.101.177\/haut-allier\/usagers-transportse\/wp-content\/uploads\/2022\/05\/r-img_20220519_164119_052.jpg\" alt=\"r-img_20220519_164119_052.jpg\" align=\"center\" width=\"2000\" height=\"1096\" srcset=\"https:\/\/usagers-transports.haut-allier.eu\/wp-content\/uploads\/2022\/05\/r-img_20220519_164119_052.jpg 2000w, https:\/\/usagers-transports.haut-allier.eu\/wp-content\/uploads\/2022\/05\/r-img_20220519_164119_052-300x164.jpg 300w, https:\/\/usagers-transports.haut-allier.eu\/wp-content\/uploads\/2022\/05\/r-img_20220519_164119_052-1024x561.jpg 1024w, https:\/\/usagers-transports.haut-allier.eu\/wp-content\/uploads\/2022\/05\/r-img_20220519_164119_052-768x421.jpg 768w, https:\/\/usagers-transports.haut-allier.eu\/wp-content\/uploads\/2022\/05\/r-img_20220519_164119_052-1536x842.jpg 1536w\" sizes=\"auto, (max-width: 2000px) 100vw, 2000px\" \/>\n<img loading=\"lazy\" decoding=\"async\" class=\" aligncenter size-full wp-image-3822\" src=\"http:\/\/5.45.101.177\/haut-allier\/usagers-transportse\/wp-content\/uploads\/2022\/05\/r-img_20220519_164318_930.jpg\" alt=\"r-img_20220519_164318_930.jpg\" align=\"center\" width=\"2000\" height=\"1126\" srcset=\"https:\/\/usagers-transports.haut-allier.eu\/wp-content\/uploads\/2022\/05\/r-img_20220519_164318_930.jpg 2000w, https:\/\/usagers-transports.haut-allier.eu\/wp-content\/uploads\/2022\/05\/r-img_20220519_164318_930-300x169.jpg 300w, https:\/\/usagers-transports.haut-allier.eu\/wp-content\/uploads\/2022\/05\/r-img_20220519_164318_930-1024x577.jpg 1024w, https:\/\/usagers-transports.haut-allier.eu\/wp-content\/uploads\/2022\/05\/r-img_20220519_164318_930-768x432.jpg 768w, https:\/\/usagers-transports.haut-allier.eu\/wp-content\/uploads\/2022\/05\/r-img_20220519_164318_930-1536x865.jpg 1536w\" sizes=\"auto, (max-width: 2000px) 100vw, 2000px\" \/>\n<img loading=\"lazy\" decoding=\"async\" class=\" aligncenter size-full wp-image-3823\" src=\"http:\/\/5.45.101.177\/haut-allier\/usagers-transportse\/wp-content\/uploads\/2022\/05\/r-img_20220519_164420_120.jpg\" alt=\"r-img_20220519_164420_120.jpg\" align=\"center\" width=\"2000\" height=\"1145\" srcset=\"https:\/\/usagers-transports.haut-allier.eu\/wp-content\/uploads\/2022\/05\/r-img_20220519_164420_120.jpg 2000w, https:\/\/usagers-transports.haut-allier.eu\/wp-content\/uploads\/2022\/05\/r-img_20220519_164420_120-300x172.jpg 300w, https:\/\/usagers-transports.haut-allier.eu\/wp-content\/uploads\/2022\/05\/r-img_20220519_164420_120-1024x586.jpg 1024w, https:\/\/usagers-transports.haut-allier.eu\/wp-content\/uploads\/2022\/05\/r-img_20220519_164420_120-768x440.jpg 768w, https:\/\/usagers-transports.haut-allier.eu\/wp-content\/uploads\/2022\/05\/r-img_20220519_164420_120-1536x879.jpg 1536w\" sizes=\"auto, (max-width: 2000px) 100vw, 2000px\" \/>\n<img loading=\"lazy\" decoding=\"async\" class=\" aligncenter size-full wp-image-3824\" src=\"http:\/\/5.45.101.177\/haut-allier\/usagers-transportse\/wp-content\/uploads\/2022\/05\/r-img_20220519_164634_495.jpg\" alt=\"r-img_20220519_164634_495.jpg\" align=\"center\" width=\"2000\" height=\"1217\" srcset=\"https:\/\/usagers-transports.haut-allier.eu\/wp-content\/uploads\/2022\/05\/r-img_20220519_164634_495.jpg 2000w, https:\/\/usagers-transports.haut-allier.eu\/wp-content\/uploads\/2022\/05\/r-img_20220519_164634_495-300x183.jpg 300w, https:\/\/usagers-transports.haut-allier.eu\/wp-content\/uploads\/2022\/05\/r-img_20220519_164634_495-1024x623.jpg 1024w, https:\/\/usagers-transports.haut-allier.eu\/wp-content\/uploads\/2022\/05\/r-img_20220519_164634_495-768x467.jpg 768w, https:\/\/usagers-transports.haut-allier.eu\/wp-content\/uploads\/2022\/05\/r-img_20220519_164634_495-1536x935.jpg 1536w\" sizes=\"auto, (max-width: 2000px) 100vw, 2000px\" \/>\n<img loading=\"lazy\" decoding=\"async\" class=\" aligncenter size-full wp-image-3825\" src=\"http:\/\/5.45.101.177\/haut-allier\/usagers-transportse\/wp-content\/uploads\/2022\/05\/r-img_20220519_164717_632.jpg\" alt=\"r-img_20220519_164717_632.jpg\" align=\"center\" width=\"2000\" height=\"1126\" srcset=\"https:\/\/usagers-transports.haut-allier.eu\/wp-content\/uploads\/2022\/05\/r-img_20220519_164717_632.jpg 2000w, https:\/\/usagers-transports.haut-allier.eu\/wp-content\/uploads\/2022\/05\/r-img_20220519_164717_632-300x169.jpg 300w, https:\/\/usagers-transports.haut-allier.eu\/wp-content\/uploads\/2022\/05\/r-img_20220519_164717_632-1024x577.jpg 1024w, https:\/\/usagers-transports.haut-allier.eu\/wp-content\/uploads\/2022\/05\/r-img_20220519_164717_632-768x432.jpg 768w, https:\/\/usagers-transports.haut-allier.eu\/wp-content\/uploads\/2022\/05\/r-img_20220519_164717_632-1536x865.jpg 1536w\" sizes=\"auto, (max-width: 2000px) 100vw, 2000px\" \/>\n<img loading=\"lazy\" decoding=\"async\" class=\" aligncenter size-full wp-image-3826\" src=\"http:\/\/5.45.101.177\/haut-allier\/usagers-transportse\/wp-content\/uploads\/2022\/05\/r-img_20220519_164805_938.jpg\" alt=\"r-img_20220519_164805_938.jpg\" align=\"center\" width=\"2000\" height=\"1126\" srcset=\"https:\/\/usagers-transports.haut-allier.eu\/wp-content\/uploads\/2022\/05\/r-img_20220519_164805_938.jpg 2000w, https:\/\/usagers-transports.haut-allier.eu\/wp-content\/uploads\/2022\/05\/r-img_20220519_164805_938-300x169.jpg 300w, https:\/\/usagers-transports.haut-allier.eu\/wp-content\/uploads\/2022\/05\/r-img_20220519_164805_938-1024x577.jpg 1024w, https:\/\/usagers-transports.haut-allier.eu\/wp-content\/uploads\/2022\/05\/r-img_20220519_164805_938-768x432.jpg 768w, https:\/\/usagers-transports.haut-allier.eu\/wp-content\/uploads\/2022\/05\/r-img_20220519_164805_938-1536x865.jpg 1536w\" sizes=\"auto, (max-width: 2000px) 100vw, 2000px\" \/>\n<img loading=\"lazy\" decoding=\"async\" class=\" aligncenter size-full wp-image-3827\" src=\"http:\/\/5.45.101.177\/haut-allier\/usagers-transportse\/wp-content\/uploads\/2022\/05\/r-img_20220519_165036_153.jpg\" alt=\"r-img_20220519_165036_153.jpg\" align=\"center\" width=\"2000\" height=\"1195\" srcset=\"https:\/\/usagers-transports.haut-allier.eu\/wp-content\/uploads\/2022\/05\/r-img_20220519_165036_153.jpg 2000w, https:\/\/usagers-transports.haut-allier.eu\/wp-content\/uploads\/2022\/05\/r-img_20220519_165036_153-300x179.jpg 300w, https:\/\/usagers-transports.haut-allier.eu\/wp-content\/uploads\/2022\/05\/r-img_20220519_165036_153-1024x612.jpg 1024w, https:\/\/usagers-transports.haut-allier.eu\/wp-content\/uploads\/2022\/05\/r-img_20220519_165036_153-768x459.jpg 768w, https:\/\/usagers-transports.haut-allier.eu\/wp-content\/uploads\/2022\/05\/r-img_20220519_165036_153-1536x918.jpg 1536w\" sizes=\"auto, (max-width: 2000px) 100vw, 2000px\" \/>\n&nbsp;\n\nSur plusieurs questions li\u00e9es \u00e0 la lenteur des travaux, notamment sur la ligne des C\u00e9vennes, la r\u00e9gion Auvergne Rh\u00f4ne Alpes finance uniquement pour \u00e9viter les coupures de circulation (on avait compris !), d&rsquo;o\u00f9 travaux longs sur de petites sections au fur et \u00e0 mesure, ann\u00e9e apr\u00e8s ann\u00e9e.\n&nbsp;\nTous les pr\u00e9sents en concluent une volont\u00e9 et un budget tr\u00e8s insuffisants pour la maintenance des lignes ferroviaires de la part de l&rsquo;\u00e9tat, tr\u00e8s inf\u00e9rieur \u00e0 ce qu&rsquo;y consacrent nos voisins. \n&nbsp;\nNous mettrons ici en t\u00e9l\u00e9chargement le document visio d&rsquo;origine de bien meilleure qualit\u00e9 d\u00e8s r\u00e9ception de la r\u00e9gion.\n\n<p>&nbsp;<\/p>\n\n\t<figure class=\"wp-block-gallery columns-2 is-cropped wp-block-gallery-1 is-layout-flex wp-block-gallery-is-layout-flex\">\n\t\t<ul class=\"blocks-gallery-grid\">\n\t\t\t<li class=\"blocks-gallery-item\">\n\t\t\t\t<figure>\n\t\t\t\t\t\t\t\t\t\t\t<img loading=\"lazy\" decoding=\"async\" width=\"2000\" height=\"1125\" src=\"http:\/\/5.45.101.177\/haut-allier\/usagers-transportse\/wp-content\/uploads\/2022\/05\/r-img_20220519_154356_220.jpg\"\n\t\t\t\t\t\t alt=\"r-img_20220519_154356_220.jpg\"\n\t\t\t\t\t\t data-id=\"3828\"\n\t\t\t\t\t\t data-full-url=\"http:\/\/5.45.101.177\/haut-allier\/usagers-transportse\/wp-content\/uploads\/2022\/05\/r-img_20220519_154356_220.jpg\"\n\t\t\t\t\t\t data-link=\"http:\/\/5.45.101.177\/haut-allier\/usagers-transportse\/attachment-r-img_20220519_154356_220-jpg\/\"\n\t\t\t\t\t\t class=\"wp-image-3828\" srcset=\"https:\/\/usagers-transports.haut-allier.eu\/wp-content\/uploads\/2022\/05\/r-img_20220519_154356_220.jpg 2000w, https:\/\/usagers-transports.haut-allier.eu\/wp-content\/uploads\/2022\/05\/r-img_20220519_154356_220-300x169.jpg 300w, https:\/\/usagers-transports.haut-allier.eu\/wp-content\/uploads\/2022\/05\/r-img_20220519_154356_220-1024x576.jpg 1024w, https:\/\/usagers-transports.haut-allier.eu\/wp-content\/uploads\/2022\/05\/r-img_20220519_154356_220-768x432.jpg 768w, https:\/\/usagers-transports.haut-allier.eu\/wp-content\/uploads\/2022\/05\/r-img_20220519_154356_220-1536x864.jpg 1536w\" sizes=\"auto, (max-width: 2000px) 100vw, 2000px\" \/>\n\t\t\t\t<\/figure>\n\t\t\t<\/li>\n\t\t\t<li class=\"blocks-gallery-item\">\n\t\t\t\t<figure>\n\t\t\t\t\t\t\t\t\t\t\t<img loading=\"lazy\" decoding=\"async\" width=\"2000\" height=\"1142\" src=\"http:\/\/5.45.101.177\/haut-allier\/usagers-transportse\/wp-content\/uploads\/2022\/05\/r-img_20220519_163519_041.jpg\"\n\t\t\t\t\t\t alt=\"r-img_20220519_163519_041.jpg\"\n\t\t\t\t\t\t data-id=\"3829\"\n\t\t\t\t\t\t data-full-url=\"http:\/\/5.45.101.177\/haut-allier\/usagers-transportse\/wp-content\/uploads\/2022\/05\/r-img_20220519_163519_041.jpg\"\n\t\t\t\t\t\t data-link=\"http:\/\/5.45.101.177\/haut-allier\/usagers-transportse\/attachment-r-img_20220519_163519_041-jpg\/\"\n\t\t\t\t\t\t class=\"wp-image-3829\" srcset=\"https:\/\/usagers-transports.haut-allier.eu\/wp-content\/uploads\/2022\/05\/r-img_20220519_163519_041.jpg 2000w, https:\/\/usagers-transports.haut-allier.eu\/wp-content\/uploads\/2022\/05\/r-img_20220519_163519_041-300x171.jpg 300w, https:\/\/usagers-transports.haut-allier.eu\/wp-content\/uploads\/2022\/05\/r-img_20220519_163519_041-1024x585.jpg 1024w, https:\/\/usagers-transports.haut-allier.eu\/wp-content\/uploads\/2022\/05\/r-img_20220519_163519_041-768x439.jpg 768w, https:\/\/usagers-transports.haut-allier.eu\/wp-content\/uploads\/2022\/05\/r-img_20220519_163519_041-1536x877.jpg 1536w\" sizes=\"auto, (max-width: 2000px) 100vw, 2000px\" \/>\n\t\t\t\t<\/figure>\n\t\t\t<\/li>\n\t\t<\/ul>\n\t<\/figure>\n","protected":false},"excerpt":{"rendered":"<p>De la concertation avec les usagers du 19 mai men\u00e9e sous la direction de Cyril Philis, responsable de<\/p>\n","protected":false},"author":1,"featured_media":3783,"comment_status":"open","ping_status":"open","sticky":false,"template":"","format":"standard","meta":{"footnotes":""},"categories":[2],"tags":[],"class_list":["post-888","post","type-post","status-publish","format-standard","has-post-thumbnail","hentry","category-infos"],"_links":{"self":[{"href":"https:\/\/usagers-transports.haut-allier.eu\/index.php\/wp-json\/wp\/v2\/posts\/888","targetHints":{"allow":["GET"]}}],"collection":[{"href":"https:\/\/usagers-transports.haut-allier.eu\/index.php\/wp-json\/wp\/v2\/posts"}],"about":[{"href":"https:\/\/usagers-transports.haut-allier.eu\/index.php\/wp-json\/wp\/v2\/types\/post"}],"author":[{"embeddable":true,"href":"https:\/\/usagers-transports.haut-allier.eu\/index.php\/wp-json\/wp\/v2\/users\/1"}],"replies":[{"embeddable":true,"href":"https:\/\/usagers-transports.haut-allier.eu\/index.php\/wp-json\/wp\/v2\/comments?post=888"}],"version-history":[{"count":1,"href":"https:\/\/usagers-transports.haut-allier.eu\/index.php\/wp-json\/wp\/v2\/posts\/888\/revisions"}],"predecessor-version":[{"id":3830,"href":"https:\/\/usagers-transports.haut-allier.eu\/index.php\/wp-json\/wp\/v2\/posts\/888\/revisions\/3830"}],"wp:featuredmedia":[{"embeddable":true,"href":"https:\/\/usagers-transports.haut-allier.eu\/index.php\/wp-json\/wp\/v2\/media\/3783"}],"wp:attachment":[{"href":"https:\/\/usagers-transports.haut-allier.eu\/index.php\/wp-json\/wp\/v2\/media?parent=888"}],"wp:term":[{"taxonomy":"category","embeddable":true,"href":"https:\/\/usagers-transports.haut-allier.eu\/index.php\/wp-json\/wp\/v2\/categories?post=888"},{"taxonomy":"post_tag","embeddable":true,"href":"https:\/\/usagers-transports.haut-allier.eu\/index.php\/wp-json\/wp\/v2\/tags?post=888"}],"curies":[{"name":"wp","href":"https:\/\/api.w.org\/{rel}","templated":true}]}}