{"id":889,"date":"2022-05-21T12:10:48","date_gmt":"2022-05-21T10:10:48","guid":{"rendered":"http:\/\/5.45.101.177\/haut-allier\/usagers-transportse\/index.php\/2022\/05\/21\/pendant-ce-temps-en-allemagne889\/"},"modified":"2022-05-21T12:10:48","modified_gmt":"2022-05-21T10:10:48","slug":"pendant-ce-temps-en-allemagne889","status":"publish","type":"post","link":"https:\/\/usagers-transports.haut-allier.eu\/index.php\/2022\/05\/21\/pendant-ce-temps-en-allemagne889\/","title":{"rendered":"Pendant ce temps en Allemagne ticket mensuel \u00e0 9 euros pour tous les transports en commun"},"content":{"rendered":"<p>Alors que la France tra\u00eene des pieds pour investir dans la maintenance de son r\u00e9seau historique, presque derni\u00e8re en Europe au niveau du budget,<br \/>\n&nbsp;<br \/>\nAlors que tous les usagers r\u00e9clament de la simplification dans les tarifs des billets,<br \/>\n&nbsp;<br \/>\nAlors qu&rsquo;en France on tergiverse la plupart du temps dans des discussions sans fin au sein des collectivit\u00e9s pour essayer d&rsquo;unifier les tickets,<br \/>\n&nbsp;<br \/>\nAlors que le r\u00e9seau <a href=\"https:\/\/reseauentrain.com\/\"><em>#EnTrain<\/em><\/a> auquel nous collaborons demande que le r\u00f4le des autorit\u00e9s publiques se renforce et qu&rsquo;il soit cr\u00e9\u00e9 un organisme r\u00e9gulateur au niveau europ\u00e9en, en charge de la planification horaire et de la vente des billets afin de simplifier l&rsquo;obtention des titres des diff\u00e9rents op\u00e9rateurs ferroviaires existants ou \u00e0 venir,<br \/>\n&nbsp;<br \/>\nAlors que toutes les \u00e9tudes de mobilit\u00e9 plaident pour l&rsquo;instauration de billets uniques multimodaux pour les citoyens,<br \/>\n&nbsp;<br \/>\nAlors qu&rsquo;en France des voyageurs sont au quotidien verbalis\u00e9s par des contr\u00f4leurs z\u00e9l\u00e9s, parce que suite \u00e0 une suppression de train, ils sont en possession d&rsquo;un titre \u00ab\u00a0d&rsquo;une autre marque commerciale\u00a0\u00bb issue du m\u00eame groupe SNCF, exemple un titre TGV Ouigo \u00e0 la place d&rsquo;un titre TER,<br \/>\n&nbsp;<br \/>\nAlors que le nouveau gouvernement Macron ne pr\u00e9voit pas de Ministre charg\u00e9 des mobilit\u00e9s sans doute au vu de la magnifique efficience de l&rsquo;ancien tiktokeur Monsieur Djebarri,<br \/>\n&nbsp;<br \/>\n<strong>Et bien en Allemagne \u00e0 partir du 23 mai, le gouvernement fait le boulot et propose un billet pass mensuel unique pour tous les transports en commun d&rsquo;un montant de&#8230; 9 euros. Il permet d\u2019utiliser les transports urbains et les trains r\u00e9gionaux.<\/strong><br \/>\n&nbsp;<br \/>\n<img loading=\"lazy\" decoding=\"async\" class=\" aligncenter size-full wp-image-3832\" src=\"http:\/\/5.45.101.177\/haut-allier\/usagers-transportse\/wp-content\/uploads\/2022\/05\/firefox_screenshot_2022-05-21t10-06-17.640z.png\" alt=\"firefox_screenshot_2022-05-21t10-06-17.640z.png\" align=\"center\" width=\"261\" height=\"447\" srcset=\"https:\/\/usagers-transports.haut-allier.eu\/wp-content\/uploads\/2022\/05\/firefox_screenshot_2022-05-21t10-06-17.640z.png 261w, https:\/\/usagers-transports.haut-allier.eu\/wp-content\/uploads\/2022\/05\/firefox_screenshot_2022-05-21t10-06-17.640z-175x300.png 175w\" sizes=\"auto, (max-width: 261px) 100vw, 261px\" \/><br \/>\n&nbsp;<br \/>\nBravo \u00e0 nos voisins !<br \/>\n&nbsp;<br \/>\nL&rsquo;article du Monde \u00e0 lire et m\u00e9diter : <a href=\"https:\/\/www.lemonde.fr\/economie\/article\/2022\/05\/20\/l-allemagne-teste-le-ticket-mensuel-a-9-euros-pour-les-transports-en-commun_6127023_3234.html\"><em>L\u2019Allemagne teste le ticket mensuel \u00e0 9 euros pour les transports en commun.<\/em><\/a><br \/>\n&nbsp;<br \/>\nVoici le texte de l&rsquo;article au cas o\u00f9 il dispara\u00eetrait :<br \/>\n&nbsp;<\/p>\n<blockquote class=\"poesie\"><p>\nL\u2019Allemagne a adopt\u00e9 le \u00ab ticket \u00e0 9 euros \u00bb, vendredi 20 mai, apr\u00e8s des semaines de discussion houleuses. D\u00e8s lundi 23 mai, tous les voyageurs pourront emprunter les transports en commun \u2013 r\u00e9seaux urbains et trains r\u00e9gionaux \u2013 au prix unique de 9 euros par mois. La mesure est pr\u00e9vue pour trois mois.<\/p>\n<p>Exception notable au f\u00e9d\u00e9ralisme allemand, qui pr\u00e9voit que les L\u00e4nder soient seuls comp\u00e9tents en mati\u00e8re de transports publics : la mesure propos\u00e9e par l\u2019Etat f\u00e9d\u00e9ral s\u2019applique dans toutes les r\u00e9gions, au m\u00eame prix. Son co\u00fbt pour le contribuable est estim\u00e9 \u00e0 2,5 milliards d\u2019euros au minimum.<\/p>\n<p>L\u2019objectif affich\u00e9 est de convaincre les automobilistes de laisser leur voiture au garage, dans le contexte de la forte hausse des prix du p\u00e9trole. Surtout : depuis le d\u00e9clenchement de la guerre en Ukraine, Berlin redouble d\u2019efforts pour r\u00e9duire la d\u00e9pendance du pays au p\u00e9trole et au gaz russes. Le ministre de l\u2019\u00e9conomie \u00e9cologiste, Robert Habeck, charg\u00e9 du dossier, a multipli\u00e9 les appels \u00e0 la population pour r\u00e9duire la consommation d\u2019\u00e9nergie. Une accessibilit\u00e9 am\u00e9lior\u00e9e aux transports en commun doit y contribuer.<\/p>\n<p><strong>R\u00e9\u00e9quilibrage<\/strong><br \/>\nEn r\u00e9alit\u00e9, le projet est aussi un rectificatif de derni\u00e8re minute visant \u00e0 compenser une autre mesure, bien plus controvers\u00e9e : la remise accord\u00e9e aux automobilistes sur les prix des carburants \u00e0 la pompe. D\u00e9fendue par le parti lib\u00e9ral FDP, elle avait suscit\u00e9 la col\u00e8re du parti \u00e9cologiste, son alli\u00e9 avec les sociaux-d\u00e9mocrates dans la coalition au pouvoir, qui refusait de subventionner ainsi les \u00e9nergies fossiles. Le gouvernement s\u2019est entendu sur un r\u00e9\u00e9quilibrage : le ticket \u00e0 9 euros se veut \u00eatre aussi une aide cibl\u00e9e aux usagers de transports en commun face \u00e0 l\u2019inflation.<\/p>\n<p>Reste \u00e0 savoir quelle sera l\u2019incidence de la mesure sur le trafic routier. Plusieurs r\u00e9gions ont critiqu\u00e9 le projet, ces derni\u00e8res semaines, arguant que ce ticket cr\u00e9erait surtout des effets d\u2019aubaine pour les touristes et creuserait un trou dans les finances publiques, sans effet garanti sur le comportement des automobilistes. Sans parler des cons\u00e9quences redout\u00e9es sur l\u2019engorgement des transports publics, qui n\u2019ont pas augment\u00e9 leur capacit\u00e9. La Deutsche Bahn, compagnie publique qui g\u00e8re de nombreuses lignes urbaines et r\u00e9gionales, est d\u00e9j\u00e0 c\u00e9l\u00e8bre pour ses retards syst\u00e9matiques et ses pannes, en particulier pendant les mois d\u2019\u00e9t\u00e9, qui ont d\u00e9j\u00e0 tendance \u00e0 d\u00e9courager ceux qui choisissent le train.<\/p>\n<p>Une chose est s\u00fbre : le ticket \u00e0 9 euros a \u00e9t\u00e9 l\u2019une des mesures du gouvernement les plus discut\u00e9es ces derni\u00e8res semaines, au point de devenir embl\u00e9matique du d\u00e9bat sur les \u00e9conomies d\u2019\u00e9nergie. Preuve, s\u2019il en fallait, qu\u2019au pays de la grosse berline les mesures pour am\u00e9liorer les transports en commun ne manquent pas de soutien dans la population.\n<\/p><\/blockquote>\n","protected":false},"excerpt":{"rendered":"<p>Alors que la France tra\u00eene des pieds pour investir dans la maintenance de son r\u00e9seau historique, presque derni\u00e8re<\/p>\n","protected":false},"author":1,"featured_media":3831,"comment_status":"open","ping_status":"open","sticky":false,"template":"","format":"standard","meta":{"footnotes":""},"categories":[7],"tags":[],"class_list":["post-889","post","type-post","status-publish","format-standard","has-post-thumbnail","hentry","category-ailleurs"],"_links":{"self":[{"href":"https:\/\/usagers-transports.haut-allier.eu\/index.php\/wp-json\/wp\/v2\/posts\/889","targetHints":{"allow":["GET"]}}],"collection":[{"href":"https:\/\/usagers-transports.haut-allier.eu\/index.php\/wp-json\/wp\/v2\/posts"}],"about":[{"href":"https:\/\/usagers-transports.haut-allier.eu\/index.php\/wp-json\/wp\/v2\/types\/post"}],"author":[{"embeddable":true,"href":"https:\/\/usagers-transports.haut-allier.eu\/index.php\/wp-json\/wp\/v2\/users\/1"}],"replies":[{"embeddable":true,"href":"https:\/\/usagers-transports.haut-allier.eu\/index.php\/wp-json\/wp\/v2\/comments?post=889"}],"version-history":[{"count":0,"href":"https:\/\/usagers-transports.haut-allier.eu\/index.php\/wp-json\/wp\/v2\/posts\/889\/revisions"}],"wp:featuredmedia":[{"embeddable":true,"href":"https:\/\/usagers-transports.haut-allier.eu\/index.php\/wp-json\/wp\/v2\/media\/3831"}],"wp:attachment":[{"href":"https:\/\/usagers-transports.haut-allier.eu\/index.php\/wp-json\/wp\/v2\/media?parent=889"}],"wp:term":[{"taxonomy":"category","embeddable":true,"href":"https:\/\/usagers-transports.haut-allier.eu\/index.php\/wp-json\/wp\/v2\/categories?post=889"},{"taxonomy":"post_tag","embeddable":true,"href":"https:\/\/usagers-transports.haut-allier.eu\/index.php\/wp-json\/wp\/v2\/tags?post=889"}],"curies":[{"name":"wp","href":"https:\/\/api.w.org\/{rel}","templated":true}]}}