{"id":890,"date":"2022-05-27T16:16:54","date_gmt":"2022-05-27T14:16:54","guid":{"rendered":"http:\/\/5.45.101.177\/haut-allier\/usagers-transportse\/index.php\/2022\/05\/27\/legislatives-2022-le-collectif890\/"},"modified":"2022-05-27T16:16:54","modified_gmt":"2022-05-27T14:16:54","slug":"legislatives-2022-le-collectif890","status":"publish","type":"post","link":"https:\/\/usagers-transports.haut-allier.eu\/index.php\/2022\/05\/27\/legislatives-2022-le-collectif890\/","title":{"rendered":"L\u00e9gislatives 2022 : le collectif Nous Voyageurs ! Massif Central \u00e9crit aux candidats"},"content":{"rendered":"<p>Pour savoir ce qu&rsquo;ils comptent faire pour am\u00e9liorer le quotidien des habitants d&rsquo;Auvergne, des C\u00e9vennes, des Causses, du Cantal, en ce qui concerne leur mobilit\u00e9 ferroviaire, moins gourmande en CO2 et dont ils s&#8217;emparent lorsqu&rsquo;elle est d\u00e9cente, comme chacun le sait.<br \/>\n&nbsp;<br \/>\nLe <a href=\"https:\/\/massif-central.nous-voyageurs.eu\"><em>collectif qui regroupe plusieurs groupes de d\u00e9fense<\/em><\/a> des usagers du massif central a donc fait partir 85 lettres, \u00e0 chacun des candidats concern\u00e9s par le service ferroviaire et disposant d&rsquo;une bo\u00eete mail, que ce soit dans le Puy de D\u00f4me, le Cantal, la Haute-Loire, l&rsquo;Aveyron, la Loz\u00e8re, le Gard et l&rsquo;H\u00e9rault.<br \/>\n&nbsp;<br \/>\nVoici la lettre, nous vous tiendrons inform\u00e9s des r\u00e9ponses ici m\u00eame :<br \/>\n&nbsp;<br \/>\n<img loading=\"lazy\" decoding=\"async\" class=\" aligncenter size-full wp-image-3834\" src=\"http:\/\/5.45.101.177\/haut-allier\/usagers-transportse\/wp-content\/uploads\/2022\/05\/lettre-candidats-legislatives-2022-massif-central-27mai2022-v2-1.jpg\" alt=\"lettre-candidats-legislatives-2022-massif-central-27mai2022-v2-1.jpg\" align=\"center\" width=\"826\" height=\"1169\" srcset=\"https:\/\/usagers-transports.haut-allier.eu\/wp-content\/uploads\/2022\/05\/lettre-candidats-legislatives-2022-massif-central-27mai2022-v2-1.jpg 826w, https:\/\/usagers-transports.haut-allier.eu\/wp-content\/uploads\/2022\/05\/lettre-candidats-legislatives-2022-massif-central-27mai2022-v2-1-212x300.jpg 212w, https:\/\/usagers-transports.haut-allier.eu\/wp-content\/uploads\/2022\/05\/lettre-candidats-legislatives-2022-massif-central-27mai2022-v2-1-724x1024.jpg 724w, https:\/\/usagers-transports.haut-allier.eu\/wp-content\/uploads\/2022\/05\/lettre-candidats-legislatives-2022-massif-central-27mai2022-v2-1-768x1087.jpg 768w\" sizes=\"auto, (max-width: 826px) 100vw, 826px\" \/><br \/>\n&nbsp;<br \/>\n<img loading=\"lazy\" decoding=\"async\" class=\" aligncenter size-full wp-image-3835\" src=\"http:\/\/5.45.101.177\/haut-allier\/usagers-transportse\/wp-content\/uploads\/2022\/05\/lettre-candidats-legislatives-2022-massif-central-27mai2022-v2-2.jpg\" alt=\"lettre-candidats-legislatives-2022-massif-central-27mai2022-v2-2.jpg\" align=\"center\" width=\"826\" height=\"1169\" srcset=\"https:\/\/usagers-transports.haut-allier.eu\/wp-content\/uploads\/2022\/05\/lettre-candidats-legislatives-2022-massif-central-27mai2022-v2-2.jpg 826w, https:\/\/usagers-transports.haut-allier.eu\/wp-content\/uploads\/2022\/05\/lettre-candidats-legislatives-2022-massif-central-27mai2022-v2-2-212x300.jpg 212w, https:\/\/usagers-transports.haut-allier.eu\/wp-content\/uploads\/2022\/05\/lettre-candidats-legislatives-2022-massif-central-27mai2022-v2-2-724x1024.jpg 724w, https:\/\/usagers-transports.haut-allier.eu\/wp-content\/uploads\/2022\/05\/lettre-candidats-legislatives-2022-massif-central-27mai2022-v2-2-768x1087.jpg 768w\" sizes=\"auto, (max-width: 826px) 100vw, 826px\" \/><br \/>\n&nbsp;<\/p>\n<p>[(<br \/>\n<center><br \/>\n<strong>Les r\u00e9ponses des candidats seront publi\u00e9es le jeudi 9 juin.<\/strong><br \/>\n<\/center><br \/>\n)]<\/p>\n","protected":false},"excerpt":{"rendered":"<p>Pour savoir ce qu&rsquo;ils comptent faire pour am\u00e9liorer le quotidien des habitants d&rsquo;Auvergne, des C\u00e9vennes, des Causses, du<\/p>\n","protected":false},"author":1,"featured_media":3833,"comment_status":"open","ping_status":"open","sticky":false,"template":"","format":"standard","meta":{"footnotes":""},"categories":[2],"tags":[],"class_list":["post-890","post","type-post","status-publish","format-standard","has-post-thumbnail","hentry","category-infos"],"_links":{"self":[{"href":"https:\/\/usagers-transports.haut-allier.eu\/index.php\/wp-json\/wp\/v2\/posts\/890","targetHints":{"allow":["GET"]}}],"collection":[{"href":"https:\/\/usagers-transports.haut-allier.eu\/index.php\/wp-json\/wp\/v2\/posts"}],"about":[{"href":"https:\/\/usagers-transports.haut-allier.eu\/index.php\/wp-json\/wp\/v2\/types\/post"}],"author":[{"embeddable":true,"href":"https:\/\/usagers-transports.haut-allier.eu\/index.php\/wp-json\/wp\/v2\/users\/1"}],"replies":[{"embeddable":true,"href":"https:\/\/usagers-transports.haut-allier.eu\/index.php\/wp-json\/wp\/v2\/comments?post=890"}],"version-history":[{"count":0,"href":"https:\/\/usagers-transports.haut-allier.eu\/index.php\/wp-json\/wp\/v2\/posts\/890\/revisions"}],"wp:featuredmedia":[{"embeddable":true,"href":"https:\/\/usagers-transports.haut-allier.eu\/index.php\/wp-json\/wp\/v2\/media\/3833"}],"wp:attachment":[{"href":"https:\/\/usagers-transports.haut-allier.eu\/index.php\/wp-json\/wp\/v2\/media?parent=890"}],"wp:term":[{"taxonomy":"category","embeddable":true,"href":"https:\/\/usagers-transports.haut-allier.eu\/index.php\/wp-json\/wp\/v2\/categories?post=890"},{"taxonomy":"post_tag","embeddable":true,"href":"https:\/\/usagers-transports.haut-allier.eu\/index.php\/wp-json\/wp\/v2\/tags?post=890"}],"curies":[{"name":"wp","href":"https:\/\/api.w.org\/{rel}","templated":true}]}}