{"id":891,"date":"2022-05-31T17:24:37","date_gmt":"2022-05-31T15:24:37","guid":{"rendered":"http:\/\/5.45.101.177\/haut-allier\/usagers-transportse\/index.php\/2022\/05\/31\/trains-des-causses-et-de-l-aubrac891\/"},"modified":"2026-09-01T15:59:36","modified_gmt":"2026-09-01T13:59:36","slug":"trains-des-causses-et-de-l-aubrac891","status":"publish","type":"post","link":"https:\/\/usagers-transports.haut-allier.eu\/index.php\/2022\/05\/31\/trains-des-causses-et-de-l-aubrac891\/","title":{"rendered":"Trains des Causses et de l&rsquo;Aubrac : visite de quelques gares d\u00e9laiss\u00e9es en Aveyron et Loz\u00e8re"},"content":{"rendered":"Sans doute pour forcer sa fermeture, l&rsquo;Etat et la SNCF se sont d\u00e9sengag\u00e9s depuis des d\u00e9cennies de la ligne B\u00e9ziers &#8211; Neussargues et les sparadraps sur les voies ici et l\u00e0 ne cachent pas un \u00e9tat des infrastructures, notamment des gares, d\u00e9plorable. Un non accueil des usagers qui en dit long sur les objectifs des gouvernements successifs.\n&nbsp;\nT\u00e9moins ces quelques unes d&rsquo;Aveyron et de Loz\u00e8re, au milieu de la liaison, toutes ferm\u00e9es \u00e0 notre passage, un vendredi de mai 2022, jour de d\u00e9part en vacances.\n&nbsp;\nPortes closes \u00e0 la gare SNCF de S\u00e9v\u00e9rac d&rsquo;Aveyron (S\u00e9v\u00e9rac le Ch\u00e2teau) :\n&nbsp;\n<img loading=\"lazy\" decoding=\"async\" class=\" aligncenter size-full wp-image-3837\" src=\"http:\/\/5.45.101.177\/haut-allier\/usagers-transportse\/wp-content\/uploads\/2022\/05\/2000-gare-severac-img_20220522_110902_910.jpg\" alt=\"2000-gare-severac-img_20220522_110902_910.jpg\" align=\"center\" width=\"2000\" height=\"1125\" srcset=\"https:\/\/usagers-transports.haut-allier.eu\/wp-content\/uploads\/2022\/05\/2000-gare-severac-img_20220522_110902_910.jpg 2000w, https:\/\/usagers-transports.haut-allier.eu\/wp-content\/uploads\/2022\/05\/2000-gare-severac-img_20220522_110902_910-300x169.jpg 300w, https:\/\/usagers-transports.haut-allier.eu\/wp-content\/uploads\/2022\/05\/2000-gare-severac-img_20220522_110902_910-1024x576.jpg 1024w, https:\/\/usagers-transports.haut-allier.eu\/wp-content\/uploads\/2022\/05\/2000-gare-severac-img_20220522_110902_910-768x432.jpg 768w, https:\/\/usagers-transports.haut-allier.eu\/wp-content\/uploads\/2022\/05\/2000-gare-severac-img_20220522_110902_910-1536x864.jpg 1536w\" sizes=\"auto, (max-width: 2000px) 100vw, 2000px\" \/>\n<img loading=\"lazy\" decoding=\"async\" class=\" aligncenter size-full wp-image-3838\" src=\"http:\/\/5.45.101.177\/haut-allier\/usagers-transportse\/wp-content\/uploads\/2022\/05\/2000-gare-severac-img_20220522_110705_637.jpg\" alt=\"2000-gare-severac-img_20220522_110705_637.jpg\" align=\"center\" width=\"2000\" height=\"1125\" srcset=\"https:\/\/usagers-transports.haut-allier.eu\/wp-content\/uploads\/2022\/05\/2000-gare-severac-img_20220522_110705_637.jpg 2000w, https:\/\/usagers-transports.haut-allier.eu\/wp-content\/uploads\/2022\/05\/2000-gare-severac-img_20220522_110705_637-300x169.jpg 300w, https:\/\/usagers-transports.haut-allier.eu\/wp-content\/uploads\/2022\/05\/2000-gare-severac-img_20220522_110705_637-1024x576.jpg 1024w, https:\/\/usagers-transports.haut-allier.eu\/wp-content\/uploads\/2022\/05\/2000-gare-severac-img_20220522_110705_637-768x432.jpg 768w, https:\/\/usagers-transports.haut-allier.eu\/wp-content\/uploads\/2022\/05\/2000-gare-severac-img_20220522_110705_637-1536x864.jpg 1536w\" sizes=\"auto, (max-width: 2000px) 100vw, 2000px\" \/>\n<img loading=\"lazy\" decoding=\"async\" class=\" aligncenter size-full wp-image-3839\" src=\"http:\/\/5.45.101.177\/haut-allier\/usagers-transportse\/wp-content\/uploads\/2022\/05\/2000-gare-severac-img_20220522_110737_238.jpg\" alt=\"2000-gare-severac-img_20220522_110737_238.jpg\" align=\"center\" width=\"2000\" height=\"1125\" srcset=\"https:\/\/usagers-transports.haut-allier.eu\/wp-content\/uploads\/2022\/05\/2000-gare-severac-img_20220522_110737_238.jpg 2000w, https:\/\/usagers-transports.haut-allier.eu\/wp-content\/uploads\/2022\/05\/2000-gare-severac-img_20220522_110737_238-300x169.jpg 300w, https:\/\/usagers-transports.haut-allier.eu\/wp-content\/uploads\/2022\/05\/2000-gare-severac-img_20220522_110737_238-1024x576.jpg 1024w, https:\/\/usagers-transports.haut-allier.eu\/wp-content\/uploads\/2022\/05\/2000-gare-severac-img_20220522_110737_238-768x432.jpg 768w, https:\/\/usagers-transports.haut-allier.eu\/wp-content\/uploads\/2022\/05\/2000-gare-severac-img_20220522_110737_238-1536x864.jpg 1536w\" sizes=\"auto, (max-width: 2000px) 100vw, 2000px\" \/>\n&nbsp;\nFerm\u00e9e au Monastier, importante gare d&#8217;embranchement avec la barre du H Loz\u00e9rien en provenance de La Bastide :\n&nbsp;\n<img loading=\"lazy\" decoding=\"async\" class=\" aligncenter size-full wp-image-3840\" src=\"http:\/\/5.45.101.177\/haut-allier\/usagers-transportse\/wp-content\/uploads\/2022\/05\/2000-gare-lemonastier-img_20220522_101556_253.jpg\" alt=\"2000-gare-lemonastier-img_20220522_101556_253.jpg\" align=\"center\" width=\"2000\" height=\"1125\" srcset=\"https:\/\/usagers-transports.haut-allier.eu\/wp-content\/uploads\/2022\/05\/2000-gare-lemonastier-img_20220522_101556_253.jpg 2000w, https:\/\/usagers-transports.haut-allier.eu\/wp-content\/uploads\/2022\/05\/2000-gare-lemonastier-img_20220522_101556_253-300x169.jpg 300w, https:\/\/usagers-transports.haut-allier.eu\/wp-content\/uploads\/2022\/05\/2000-gare-lemonastier-img_20220522_101556_253-1024x576.jpg 1024w, https:\/\/usagers-transports.haut-allier.eu\/wp-content\/uploads\/2022\/05\/2000-gare-lemonastier-img_20220522_101556_253-768x432.jpg 768w, https:\/\/usagers-transports.haut-allier.eu\/wp-content\/uploads\/2022\/05\/2000-gare-lemonastier-img_20220522_101556_253-1536x864.jpg 1536w\" sizes=\"auto, (max-width: 2000px) 100vw, 2000px\" \/>\n<img loading=\"lazy\" decoding=\"async\" class=\" aligncenter size-full wp-image-3841\" src=\"http:\/\/5.45.101.177\/haut-allier\/usagers-transportse\/wp-content\/uploads\/2022\/05\/2000-gare-lemonastier-img_20220522_101627_196.jpg\" alt=\"2000-gare-lemonastier-img_20220522_101627_196.jpg\" align=\"center\" width=\"2000\" height=\"1125\" srcset=\"https:\/\/usagers-transports.haut-allier.eu\/wp-content\/uploads\/2022\/05\/2000-gare-lemonastier-img_20220522_101627_196.jpg 2000w, https:\/\/usagers-transports.haut-allier.eu\/wp-content\/uploads\/2022\/05\/2000-gare-lemonastier-img_20220522_101627_196-300x169.jpg 300w, https:\/\/usagers-transports.haut-allier.eu\/wp-content\/uploads\/2022\/05\/2000-gare-lemonastier-img_20220522_101627_196-1024x576.jpg 1024w, https:\/\/usagers-transports.haut-allier.eu\/wp-content\/uploads\/2022\/05\/2000-gare-lemonastier-img_20220522_101627_196-768x432.jpg 768w, https:\/\/usagers-transports.haut-allier.eu\/wp-content\/uploads\/2022\/05\/2000-gare-lemonastier-img_20220522_101627_196-1536x864.jpg 1536w\" sizes=\"auto, (max-width: 2000px) 100vw, 2000px\" \/>\nLe fameux rail champignon r\u00e9versible qui doit \u00eatre chang\u00e9 pour du rail standard :\n<img loading=\"lazy\" decoding=\"async\" class=\" aligncenter size-full wp-image-3842\" src=\"http:\/\/5.45.101.177\/haut-allier\/usagers-transportse\/wp-content\/uploads\/2022\/05\/2000-gare-lemonastier-img_20220522_101646_282.jpg\" alt=\"2000-gare-lemonastier-img_20220522_101646_282.jpg\" align=\"center\" width=\"2000\" height=\"1125\" srcset=\"https:\/\/usagers-transports.haut-allier.eu\/wp-content\/uploads\/2022\/05\/2000-gare-lemonastier-img_20220522_101646_282.jpg 2000w, https:\/\/usagers-transports.haut-allier.eu\/wp-content\/uploads\/2022\/05\/2000-gare-lemonastier-img_20220522_101646_282-300x169.jpg 300w, https:\/\/usagers-transports.haut-allier.eu\/wp-content\/uploads\/2022\/05\/2000-gare-lemonastier-img_20220522_101646_282-1024x576.jpg 1024w, https:\/\/usagers-transports.haut-allier.eu\/wp-content\/uploads\/2022\/05\/2000-gare-lemonastier-img_20220522_101646_282-768x432.jpg 768w, https:\/\/usagers-transports.haut-allier.eu\/wp-content\/uploads\/2022\/05\/2000-gare-lemonastier-img_20220522_101646_282-1536x864.jpg 1536w\" sizes=\"auto, (max-width: 2000px) 100vw, 2000px\" \/>\n<img loading=\"lazy\" decoding=\"async\" class=\" aligncenter size-full wp-image-3843\" src=\"http:\/\/5.45.101.177\/haut-allier\/usagers-transportse\/wp-content\/uploads\/2022\/05\/2000-gare-lemonastier-img_20220522_101705_840.jpg\" alt=\"2000-gare-lemonastier-img_20220522_101705_840.jpg\" align=\"center\" width=\"2000\" height=\"1125\" srcset=\"https:\/\/usagers-transports.haut-allier.eu\/wp-content\/uploads\/2022\/05\/2000-gare-lemonastier-img_20220522_101705_840.jpg 2000w, https:\/\/usagers-transports.haut-allier.eu\/wp-content\/uploads\/2022\/05\/2000-gare-lemonastier-img_20220522_101705_840-300x169.jpg 300w, https:\/\/usagers-transports.haut-allier.eu\/wp-content\/uploads\/2022\/05\/2000-gare-lemonastier-img_20220522_101705_840-1024x576.jpg 1024w, https:\/\/usagers-transports.haut-allier.eu\/wp-content\/uploads\/2022\/05\/2000-gare-lemonastier-img_20220522_101705_840-768x432.jpg 768w, https:\/\/usagers-transports.haut-allier.eu\/wp-content\/uploads\/2022\/05\/2000-gare-lemonastier-img_20220522_101705_840-1536x864.jpg 1536w\" sizes=\"auto, (max-width: 2000px) 100vw, 2000px\" \/>\n<img loading=\"lazy\" decoding=\"async\" class=\" aligncenter size-full wp-image-3844\" src=\"http:\/\/5.45.101.177\/haut-allier\/usagers-transportse\/wp-content\/uploads\/2022\/05\/2000-gare-lemonastier-img_20220522_101710_942.jpg\" alt=\"2000-gare-lemonastier-img_20220522_101710_942.jpg\" align=\"center\" width=\"2000\" height=\"1125\" srcset=\"https:\/\/usagers-transports.haut-allier.eu\/wp-content\/uploads\/2022\/05\/2000-gare-lemonastier-img_20220522_101710_942.jpg 2000w, https:\/\/usagers-transports.haut-allier.eu\/wp-content\/uploads\/2022\/05\/2000-gare-lemonastier-img_20220522_101710_942-300x169.jpg 300w, https:\/\/usagers-transports.haut-allier.eu\/wp-content\/uploads\/2022\/05\/2000-gare-lemonastier-img_20220522_101710_942-1024x576.jpg 1024w, https:\/\/usagers-transports.haut-allier.eu\/wp-content\/uploads\/2022\/05\/2000-gare-lemonastier-img_20220522_101710_942-768x432.jpg 768w, https:\/\/usagers-transports.haut-allier.eu\/wp-content\/uploads\/2022\/05\/2000-gare-lemonastier-img_20220522_101710_942-1536x864.jpg 1536w\" sizes=\"auto, (max-width: 2000px) 100vw, 2000px\" \/>\n&nbsp;\nFerm\u00e9e la gare SNCF de Banassac &#8211; La Canourgue, dont l&rsquo;acc\u00e8s par la route est tr\u00e8s mal indiqu\u00e9 :\n&nbsp;\n<img loading=\"lazy\" decoding=\"async\" class=\" aligncenter size-full wp-image-3845\" src=\"http:\/\/5.45.101.177\/haut-allier\/usagers-transportse\/wp-content\/uploads\/2022\/05\/2000-gare-banassac-img_20220522_104220_565.jpg\" alt=\"2000-gare-banassac-img_20220522_104220_565.jpg\" align=\"center\" width=\"2000\" height=\"1125\" srcset=\"https:\/\/usagers-transports.haut-allier.eu\/wp-content\/uploads\/2022\/05\/2000-gare-banassac-img_20220522_104220_565.jpg 2000w, https:\/\/usagers-transports.haut-allier.eu\/wp-content\/uploads\/2022\/05\/2000-gare-banassac-img_20220522_104220_565-300x169.jpg 300w, https:\/\/usagers-transports.haut-allier.eu\/wp-content\/uploads\/2022\/05\/2000-gare-banassac-img_20220522_104220_565-1024x576.jpg 1024w, https:\/\/usagers-transports.haut-allier.eu\/wp-content\/uploads\/2022\/05\/2000-gare-banassac-img_20220522_104220_565-768x432.jpg 768w, https:\/\/usagers-transports.haut-allier.eu\/wp-content\/uploads\/2022\/05\/2000-gare-banassac-img_20220522_104220_565-1536x864.jpg 1536w\" sizes=\"auto, (max-width: 2000px) 100vw, 2000px\" \/>\n<img loading=\"lazy\" decoding=\"async\" class=\" aligncenter size-full wp-image-3846\" src=\"http:\/\/5.45.101.177\/haut-allier\/usagers-transportse\/wp-content\/uploads\/2022\/05\/2000-gare-banassac-img_20220522_104251_097.jpg\" alt=\"2000-gare-banassac-img_20220522_104251_097.jpg\" align=\"center\" width=\"2000\" height=\"1125\" srcset=\"https:\/\/usagers-transports.haut-allier.eu\/wp-content\/uploads\/2022\/05\/2000-gare-banassac-img_20220522_104251_097.jpg 2000w, https:\/\/usagers-transports.haut-allier.eu\/wp-content\/uploads\/2022\/05\/2000-gare-banassac-img_20220522_104251_097-300x169.jpg 300w, https:\/\/usagers-transports.haut-allier.eu\/wp-content\/uploads\/2022\/05\/2000-gare-banassac-img_20220522_104251_097-1024x576.jpg 1024w, https:\/\/usagers-transports.haut-allier.eu\/wp-content\/uploads\/2022\/05\/2000-gare-banassac-img_20220522_104251_097-768x432.jpg 768w, https:\/\/usagers-transports.haut-allier.eu\/wp-content\/uploads\/2022\/05\/2000-gare-banassac-img_20220522_104251_097-1536x864.jpg 1536w\" sizes=\"auto, (max-width: 2000px) 100vw, 2000px\" \/>\n<img loading=\"lazy\" decoding=\"async\" class=\" aligncenter size-full wp-image-3847\" src=\"http:\/\/5.45.101.177\/haut-allier\/usagers-transportse\/wp-content\/uploads\/2022\/05\/2000-gare-banassac-img_20220522_104335_157.jpg\" alt=\"2000-gare-banassac-img_20220522_104335_157.jpg\" align=\"center\" width=\"2000\" height=\"1125\" srcset=\"https:\/\/usagers-transports.haut-allier.eu\/wp-content\/uploads\/2022\/05\/2000-gare-banassac-img_20220522_104335_157.jpg 2000w, https:\/\/usagers-transports.haut-allier.eu\/wp-content\/uploads\/2022\/05\/2000-gare-banassac-img_20220522_104335_157-300x169.jpg 300w, https:\/\/usagers-transports.haut-allier.eu\/wp-content\/uploads\/2022\/05\/2000-gare-banassac-img_20220522_104335_157-1024x576.jpg 1024w, https:\/\/usagers-transports.haut-allier.eu\/wp-content\/uploads\/2022\/05\/2000-gare-banassac-img_20220522_104335_157-768x432.jpg 768w, https:\/\/usagers-transports.haut-allier.eu\/wp-content\/uploads\/2022\/05\/2000-gare-banassac-img_20220522_104335_157-1536x864.jpg 1536w\" sizes=\"auto, (max-width: 2000px) 100vw, 2000px\" \/>\n<img loading=\"lazy\" decoding=\"async\" class=\" aligncenter size-full wp-image-3848\" src=\"http:\/\/5.45.101.177\/haut-allier\/usagers-transportse\/wp-content\/uploads\/2022\/05\/2000-gare-banassac-img_20220522_104341_562.jpg\" alt=\"2000-gare-banassac-img_20220522_104341_562.jpg\" align=\"center\" width=\"2000\" height=\"1125\" srcset=\"https:\/\/usagers-transports.haut-allier.eu\/wp-content\/uploads\/2022\/05\/2000-gare-banassac-img_20220522_104341_562.jpg 2000w, https:\/\/usagers-transports.haut-allier.eu\/wp-content\/uploads\/2022\/05\/2000-gare-banassac-img_20220522_104341_562-300x169.jpg 300w, https:\/\/usagers-transports.haut-allier.eu\/wp-content\/uploads\/2022\/05\/2000-gare-banassac-img_20220522_104341_562-1024x576.jpg 1024w, https:\/\/usagers-transports.haut-allier.eu\/wp-content\/uploads\/2022\/05\/2000-gare-banassac-img_20220522_104341_562-768x432.jpg 768w, https:\/\/usagers-transports.haut-allier.eu\/wp-content\/uploads\/2022\/05\/2000-gare-banassac-img_20220522_104341_562-1536x864.jpg 1536w\" sizes=\"auto, (max-width: 2000px) 100vw, 2000px\" \/>\n&nbsp;\nJuste \u00e0 c\u00f4t\u00e9 l&rsquo;h\u00f4tel des voyageurs, enfoui dans la v\u00e9g\u00e9tation, toutes portes ouvertes, \u00e0 l&rsquo;abandon lui aussi.\n&nbsp;\n<img loading=\"lazy\" decoding=\"async\" class=\" aligncenter size-full wp-image-3849\" src=\"http:\/\/5.45.101.177\/haut-allier\/usagers-transportse\/wp-content\/uploads\/2022\/05\/2000-gare-banassac-img_20220522_104534_558.jpg\" alt=\"2000-gare-banassac-img_20220522_104534_558.jpg\" align=\"center\" width=\"2000\" height=\"1125\" srcset=\"https:\/\/usagers-transports.haut-allier.eu\/wp-content\/uploads\/2022\/05\/2000-gare-banassac-img_20220522_104534_558.jpg 2000w, https:\/\/usagers-transports.haut-allier.eu\/wp-content\/uploads\/2022\/05\/2000-gare-banassac-img_20220522_104534_558-300x169.jpg 300w, https:\/\/usagers-transports.haut-allier.eu\/wp-content\/uploads\/2022\/05\/2000-gare-banassac-img_20220522_104534_558-1024x576.jpg 1024w, https:\/\/usagers-transports.haut-allier.eu\/wp-content\/uploads\/2022\/05\/2000-gare-banassac-img_20220522_104534_558-768x432.jpg 768w, https:\/\/usagers-transports.haut-allier.eu\/wp-content\/uploads\/2022\/05\/2000-gare-banassac-img_20220522_104534_558-1536x864.jpg 1536w\" sizes=\"auto, (max-width: 2000px) 100vw, 2000px\" \/>\n&nbsp;\nA Marvejols, la gare est l\u00e0 aussi close et impossible d&rsquo;aller sur les quais&#8230;\n&nbsp;\n<img loading=\"lazy\" decoding=\"async\" class=\" aligncenter size-full wp-image-3850\" src=\"http:\/\/5.45.101.177\/haut-allier\/usagers-transportse\/wp-content\/uploads\/2022\/05\/2000-gare-marvejols-img_20220522_100404_232.jpg\" alt=\"2000-gare-marvejols-img_20220522_100404_232.jpg\" align=\"center\" width=\"2000\" height=\"1125\" srcset=\"https:\/\/usagers-transports.haut-allier.eu\/wp-content\/uploads\/2022\/05\/2000-gare-marvejols-img_20220522_100404_232.jpg 2000w, https:\/\/usagers-transports.haut-allier.eu\/wp-content\/uploads\/2022\/05\/2000-gare-marvejols-img_20220522_100404_232-300x169.jpg 300w, https:\/\/usagers-transports.haut-allier.eu\/wp-content\/uploads\/2022\/05\/2000-gare-marvejols-img_20220522_100404_232-1024x576.jpg 1024w, https:\/\/usagers-transports.haut-allier.eu\/wp-content\/uploads\/2022\/05\/2000-gare-marvejols-img_20220522_100404_232-768x432.jpg 768w, https:\/\/usagers-transports.haut-allier.eu\/wp-content\/uploads\/2022\/05\/2000-gare-marvejols-img_20220522_100404_232-1536x864.jpg 1536w\" sizes=\"auto, (max-width: 2000px) 100vw, 2000px\" \/>\n&nbsp;\nA Aumont Aubrac n&rsquo;en parlons pas&#8230;\n&nbsp;\n<img loading=\"lazy\" decoding=\"async\" class=\" aligncenter size-full wp-image-3851\" src=\"http:\/\/5.45.101.177\/haut-allier\/usagers-transportse\/wp-content\/uploads\/2022\/05\/2000-gare-aumont-img_20220522_092328_518.jpg\" alt=\"2000-gare-aumont-img_20220522_092328_518.jpg\" align=\"center\" width=\"2000\" height=\"1125\" srcset=\"https:\/\/usagers-transports.haut-allier.eu\/wp-content\/uploads\/2022\/05\/2000-gare-aumont-img_20220522_092328_518.jpg 2000w, https:\/\/usagers-transports.haut-allier.eu\/wp-content\/uploads\/2022\/05\/2000-gare-aumont-img_20220522_092328_518-300x169.jpg 300w, https:\/\/usagers-transports.haut-allier.eu\/wp-content\/uploads\/2022\/05\/2000-gare-aumont-img_20220522_092328_518-1024x576.jpg 1024w, https:\/\/usagers-transports.haut-allier.eu\/wp-content\/uploads\/2022\/05\/2000-gare-aumont-img_20220522_092328_518-768x432.jpg 768w, https:\/\/usagers-transports.haut-allier.eu\/wp-content\/uploads\/2022\/05\/2000-gare-aumont-img_20220522_092328_518-1536x864.jpg 1536w\" sizes=\"auto, (max-width: 2000px) 100vw, 2000px\" \/>\n<img loading=\"lazy\" decoding=\"async\" class=\" aligncenter size-full wp-image-3852\" src=\"http:\/\/5.45.101.177\/haut-allier\/usagers-transportse\/wp-content\/uploads\/2022\/05\/2000-gare-aumont-img_20220522_092502_981.jpg\" alt=\"2000-gare-aumont-img_20220522_092502_981.jpg\" align=\"center\" width=\"2000\" height=\"1125\" srcset=\"https:\/\/usagers-transports.haut-allier.eu\/wp-content\/uploads\/2022\/05\/2000-gare-aumont-img_20220522_092502_981.jpg 2000w, https:\/\/usagers-transports.haut-allier.eu\/wp-content\/uploads\/2022\/05\/2000-gare-aumont-img_20220522_092502_981-300x169.jpg 300w, https:\/\/usagers-transports.haut-allier.eu\/wp-content\/uploads\/2022\/05\/2000-gare-aumont-img_20220522_092502_981-1024x576.jpg 1024w, https:\/\/usagers-transports.haut-allier.eu\/wp-content\/uploads\/2022\/05\/2000-gare-aumont-img_20220522_092502_981-768x432.jpg 768w, https:\/\/usagers-transports.haut-allier.eu\/wp-content\/uploads\/2022\/05\/2000-gare-aumont-img_20220522_092502_981-1536x864.jpg 1536w\" sizes=\"auto, (max-width: 2000px) 100vw, 2000px\" \/>\n&nbsp;\nA Saint-Ch\u00e9ly, une des gares les mieux entretenues, merci \u00e0 la r\u00e9gion Occitanie, mais dont les horaires d&rsquo;ouverture des guichets ne correspondent pas avec les passages du seul Intercit\u00e9s quotidien :\n&nbsp;\n<img loading=\"lazy\" decoding=\"async\" class=\" aligncenter size-full wp-image-3853\" src=\"http:\/\/5.45.101.177\/haut-allier\/usagers-transportse\/wp-content\/uploads\/2022\/05\/2000-img_20220525_143332_062.jpg\" alt=\"2000-img_20220525_143332_062.jpg\" align=\"center\" width=\"2000\" height=\"1125\" srcset=\"https:\/\/usagers-transports.haut-allier.eu\/wp-content\/uploads\/2022\/05\/2000-img_20220525_143332_062.jpg 2000w, https:\/\/usagers-transports.haut-allier.eu\/wp-content\/uploads\/2022\/05\/2000-img_20220525_143332_062-300x169.jpg 300w, https:\/\/usagers-transports.haut-allier.eu\/wp-content\/uploads\/2022\/05\/2000-img_20220525_143332_062-1024x576.jpg 1024w, https:\/\/usagers-transports.haut-allier.eu\/wp-content\/uploads\/2022\/05\/2000-img_20220525_143332_062-768x432.jpg 768w, https:\/\/usagers-transports.haut-allier.eu\/wp-content\/uploads\/2022\/05\/2000-img_20220525_143332_062-1536x864.jpg 1536w\" sizes=\"auto, (max-width: 2000px) 100vw, 2000px\" \/>\n&nbsp;\nLes \u00ab\u00a0coils\u00a0\u00bb, les rouleaux d&rsquo;acier, de l&rsquo;usine d&rsquo;Arcelor Mital toute proche stock\u00e9s en gare \n&nbsp;\n<img loading=\"lazy\" decoding=\"async\" class=\" aligncenter size-full wp-image-3854\" src=\"http:\/\/5.45.101.177\/haut-allier\/usagers-transportse\/wp-content\/uploads\/2022\/05\/2000-img_20220525_143849_788.jpg\" alt=\"2000-img_20220525_143849_788.jpg\" align=\"center\" width=\"2000\" height=\"1125\" srcset=\"https:\/\/usagers-transports.haut-allier.eu\/wp-content\/uploads\/2022\/05\/2000-img_20220525_143849_788.jpg 2000w, https:\/\/usagers-transports.haut-allier.eu\/wp-content\/uploads\/2022\/05\/2000-img_20220525_143849_788-300x169.jpg 300w, https:\/\/usagers-transports.haut-allier.eu\/wp-content\/uploads\/2022\/05\/2000-img_20220525_143849_788-1024x576.jpg 1024w, https:\/\/usagers-transports.haut-allier.eu\/wp-content\/uploads\/2022\/05\/2000-img_20220525_143849_788-768x432.jpg 768w, https:\/\/usagers-transports.haut-allier.eu\/wp-content\/uploads\/2022\/05\/2000-img_20220525_143849_788-1536x864.jpg 1536w\" sizes=\"auto, (max-width: 2000px) 100vw, 2000px\" \/>\n&nbsp;\nC&rsquo;est ballot, l\u00e0 aussi c&rsquo;est ferm\u00e9. Un jour de grand d\u00e9part en vacances avec une trentaine de voyageurs sur le quai.\n&nbsp;\n<img loading=\"lazy\" decoding=\"async\" class=\" aligncenter size-full wp-image-3855\" src=\"http:\/\/5.45.101.177\/haut-allier\/usagers-transportse\/wp-content\/uploads\/2022\/05\/2000-img_20220525_143631_518.jpg\" alt=\"2000-img_20220525_143631_518.jpg\" align=\"center\" width=\"2000\" height=\"1125\" srcset=\"https:\/\/usagers-transports.haut-allier.eu\/wp-content\/uploads\/2022\/05\/2000-img_20220525_143631_518.jpg 2000w, https:\/\/usagers-transports.haut-allier.eu\/wp-content\/uploads\/2022\/05\/2000-img_20220525_143631_518-300x169.jpg 300w, https:\/\/usagers-transports.haut-allier.eu\/wp-content\/uploads\/2022\/05\/2000-img_20220525_143631_518-1024x576.jpg 1024w, https:\/\/usagers-transports.haut-allier.eu\/wp-content\/uploads\/2022\/05\/2000-img_20220525_143631_518-768x432.jpg 768w, https:\/\/usagers-transports.haut-allier.eu\/wp-content\/uploads\/2022\/05\/2000-img_20220525_143631_518-1536x864.jpg 1536w\" sizes=\"auto, (max-width: 2000px) 100vw, 2000px\" \/>\n&nbsp;\nPour vous le croisement de l&rsquo;Intercit\u00e9s Clermont-Ferrand B\u00e9ziers avec le train TER Occitanie arrivant du sud, le m\u00eame jour, \n&nbsp;\n<center>\n<iframe loading=\"lazy\" width=\"560\" height=\"315\" src=\"https:\/\/www.youtube.com\/embed\/lHQS9llmaKI\" title=\"YouTube video player\" frameborder=\"0\" allow=\"accelerometer; autoplay; clipboard-write; encrypted-media; gyroscope; picture-in-picture\" allowfullscreen><\/iframe> \n<\/center>\n&nbsp;\n<strong>Si l&rsquo;Etat vient de promettre de s&rsquo;engager \u00e0 r\u00e9g\u00e9n\u00e9rer la ligne et \u00e0 assurer le statut de train d&rsquo;\u00e9quilibre du territoire pour l&rsquo;Intercit\u00e9s jusqu&rsquo;en 2031, quid de la r\u00e9fection et de l&rsquo;am\u00e9nagement des gares ? Quid des services aux usagers ?<\/strong>\n&nbsp;\nLe reportage tr\u00e8s r\u00e9cent de France 2 :\n&nbsp;\n<center>\n<iframe loading=\"lazy\" width=\"560\" height=\"315\" src=\"\/\/embedftv-a.akamaihd.net\/17c05c11eec92adcba502138f9d20ea4\" frameborder=\"0\" scrolling=\"no\" allowfullscreen><\/iframe>\n<\/center>\n&nbsp;\nEn esp\u00e9rant que la ligne des Causses puisse retrouver toute sa superbe, et que le service aux voyageurs soit r\u00e9el dans les ann\u00e9es qui viennent.\n&nbsp;\n<p>&nbsp;<\/p>\n\n\t<figure class=\"wp-block-gallery columns-1 is-cropped wp-block-gallery-1 is-layout-flex wp-block-gallery-is-layout-flex\">\n\t\t<ul class=\"blocks-gallery-grid\">\n\t\t\t<li class=\"blocks-gallery-item\">\n\t\t\t\t<figure>\n\t\t\t\t\t\t\t\t\t\t\t<img loading=\"lazy\" decoding=\"async\" width=\"2000\" height=\"1125\" src=\"http:\/\/5.45.101.177\/haut-allier\/usagers-transportse\/wp-content\/uploads\/2022\/05\/2000-gare-banassac-img_20220522_104534_558-2.jpg\"\n\t\t\t\t\t\t alt=\"2000-gare-banassac-img_20220522_104534_558-2.jpg\"\n\t\t\t\t\t\t data-id=\"3856\"\n\t\t\t\t\t\t data-full-url=\"http:\/\/5.45.101.177\/haut-allier\/usagers-transportse\/wp-content\/uploads\/2022\/05\/2000-gare-banassac-img_20220522_104534_558-2.jpg\"\n\t\t\t\t\t\t data-link=\"http:\/\/5.45.101.177\/haut-allier\/usagers-transportse\/attachment-2000-gare-banassac-img_20220522_104534_558-2-jpg\/\"\n\t\t\t\t\t\t class=\"wp-image-3856\" srcset=\"https:\/\/usagers-transports.haut-allier.eu\/wp-content\/uploads\/2022\/05\/2000-gare-banassac-img_20220522_104534_558-2.jpg 2000w, https:\/\/usagers-transports.haut-allier.eu\/wp-content\/uploads\/2022\/05\/2000-gare-banassac-img_20220522_104534_558-2-300x169.jpg 300w, https:\/\/usagers-transports.haut-allier.eu\/wp-content\/uploads\/2022\/05\/2000-gare-banassac-img_20220522_104534_558-2-1024x576.jpg 1024w, https:\/\/usagers-transports.haut-allier.eu\/wp-content\/uploads\/2022\/05\/2000-gare-banassac-img_20220522_104534_558-2-768x432.jpg 768w, https:\/\/usagers-transports.haut-allier.eu\/wp-content\/uploads\/2022\/05\/2000-gare-banassac-img_20220522_104534_558-2-1536x864.jpg 1536w\" sizes=\"auto, (max-width: 2000px) 100vw, 2000px\" \/>\n\t\t\t\t<\/figure>\n\t\t\t<\/li>\n\t\t<\/ul>\n\t<\/figure>\n","protected":false},"excerpt":{"rendered":"<p>Sans doute pour forcer sa fermeture, l&rsquo;Etat et la SNCF se sont d\u00e9sengag\u00e9s depuis des d\u00e9cennies de la<\/p>\n","protected":false},"author":1,"featured_media":3836,"comment_status":"open","ping_status":"open","sticky":false,"template":"","format":"standard","meta":{"footnotes":""},"categories":[3],"tags":[],"class_list":["post-891","post","type-post","status-publish","format-standard","has-post-thumbnail","hentry","category-en-train"],"_links":{"self":[{"href":"https:\/\/usagers-transports.haut-allier.eu\/index.php\/wp-json\/wp\/v2\/posts\/891","targetHints":{"allow":["GET"]}}],"collection":[{"href":"https:\/\/usagers-transports.haut-allier.eu\/index.php\/wp-json\/wp\/v2\/posts"}],"about":[{"href":"https:\/\/usagers-transports.haut-allier.eu\/index.php\/wp-json\/wp\/v2\/types\/post"}],"author":[{"embeddable":true,"href":"https:\/\/usagers-transports.haut-allier.eu\/index.php\/wp-json\/wp\/v2\/users\/1"}],"replies":[{"embeddable":true,"href":"https:\/\/usagers-transports.haut-allier.eu\/index.php\/wp-json\/wp\/v2\/comments?post=891"}],"version-history":[{"count":1,"href":"https:\/\/usagers-transports.haut-allier.eu\/index.php\/wp-json\/wp\/v2\/posts\/891\/revisions"}],"predecessor-version":[{"id":3857,"href":"https:\/\/usagers-transports.haut-allier.eu\/index.php\/wp-json\/wp\/v2\/posts\/891\/revisions\/3857"}],"wp:featuredmedia":[{"embeddable":true,"href":"https:\/\/usagers-transports.haut-allier.eu\/index.php\/wp-json\/wp\/v2\/media\/3836"}],"wp:attachment":[{"href":"https:\/\/usagers-transports.haut-allier.eu\/index.php\/wp-json\/wp\/v2\/media?parent=891"}],"wp:term":[{"taxonomy":"category","embeddable":true,"href":"https:\/\/usagers-transports.haut-allier.eu\/index.php\/wp-json\/wp\/v2\/categories?post=891"},{"taxonomy":"post_tag","embeddable":true,"href":"https:\/\/usagers-transports.haut-allier.eu\/index.php\/wp-json\/wp\/v2\/tags?post=891"}],"curies":[{"name":"wp","href":"https:\/\/api.w.org\/{rel}","templated":true}]}}