{"id":893,"date":"2022-06-06T08:00:15","date_gmt":"2022-06-06T06:00:15","guid":{"rendered":"http:\/\/5.45.101.177\/haut-allier\/usagers-transportse\/index.php\/2022\/06\/06\/etoile-ferroviaire-de-clermont893\/"},"modified":"2022-06-06T08:00:15","modified_gmt":"2022-06-06T06:00:15","slug":"etoile-ferroviaire-de-clermont893","status":"publish","type":"post","link":"https:\/\/usagers-transports.haut-allier.eu\/index.php\/2022\/06\/06\/etoile-ferroviaire-de-clermont893\/","title":{"rendered":"Etoile ferroviaire de Clermont-Ferrand : une \u00e9tude sur les r\u00e9ouvertures de lignes \u00e0 l&rsquo;ouest [MAJ]"},"content":{"rendered":"<p>Les cabinets d&rsquo;expertise PROGEXA, plut\u00f4t orient\u00e9 budg\u00e9tisation, au service exclusif des salari\u00e9s et des \u00e9lus, donc jamais mandat\u00e9 par les directions, qui a fait ses preuves sur des gros dossiers en aidant par exemple les salari\u00e9s et \u00e9lus \u00e0 contrer les d\u00e9mant\u00e8lement et fermeture de leur entreprise et \u00e0 red\u00e9marrer parfois en SCOP, ainsi que BERIM, soci\u00e9t\u00e9 cr\u00e9\u00e9e en 1956, sp\u00e9cialis\u00e9e dans les domaines du b\u00e2timent, des techniques urbaines et de l&rsquo;environnement, l&rsquo;ing\u00e9nierie et le conseil en construction, l&rsquo;am\u00e9nagement et la r\u00e9habilitation, ont \u00e9t\u00e9 mandat\u00e9s par le CSE (comit\u00e9 social et \u00e9conomique, l&rsquo;instance de repr\u00e9sentation du personnel) de la SNCF pour chiffrer et entrevoir les possibilit\u00e9s de r\u00e9ouverture des lignes ferm\u00e9es depuis plusieurs ann\u00e9es telles que :<br \/>\n&nbsp;<br \/>\n&#8211; Clermont-Ferrand Limoges<br \/>\n&#8211; Clermont-Ferrand Ussel Brive<br \/>\n&#8211; Clermont-Ferrand Le Mont-Dore<br \/>\n&nbsp;<br \/>\nLa restitution de ce travail sera faite lors d&rsquo;une r\u00e9union organis\u00e9e <strong>au Mont-Dore ce mardi 7 juin \u00e0 18 heures \u00e0 l&rsquo;Office de tourisme<\/strong> de la ville. Le <a href=\"https:\/\/massif-central.nous-voyageurs.eu\"><em>Collectif Nous Voyageurs ! Massif central<\/em><\/a> sera pr\u00e9sent.<br \/>\n&nbsp;<br \/>\nSans augurer des r\u00e9sultats, il va de soi que les conclusions d&rsquo;un tel travail sont int\u00e9ressantes non seulement pour ces lignes de l&rsquo;ouest de l&rsquo;\u00e9toile ferroviaire de Clermont, qui fait aussi l&rsquo;objet d&rsquo;une autre \u00e9tude actuellement de la part du CEREMA command\u00e9e par l&rsquo;Etat et la r\u00e9gion Auvergne Rh\u00f4ne Alpes, mais pour l&rsquo;ensemble des lignes ferm\u00e9es ces derni\u00e8res d\u00e9cennies dans le massif central, des lignes non encore d\u00e9class\u00e9es, comme le tron\u00e7on Thiers Bo\u00ebn, la ligne  St-Germain-des-Foss\u00e9s Gannat, la ligne Vichy Puy-Guillaume, la ligne Neussargues Bort-les-Orgues, la ligne Firminy Duni\u00e8res, et aussi Vichy Pont-de-Dore La Chaise-Dieu, Sembadel Darsac&#8230;<br \/>\n&nbsp;<br \/>\nIl y a donc du boulot si l&rsquo;Etat et les r\u00e9gions veulent redonner la mobilit\u00e9 vol\u00e9e aux habitants de ces territoires. Ils en ont beaucoup souffert, \u00e9conomiquement et d\u00e9mographiquement.<br \/>\n&nbsp;<br \/>\n<img loading=\"lazy\" decoding=\"async\" class=\" aligncenter size-full wp-image-3863\" src=\"http:\/\/5.45.101.177\/haut-allier\/usagers-transportse\/wp-content\/uploads\/2022\/06\/aura_lignes_non_declassees_2021_v7-1024x757.jpg\" alt=\"aura_lignes_non_declassees_2021_v7-1024x757.jpg\" align=\"center\" width=\"1024\" height=\"757\" srcset=\"https:\/\/usagers-transports.haut-allier.eu\/wp-content\/uploads\/2022\/06\/aura_lignes_non_declassees_2021_v7-1024x757.jpg 1024w, https:\/\/usagers-transports.haut-allier.eu\/wp-content\/uploads\/2022\/06\/aura_lignes_non_declassees_2021_v7-1024x757-300x222.jpg 300w, https:\/\/usagers-transports.haut-allier.eu\/wp-content\/uploads\/2022\/06\/aura_lignes_non_declassees_2021_v7-1024x757-768x568.jpg 768w\" sizes=\"auto, (max-width: 1024px) 100vw, 1024px\" \/><br \/>\n&nbsp;<br \/>\nCi dessus la carte des lignes non d\u00e9class\u00e9es de la r\u00e9gion Auvergne Rh\u00f4ne Alpes fournie par le site <a href=\"https:\/\/trains-directs.fr\/auvergne-rhone-alpes-lignes-non-declassees\/\"><em>Trains directs<\/em><\/a><br \/>\n&nbsp;<br \/>\nVoici la vid\u00e9o de cette pr\u00e9sentation. La qualit\u00e9 des images n&rsquo;est pas bonne, l&rsquo;audio oui.<br \/>\n&nbsp;<br \/>\n<center><br \/>\n<iframe loading=\"lazy\" width=\"560\" height=\"315\" src=\"https:\/\/www.youtube.com\/embed\/P6UTyb8y1w4\" title=\"YouTube video player\" frameborder=\"0\" allow=\"accelerometer; autoplay; clipboard-write; encrypted-media; gyroscope; picture-in-picture\" allowfullscreen><\/iframe><br \/>\n<\/center><\/p>\n","protected":false},"excerpt":{"rendered":"<p>Les cabinets d&rsquo;expertise PROGEXA, plut\u00f4t orient\u00e9 budg\u00e9tisation, au service exclusif des salari\u00e9s et des \u00e9lus, donc jamais mandat\u00e9<\/p>\n","protected":false},"author":1,"featured_media":3862,"comment_status":"open","ping_status":"open","sticky":false,"template":"","format":"standard","meta":{"footnotes":""},"categories":[5],"tags":[],"class_list":["post-893","post","type-post","status-publish","format-standard","has-post-thumbnail","hentry","category-ensemble"],"_links":{"self":[{"href":"https:\/\/usagers-transports.haut-allier.eu\/index.php\/wp-json\/wp\/v2\/posts\/893","targetHints":{"allow":["GET"]}}],"collection":[{"href":"https:\/\/usagers-transports.haut-allier.eu\/index.php\/wp-json\/wp\/v2\/posts"}],"about":[{"href":"https:\/\/usagers-transports.haut-allier.eu\/index.php\/wp-json\/wp\/v2\/types\/post"}],"author":[{"embeddable":true,"href":"https:\/\/usagers-transports.haut-allier.eu\/index.php\/wp-json\/wp\/v2\/users\/1"}],"replies":[{"embeddable":true,"href":"https:\/\/usagers-transports.haut-allier.eu\/index.php\/wp-json\/wp\/v2\/comments?post=893"}],"version-history":[{"count":0,"href":"https:\/\/usagers-transports.haut-allier.eu\/index.php\/wp-json\/wp\/v2\/posts\/893\/revisions"}],"wp:featuredmedia":[{"embeddable":true,"href":"https:\/\/usagers-transports.haut-allier.eu\/index.php\/wp-json\/wp\/v2\/media\/3862"}],"wp:attachment":[{"href":"https:\/\/usagers-transports.haut-allier.eu\/index.php\/wp-json\/wp\/v2\/media?parent=893"}],"wp:term":[{"taxonomy":"category","embeddable":true,"href":"https:\/\/usagers-transports.haut-allier.eu\/index.php\/wp-json\/wp\/v2\/categories?post=893"},{"taxonomy":"post_tag","embeddable":true,"href":"https:\/\/usagers-transports.haut-allier.eu\/index.php\/wp-json\/wp\/v2\/tags?post=893"}],"curies":[{"name":"wp","href":"https:\/\/api.w.org\/{rel}","templated":true}]}}