{"id":894,"date":"2022-06-07T09:21:46","date_gmt":"2022-06-07T07:21:46","guid":{"rendered":"http:\/\/5.45.101.177\/haut-allier\/usagers-transportse\/index.php\/2022\/06\/07\/legislatives-en-massif-central894\/"},"modified":"2022-06-07T09:21:46","modified_gmt":"2022-06-07T07:21:46","slug":"legislatives-en-massif-central894","status":"publish","type":"post","link":"https:\/\/usagers-transports.haut-allier.eu\/index.php\/2022\/06\/07\/legislatives-en-massif-central894\/","title":{"rendered":"L\u00e9gislatives en Massif central : r\u00e9ponse des candidats soucieux d&rsquo;une bonne mobilit\u00e9 [MAJ]"},"content":{"rendered":"<p>Sur les <a href=\"https:\/\/usagers-transports.haut-allier.eu\/?legislatives-2022-le-collectif,890\"><em>85 candidats sollicit\u00e9s<\/em><\/a> le long des lignes ferroviaires du sud du massif central seuls&#8230; 13 nous ont r\u00e9pondu. 1 personne sur 7 pratiquement. Un grand merci \u00e0 ceux qui ont pris le temps de nous \u00e9crire.<br \/>\n&nbsp;<br \/>\nMais cela en dit long sur la conscience politique et l&rsquo;int\u00e9r\u00eat pour le territoire des autres qui veulent pourtant nous repr\u00e9senter \u00e0 l&rsquo;Assembl\u00e9e nationale.<br \/>\n&nbsp;<br \/>\nVoici les r\u00e9ponses, dans l&rsquo;ordre d&rsquo;arriv\u00e9e, chacun en tirera les conclusions qu&rsquo;il souhaite :<br \/>\n&nbsp;<br \/>\n&nbsp;<br \/>\n<img loading=\"lazy\" decoding=\"async\" class=\" aligncenter size-full wp-image-3865\" src=\"http:\/\/5.45.101.177\/haut-allier\/usagers-transportse\/wp-content\/uploads\/2022\/06\/sigaux.jpg\" alt=\"sigaux.jpg\" align=\"center\" width=\"275\" height=\"183\" \/><\/p>\n<p>[fond rouge][blanc]<strong>Azelma SIGAUX, NUPES, 2\u00e8me circonscription de Haute-Loire<br \/>\n<\/strong>[\/blanc][\/fond rouge]<\/p>\n<p>[(<br \/>\n<em><br \/>\n Bonjour,<\/p>\n<p>Inutile de r\u00e9fl\u00e9chir : ma r\u00e9ponse est \u00e9videmment oui.<br \/>\nJe ne cesse de pr\u00f4ner le d\u00e9veloppement du r\u00e9seau ferroviaire sur la Haute-Loire et sur l&rsquo;ensemble du territoire.<\/p>\n<p>Vous pouvez donc compter sur moi.<\/p>\n<p>Bonne journ\u00e9e !<\/p>\n<p>Azelma SIGAUX<br \/>\n<\/em><br \/>\n)]<br \/>\n&nbsp;<br \/>\n<img loading=\"lazy\" decoding=\"async\" class=\" aligncenter size-full wp-image-3866\" src=\"http:\/\/5.45.101.177\/haut-allier\/usagers-transportse\/wp-content\/uploads\/2022\/06\/passieux.jpg\" alt=\"passieux.jpg\" align=\"center\" width=\"224\" height=\"224\" srcset=\"https:\/\/usagers-transports.haut-allier.eu\/wp-content\/uploads\/2022\/06\/passieux.jpg 224w, https:\/\/usagers-transports.haut-allier.eu\/wp-content\/uploads\/2022\/06\/passieux-150x150.jpg 150w\" sizes=\"auto, (max-width: 224px) 100vw, 224px\" \/><br \/>\n[fond rouge][blanc]<strong>Dominique Richard PASSIEU, R\u00e9sistons ! 4\u00e8me circonscription du Gard<br \/>\n<\/strong>[\/blanc][\/fond rouge]<\/p>\n<p>[(<br \/>\n<em><br \/>\nBonjour,<br \/>\nJe suis le directeur de campagne de Dominique Richard Passieu candidat de la 4\u00e9me circonscription du Gard.<br \/>\nNous avons pris connaissance de votre message concernant le r\u00e9seau ferr\u00e9 du massif central et nous sommes tr\u00e8s motiv\u00e9 par cela, l&rsquo;ayant utilis\u00e9 dans les ann\u00e9es 70.<br \/>\nDominique et moi-m\u00eame ne manquerons pas de travailler avec vous pour demander au gouvernement la remise en service de ce tron\u00e7on ferr\u00e9 en cas ou Dominique serait \u00e9lu.<br \/>\nNous reviendrons vers vous en cas de victoire.<br \/>\nBon week end et sinc\u00e8res salutations C\u00e9venoles.<br \/>\nSerge HENRY<br \/>\n30500 All\u00e8gre les Fumades<br \/>\n<\/em><br \/>\n)]<br \/>\n&nbsp;<br \/>\n<img loading=\"lazy\" decoding=\"async\" class=\" aligncenter size-full wp-image-3867\" src=\"http:\/\/5.45.101.177\/haut-allier\/usagers-transportse\/wp-content\/uploads\/2022\/06\/essomba.jpg\" alt=\"essomba.jpg\" align=\"center\" width=\"213\" height=\"236\" \/><br \/>\n[fond rouge][blanc]<strong>Oscar ESSOMBA, Divers droite, 6\u00e8me circonscription de l&rsquo;H\u00e9rault<br \/>\n<\/strong>[\/blanc][\/fond rouge]<\/p>\n<p>[(<br \/>\n<em><br \/>\nMonsieur bonjour.<br \/>\nJ&rsquo;aimerais d&rsquo;abord vous dire que je suis honor\u00e9 que vous m&rsquo;ayez contact\u00e9 et je vous en remercie.<br \/>\nConcernant votre lutte pour le maintien, la r\u00e9g\u00e9n\u00e9ration et le d\u00e9veloppement du r\u00e9seau ferr\u00e9 ainsi que le retour des trains de nuit en Auvergne et dans le sud du Massif Central, je tiens \u00e0 vous f\u00e9liciter et vous apporter tout mon soutien.<br \/>\nIl m&rsquo;est tr\u00e8s facile de m&rsquo;engager \u00e0 soutenir votre combat \u00e0 l&rsquo;Assembl\u00e9e Nationale, si je suis \u00e9lu, car je partage compl\u00e8tement le caract\u00e8re utile, \u00e9conomique et \u00e9cologique du transport ferroviaire dans tous les coins et recoins de France.<br \/>\nQue ce soit donc pour cette campagne ou par le biais de toutes autres \u00e9ventuelles opportunit\u00e9s dans le futur, vous avez ma parole que je d\u00e9fendrai votre noble action.<br \/>\nRecevez, avec tous les membres de votre collectif, mes plus respectueuses salutations. <\/p>\n<p>Oscar ESSOMBA<br \/>\n<\/em><br \/>\n)]<br \/>\n&nbsp;<br \/>\n<img loading=\"lazy\" decoding=\"async\" class=\" aligncenter size-full wp-image-3868\" src=\"http:\/\/5.45.101.177\/haut-allier\/usagers-transportse\/wp-content\/uploads\/2022\/06\/clement.jpg\" alt=\"clement.jpg\" align=\"center\" width=\"259\" height=\"194\" \/><br \/>\n[fond rouge][blanc]<strong>Jean-Philippe CLEMENT, L&rsquo;Ecologie au centre, 2\u00e8me circonscription de la Haute-Loire<br \/>\n<\/strong>[\/blanc][\/fond rouge]<\/p>\n<p>[(<br \/>\n<em><br \/>\nBonsoir,<br \/>\nAvec Plaisir : la voil\u00e0 !<br \/>\n<img loading=\"lazy\" decoding=\"async\" class=\" aligncenter size-full wp-image-3869\" src=\"http:\/\/5.45.101.177\/haut-allier\/usagers-transportse\/wp-content\/uploads\/2022\/06\/imagejpc.png\" alt=\"imagejpc.png\" align=\"center\" width=\"513\" height=\"575\" srcset=\"https:\/\/usagers-transports.haut-allier.eu\/wp-content\/uploads\/2022\/06\/imagejpc.png 513w, https:\/\/usagers-transports.haut-allier.eu\/wp-content\/uploads\/2022\/06\/imagejpc-268x300.png 268w\" sizes=\"auto, (max-width: 513px) 100vw, 513px\" \/><br \/>\nBon week-end<br \/>\nJean-Philippe CLEMENT<br \/>\n<\/em><br \/>\n)]<br \/>\n&nbsp;<br \/>\n<img loading=\"lazy\" decoding=\"async\" class=\" aligncenter size-full wp-image-3870\" src=\"http:\/\/5.45.101.177\/haut-allier\/usagers-transportse\/wp-content\/uploads\/2022\/06\/descaves.jpg\" alt=\"descaves.jpg\" align=\"center\" width=\"400\" height=\"373\" srcset=\"https:\/\/usagers-transports.haut-allier.eu\/wp-content\/uploads\/2022\/06\/descaves.jpg 400w, https:\/\/usagers-transports.haut-allier.eu\/wp-content\/uploads\/2022\/06\/descaves-300x280.jpg 300w\" sizes=\"auto, (max-width: 400px) 100vw, 400px\" \/><br \/>\n[fond rouge][blanc]<strong>Sandrine DESCAVES, NUPES, 1\u00e8re circonscription de Loz\u00e8re<br \/>\n<\/strong>[\/blanc][\/fond rouge]<\/p>\n<p>[(<br \/>\n<em><br \/>\nMesdames, messieurs,<br \/>\nNous vous remercions de votre courrier au sujet de la situation du transport ferroviaire.<br \/>\nNous partageons totalement vos pr\u00e9occupations, votre constat et nous y avons m\u00eame enrichi nos connaissances sur un certain nombre de points. En effet nous sommes tous deux engag\u00e9s de longue date dans la lutte permanente pour les services publics en notre qualit\u00e9 de militant\u00b7e\u00b7s syndicaux : FSU<br \/>\n(Sandrine) et CGT (Christian).<br \/>\n&nbsp;<br \/>\n<strong>1 Le constat :<br \/>\n<\/strong><br \/>\n\u2022 la crise climatique et de la biodiversit\u00e9 n\u2019attendent pas : la neutralit\u00e9 carbone passe par un red\u00e9ploiement de l\u2019usage du train ; il est le moyen le plus adapt\u00e9 pour les longs trajets pour se placer en ad\u00e9quation avec un mode de vie durable.<br \/>\n\u2022 la privatisation et l\u2019ouverture \u00e0 la concurrence de l\u2019ensemble des modes de transports<br \/>\n\u2022 la priorit\u00e9 donn\u00e9e au transport routier<br \/>\n\u2022 le d\u00e9sengagement de l\u2019\u00c9tat et l\u2019absence de toute vision strat\u00e9gique de long terme qui ont conduit notamment \u00e0 :<br \/>\n\u2022 l\u2019abandon du fret ferroviaire qui ne repr\u00e9sente plus que 9 % du transport de marchandises<br \/>\n\u2022 l\u2019allongement des temps de transport ferroviaire et l\u2019inaccessibilit\u00e9 pour les personnes \u00e0 mobilit\u00e9 r\u00e9duite<\/p>\n<p>L\u2019ouverture \u00e0 la concurrence et la privatisation ont \u00e9t\u00e9 les priorit\u00e9s d\u2019Emmanuel Macron dans le secteur des transports. C\u2019est la vision d\u2019une Europe n\u00e9olib\u00e9rale qui brade le patrimoine national, s\u2019attaque aux emplois et aux conditions de travail des personnels tout en poursuivant la d\u00e9gradation du niveau de service rendu aux usager(e)s. Le transport est appr\u00e9hend\u00e9 sous l\u2019angle de la rentabilit\u00e9 \u00e0 court terme, au m\u00e9pris du service public et de la protection de la plan\u00e8te.<\/p>\n<p>Notre programme \u00ab l\u2019 Avenir En Commun \u00bb stipule :<br \/>\nLes mobilit\u00e9s sont des biens communs qui doivent \u00eatre organis\u00e9s par des services 100% publics et accessibles \u00e0 toutes et tous. Tout l\u2019inverse des politiques men\u00e9es ces derni\u00e8res d\u00e9cennies.<\/p>\n<p>En dehors de quelques axes, le r\u00e9seau ferroviaire fran\u00e7ais est aujourd\u2019hui \u00e0 l\u2019abandon : fermetures de lignes, allongements de temps de parcours, gares peu qualitatives. Nous mettrons en \u0153uvre un grand plan de r\u00e9g\u00e9n\u00e9ration du r\u00e9seau ferr\u00e9 existant.<\/p>\n<p>Nous interdirons toute fermeture de ligne et rouvrirons des milliers de kilom\u00e8tres de liaisons dans la d\u00e9cennie \u00e0 venir : \u00e0 terme, toutes les pr\u00e9fectures et sous-pr\u00e9fectures de France seront desservies par le ferroviaire.<\/p>\n<p>L\u2019infrastructure ferroviaire n\u2019est utile qu\u2019associ\u00e9e \u00e0 une offre cadenc\u00e9e et robuste, suffisamment fr\u00e9quente pour \u00eatre attractive, sur le mod\u00e8le suisse. Nous augmenterons les fr\u00e9quences en concertation avec les \u00e9lu\u00b7es, les syndicats et les associations d\u2019usager(e)s via des comit\u00e9s de lignes.<\/p>\n<p>Le TGV ne peut \u00eatre le seul mode de d\u00e9placement de longue distance. Nous introduirons des trains classiques Intercit\u00e9s et des trains de nuit sur les relations longues distances, m\u00eames desservies par le TGV, \u00e0 des prix attractifs, fixes et \u00e0 r\u00e9servation facultative.<\/p>\n<p>Nous adopterons un vaste plan pour le fret ferroviaire qui reposera sur :<br \/>\n\u2022 Un plan d\u2019investissement massif pour la li\u00e8re et notamment pour la SNCF<br \/>\n\u2022 La r\u00e9ouverture des gares de triage et le retour du wagon isol\u00e9<br \/>\n\u2022 Le lancement d\u2019un grand plan pour le ferroutage et le d\u00e9veloppement du transport combin\u00e9 rail-route et le subventionnement de ce service autant qu\u2019il sera n\u00e9cessaire avec l\u2019objectif de bannir la travers\u00e9e du territoire fran\u00e7ais aux camions de transit en particulier entre l\u2019Espagne et le nord de l\u2019Europe<br \/>\n&nbsp;<br \/>\n<strong>2 La cr\u00e9ation ou la remise en \u00e9tat d\u2019installations terminales embranch\u00e9es (ITE) pour raccorder les sites industriels et logistiques qui sont indispensables pour l\u2019infrastructure du fret ferroviaire.<br \/>\n<\/strong><br \/>\n&nbsp;<br \/>\nUn plan complet pour les lignes ferroviaires \u00e0 grande vitesse (LGV) dont la construction ne doit pas se faire au d\u00e9triment de la r\u00e9novation des lignes classiques parall\u00e8les.<br \/>\nD\u2019un grand minist\u00e8re charg\u00e9 des transports n\u00e9cessaire pour porter une politique des transports ambitieuse. Nous reconstruirons une administration centrale et territoriale attractive pour ses agent\u00b7e\u00b7s. Celle-ci sera pr\u00e9sente sur le terrain et suffisamment dot\u00e9e en ressources et technicit\u00e9 pour affronter l\u2019immense d\u00e9 de la d\u00e9carbonatation des transports qui doit avoir lieu dans la d\u00e9cennie \u00e0 venir. Nous donnerons plus de poids aux associations d\u2019usager(e)s des transports collectifs, d\u2019usager(e)s de la bicyclette et aux syndicats des personnels, a n de tenir compte de leurs analyses pour l\u2019\u00e9laboration des d\u00e9cisions. En plus de l\u2019administration, l\u2019\u00c9tat devra disposer<br \/>\nd\u2019un \u00e9tablissement 100 % public fonctionnant sous une logique d\u2019int\u00e9r\u00eat g\u00e9n\u00e9ral : La SNCF sera r\u00e9unifi\u00e9e au sein d\u2019un p\u00f4le public ferroviaire enti\u00e8rement int\u00e9gr\u00e9.<\/p>\n<p>Une politique sociale ambitieuse :<br \/>\nBifurcation \u00e9cologique et justice sociale vont de pair.<br \/>\nNous r\u00e9tablirons d\u00e8s 2022 le statut de cheminot\u00b7e pour tou\u00b7tes les agent(e)s de la SNCF. Nous mettrons fin \u00e0 la sous-traitance et au recours au travail d\u00e9tach\u00e9. Nous d\u00e9fendrons, en concertation avec les organisations syndicales, un r\u00e9gime de retraite plus favorable pour les m\u00e9tiers p\u00e9nibles. Un nouveau socle social sera impos\u00e9 dans l\u2019ensemble des professions du secteur des transports.<\/p>\n<p>Nous interdirons la publicit\u00e9 \u00e0 la t\u00e9l\u00e9vision pour les v\u00e9hicules soumis \u00e0 un malus \u00e9cologique, rendrons obligatoire partout ailleurs le paiement d\u2019une taxe qui financera des publicit\u00e9s en faveur du train, du v\u00e9lo et des transports publics.<\/p>\n<p>Par ailleurs, nous d\u00e9plorons la remise en chantier du projet de requalication de la RN88 par la R\u00e9gion, projet inutile qui va \u00e0 l&rsquo;encontre de la lutte contre le changement climatique et de la d\u00e9fense des milieux naturels.<\/p>\n<p>Nous avons voulu r\u00e9sumer ici l\u2019essence de notre projet politique en mati\u00e8re de transport ferroviaire en Loz\u00e8re mais aussi pour l\u2019ensemble du territoire national.<\/p>\n<p>Aussi dans notre volont\u00e9 d\u2019\u00eatre le plus exhaustifs possible nous joignons \u00e0 ce courrier le livret \u00ab pour des mobilit\u00e9s durables et accessibles \u00bb qui pr\u00e9cise le programme \u00ab l\u2019Avenir En Commun \u00bb port\u00e9 par Jean-Luc M\u00e9lenchon \u00e0 la pr\u00e9sidentielle et nous-m\u00eames \u00e0 l\u2019\u00e9lection l\u00e9gislative.<\/p>\n<p>Fraternellement,<br \/>\nSandrine Descaves et Christian Causse<\/p>\n<p><\/em><br \/>\n)]<br \/>\n&nbsp;<br \/>\n<img loading=\"lazy\" decoding=\"async\" class=\" aligncenter size-full wp-image-3871\" src=\"http:\/\/5.45.101.177\/haut-allier\/usagers-transportse\/wp-content\/uploads\/2022\/06\/chassaigne.jpg\" alt=\"chassaigne.jpg\" align=\"center\" width=\"295\" height=\"171\" \/><br \/>\n[fond rouge][blanc]<strong>Andr\u00e9 CHASSAIGNE, NUPES, 5\u00e8me circonscription du Puy de D\u00f4me<br \/>\n<\/strong>[\/blanc][\/fond rouge]<\/p>\n<p>[(<br \/>\n<em><br \/>\nMonsieur,<\/p>\n<p>Suite \u00e0 votre mail concernant notre engagement en faveur du train dans le Massif-Central, Andr\u00e9 Chassaigne et moi-m\u00eame tenions \u00e0 vous r\u00e9affirmer notre total soutien en faveur du maintien et du d\u00e9veloppement du transport ferroviaire en France et dans le Massif-Central. <\/p>\n<p>Nous soutenons le retour des trains de nuit en Auvergne et dans le Sud du Massif-Central, ainsi que le retour du train de nuit Paris &#8211; Clermont-Ferrand comme vos propositions de dessertes Est-Ouest et vers le l&rsquo;Europe du Nord. <\/p>\n<p>Notre soutien historique et continu en faveur du transport ferroviaire se traduit par des engagements politiques forts que nous porterons au Parlement :<\/p>\n<p>&#8211; l&rsquo;imp\u00e9ratif d&rsquo;un plan d&rsquo;urgence pour le transport et le r\u00e9seau ferroviaires, avec l&rsquo;objectif de mobiliser 5 milliards d&rsquo;euros d&rsquo;investissements annuels suppl\u00e9mentaires pour le rail avec pour priorit\u00e9s la r\u00e9ouverture des petites lignes et des lignes d&rsquo;\u00e9quilibre du territoire et la r\u00e9g\u00e9n\u00e9ration globale du r\u00e9seau ferr\u00e9.<\/p>\n<p>&#8211; l&rsquo;adoption d&rsquo;une loi de programmation ferroviaire, incluant des objectifs tr\u00e8s ambitieux de d\u00e9veloppement du transport voyageur et et de report modal vers le fret ferroviaire marchandises, ainsi qu&rsquo;un plan de reconqu\u00eate industrielle du secteur ferroviaire, adoss\u00e9 \u00e0 un sch\u00e9ma national de desserte de marchandises par le rail garantissant une pr\u00e9sence sur l\u2019ensemble du territoire.<\/p>\n<p>&#8211; la r\u00e9appropriation publique et sociale de la SNCF afin de redonner \u00e0 cette entreprise publique tous les moyens d&rsquo;assurer le d\u00e9veloppement du transport ferroviaire. <\/p>\n<p>&#8211; une refonte de la tarification sociale des transports sur les lignes nationales et r\u00e9gionales qui doit \u00eatre mise en \u0153uvre pour en \u00e9largir le public et garantir l\u2019\u00e9galit\u00e9 territoriale.<\/p>\n<p>Vous pouvez \u00e9galement compter sur notre appui et notre soutien \u00e0 l&rsquo;ensemble des mobilisations que vous conduirez sur le territoire en faveur du rail. <\/p>\n<p>Bien cordialement, <\/p>\n<p>Andr\u00e9 Chassaigne et Julien Brugerolles<\/p>\n<p><\/em><br \/>\n)]<br \/>\n&nbsp;<br \/>\n<img loading=\"lazy\" decoding=\"async\" class=\" aligncenter size-full wp-image-3872\" src=\"http:\/\/5.45.101.177\/haut-allier\/usagers-transportse\/wp-content\/uploads\/2022\/06\/laurencev.jpg\" alt=\"laurencev.jpg\" align=\"center\" width=\"224\" height=\"224\" srcset=\"https:\/\/usagers-transports.haut-allier.eu\/wp-content\/uploads\/2022\/06\/laurencev.jpg 224w, https:\/\/usagers-transports.haut-allier.eu\/wp-content\/uploads\/2022\/06\/laurencev-150x150.jpg 150w\" sizes=\"auto, (max-width: 224px) 100vw, 224px\" \/><br \/>\n[fond rouge][blanc]<strong>Laurence VICHNIEVSKY, LREM, 3\u00e8me circonscription du Puy de D\u00f4me<br \/>\n<\/strong>[\/blanc][\/fond rouge]<\/p>\n<p>[(<br \/>\n<em><br \/>\nMonsieur,<\/p>\n<p>En 2017, lors de ma campagne pour les pr\u00e9c\u00e9dentes \u00e9lections l\u00e9gislatives, j\u2019avais fait du train et plus particuli\u00e8rement de la liaison Clermont-Paris une priorit\u00e9.<\/p>\n<p>En effet, cette liaison ferroviaire s\u2019est trop souvent illustr\u00e9e par des retards, par un mat\u00e9riel roulant dont le confort n\u2019est plus aux standards actuels, et par un temps de trajet cons\u00e9quent, surtout pour les trains non directs.<\/p>\n<p>Durant tout mon mandat, je me suis mobilis\u00e9e (en interrogeant le Gouvernement en h\u00e9micycle, au c\u00f4t\u00e9 du collectif Objectif Capitales\u2026) pour obtenir des am\u00e9liorations concr\u00e8tes et rapides sur cette ligne essentielle \u00e0 la vitalit\u00e9 \u00e9conomique du d\u00e9partement du Puy-de-D\u00f4me, et d\u00e9cr\u00e9t\u00e9e \u00e0 ce titre Train d\u2019\u00e9quilibre du territoire (TET).<\/p>\n<p>J\u2019ai \u00e9t\u00e9 en bonne partie entendue puisque le Gouvernement a d\u00e9bloqu\u00e9 des montants importants, en compl\u00e9ment des collectivit\u00e9s territoriales concern\u00e9es, pour plus de 1 milliard d\u2019euros au total, investis pour la r\u00e9novation des voies et pour le renouvellement des rames qui seront mises en service l\u2019an prochain.<\/p>\n<p>Puisque c\u2019est un sujet que vous \u00e9voquez \u00e9galement, le Gouvernement a aussi investi pour p\u00e9renniser, rouvrir ou inaugurer des lignes de train de nuit. D\u2019autres lignes sont encore envisag\u00e9es, notamment celles reliant Clermont-Ferrand, Aurillac, Brive, Orl\u00e9ans et Paris, Toulouse, Brive, Orl\u00e9ans et Paris, et Albi, Rodez, Brive, Orl\u00e9ans et Paris. Ainsi, la desserte tribranche de nuit que vous \u00e9voquez est en projet.<\/p>\n<p>S\u2019agissant de la liaison est-ouest, depuis Gen\u00e8ve jusqu\u2019\u00e0 Bordeaux par Clermont-Ferrand : je suis convaincue de la n\u00e9cessit\u00e9 de renforcer les liaisons est-ouest, aujourd\u2019hui tr\u00e8s insuffisantes, sans obliger les voyageurs \u00e0 transiter par Paris, que ces lignes soient de jour ou de nuit. J\u2019appuierai donc les projets en ce sens.<\/p>\n<p>Votre proposition d\u2019une liaison ferroviaire directe reliant l\u2019Auvergne \u00e0 Bruxelles et \u00e0 l\u2019Europe du nord, sans arr\u00eat \u00e0 Paris, ne me para\u00eet pas pertinente \u00e9conomiquement et \u00e9cologiquement aujourd\u2019hui et m\u2019interroge : pourquoi ouvrir une nouvelle ligne (grande vitesse) alors qu\u2019il est possible d\u2019exploiter celles d\u00e9j\u00e0 existantes depuis Paris qui se situe justement sur l\u2019axe Clermont-Bruxelles ?<\/p>\n<p>Plus g\u00e9n\u00e9ralement, vous pourrez compter sur mon plein soutien en faveur des mesures destin\u00e9es au d\u00e9veloppement du train en France, en prenant toutefois en compte des contraintes budg\u00e9taires malheureusement bien r\u00e9elles.<\/p>\n<p>Laurence VICHNIEVSKY <\/p>\n<p><\/em><br \/>\n)]<br \/>\n&nbsp;<br \/>\n<img loading=\"lazy\" decoding=\"async\" class=\" aligncenter size-full wp-image-3873\" src=\"http:\/\/5.45.101.177\/haut-allier\/usagers-transportse\/wp-content\/uploads\/2022\/06\/bessaou.jpg\" alt=\"bessaou.jpg\" align=\"center\" width=\"400\" height=\"400\" srcset=\"https:\/\/usagers-transports.haut-allier.eu\/wp-content\/uploads\/2022\/06\/bessaou.jpg 400w, https:\/\/usagers-transports.haut-allier.eu\/wp-content\/uploads\/2022\/06\/bessaou-300x300.jpg 300w, https:\/\/usagers-transports.haut-allier.eu\/wp-content\/uploads\/2022\/06\/bessaou-150x150.jpg 150w\" sizes=\"auto, (max-width: 400px) 100vw, 400px\" \/><br \/>\n[fond rouge][blanc]<strong>Magali BESSAOU, LR, 1\u00e8re circonscription de l&rsquo;Aveyron<br \/>\n<\/strong>[\/blanc][\/fond rouge]<\/p>\n<p>[(<br \/>\n<em><br \/>\nBonjour,<\/p>\n<p>En temps, la ville de Rodez est la plus \u00e9loign\u00e9e de la capitale Fran\u00e7aise. Victime du d\u00e9sert ferroviaire qu\u2019est le Massif Central, notre ville de pr\u00e9fecture, le poumon de notre circonscription et du d\u00e9partement, est \u00e0 six \u2013 sept heures des centres n\u00e9vralgiques de l\u2019Etat, de la culture, \u2026<\/p>\n<p>Ce constat, amer, est encore accentu\u00e9 par la m\u00e9diocrit\u00e9 des liaisons ferroviaires avec les m\u00e9tropoles r\u00e9gionales (Montpellier, Toulouse, Clermont Ferrand). Cette situation conduit de plus en plus d\u2019usagers \u00e0 aller prendre le train directement dans ces villes.<\/p>\n<p>Dans ce contexte, le train de nuit Rodez-Paris rev\u00eat un aspect strat\u00e9gique majeur !<\/p>\n<p>Il est vrai qu\u2019aujourd\u2019hui, la politique d\u2019investissement ferroviaire, qu\u2019il s\u2019agisse des voies ou des rames, est tr\u00e8s largement en retrait au niveau national en regard de nos voisins europ\u00e9ens. Ce constat est principalement li\u00e9 aux pertes d\u2019exploitation abyssales de la SNCF.<\/p>\n<p>Ainsi, \u00e9lue d\u00e9put\u00e9e, j\u2019interviendrais d\u2019une part sur l\u2019\u00e9volution de la gestion des transports ferroviaires qui doivent \u00eatre soumis \u00e0 la concurrence afin de retrouver une comp\u00e9titivit\u00e9 dans les meilleurs d\u00e9lais. J\u2019interviendrais d\u2019autre part sur le train de nuit Rodez-Paris qui doit absolument \u00eatre p\u00e9rennis\u00e9.<\/p>\n<p>Les enjeux sont multiples :<\/p>\n<p>\u00d8  L\u2019accessibilit\u00e9 de la capitale pour le plus grand nombre d\u2019usagers,<\/p>\n<p>\u00d8  L\u2019attractivit\u00e9 de l\u2019Aveyron et du grand Rodez pour les personnes qui souhaitent se rendre dans l\u2019Aveyron,<\/p>\n<p>\u00d8  Une incidence carbone r\u00e9duite en regard de l\u2019avion et de la voiture.<\/p>\n<p>Je me battrais donc avec conviction et d\u00e9termination pour la pr\u00e9servation de la ligne Rodez-Paris, et plus particuli\u00e8rement pour le train de nuit.<\/p>\n<p>Il n\u2019en restera pas moins que la r\u00e9ussite de cette d\u00e9marche ne sera assur\u00e9e que d\u00e8s lors que la SNCF sera \u00e0 m\u00eame de fiabiliser cet itin\u00e9raire tant les al\u00e9as \u00e9voqu\u00e9s par cette derni\u00e8re sont contestables : m\u00e9t\u00e9orologie, COVID, chauffage dans les trains, \u2026. Les usagers sont en droit d\u2019attendre un service fiable et de qualit\u00e9.<\/p>\n<p>Esp\u00e9rant avoir r\u00e9pondu \u00e0 votre question<\/p>\n<p>Bien cordialement<\/p>\n<p>Magali BESSAOU<br \/>\n<\/em><br \/>\n)]<br \/>\n&nbsp;<br \/>\n<img loading=\"lazy\" decoding=\"async\" class=\" aligncenter size-full wp-image-3874\" src=\"http:\/\/5.45.101.177\/haut-allier\/usagers-transportse\/wp-content\/uploads\/2022\/06\/cochet.jpg\" alt=\"cochet.jpg\" align=\"center\" width=\"347\" height=\"398\" srcset=\"https:\/\/usagers-transports.haut-allier.eu\/wp-content\/uploads\/2022\/06\/cochet.jpg 347w, https:\/\/usagers-transports.haut-allier.eu\/wp-content\/uploads\/2022\/06\/cochet-262x300.jpg 262w\" sizes=\"auto, (max-width: 347px) 100vw, 347px\" \/><br \/>\n[fond rouge][blanc]<strong>Philippe COCHET, MEI, 2\u00e8me circonscription de Haute-Loire<br \/>\n<\/strong>[\/blanc][\/fond rouge]<\/p>\n<p>[(<br \/>\n<em><br \/>\nBonjour,<br \/>\nEn tant que candidat MEI sur la deuxi\u00e8me circonscription de Haute-loire je soutiens vos propositions et objectifs.<\/p>\n<p>Je rajouterais que la SNCF doit prendre en compte la biodiversit\u00e9 et cesser comme c&rsquo;est le cas encore cette ann\u00e9e de faire des travaux au mois de mai juin ,c&rsquo;est \u00e0 dire en pleine p\u00e9riode de reproduction des oiseaux prot\u00e9g\u00e9s et cela m\u00eame dans un site NATURA 2000 comme celui des gorges de l&rsquo;Allier. Nous demandons \u00e9galement une prise en compte de la pollution lumineuse . Pourquoi \u00e9clairer toute la nuit les quais sans train ?<\/p>\n<p>Philippe Cochet<br \/>\n<\/em><br \/>\n)]<br \/>\n&nbsp;<br \/>\n<img loading=\"lazy\" decoding=\"async\" class=\" aligncenter size-full wp-image-3875\" src=\"http:\/\/5.45.101.177\/haut-allier\/usagers-transportse\/wp-content\/uploads\/2022\/06\/savre.jpg\" alt=\"savre.jpg\" align=\"center\" width=\"336\" height=\"504\" srcset=\"https:\/\/usagers-transports.haut-allier.eu\/wp-content\/uploads\/2022\/06\/savre.jpg 336w, https:\/\/usagers-transports.haut-allier.eu\/wp-content\/uploads\/2022\/06\/savre-200x300.jpg 200w\" sizes=\"auto, (max-width: 336px) 100vw, 336px\" \/><br \/>\n[fond rouge][blanc]<strong>Marie SAVRE, LO, 3\u00e8me circonscription du Puy de D\u00f4me<br \/>\n<\/strong>[\/blanc][\/fond rouge]<\/p>\n<p>[(<br \/>\n<em><br \/>\nMonsieur,<\/p>\n<p>Vous n\u2019ignorez pas que je ne serai pas \u00e9lue d\u00e9put\u00e9e. Je ne m\u2019engagerai donc pas sur ce que je ferai ou non. D\u2019autant plus que la plupart des \u00e9lus qui font des promesses, ne peuvent, ou ne veulent, pas les tenir.<\/p>\n<p>Par contre je m\u2019\u00e9l\u00e8ve contre le d\u00e9sengagement de l\u2019Etat dans tous les services publics, dont font partie les transports en commun.<\/p>\n<p>Pour satisfaire aux demandes des grandes compagnies p\u00e9troli\u00e8res, des fabricants automobiles et des concessionnaires d\u2019autoroute, les diff\u00e9rents gouvernements ont laiss\u00e9 tomber les transports en commun, \u00e0 commencer par le train. Ils ferment des gares dites secondaires, obligeant les habitants \u00e0 prendre leur voiture pour se rendre \u00e0 leur travail, ce qui occasionne des frais et de la fatigue suppl\u00e9mentaires. Ils favorisent le d\u00e9veloppement de r\u00e9seaux autoroutiers, mais laissent aux collectivit\u00e9s locales le soin d\u2019entretenir, \u00e0 leurs frais, les routes d\u00e9partementales ou communales.<\/p>\n<p>Ce sont les grandes soci\u00e9t\u00e9s industrielles, commerciales et financi\u00e8res, c\u2019est-\u00e0-dire une minorit\u00e9 de poss\u00e9dants, qui imposent leur mode de fonctionnement aberrant \u00e0 l\u2019ensemble de la soci\u00e9t\u00e9, au d\u00e9triment du bien-\u00eatre de la majorit\u00e9 de la population. Et tous les gouvernements qui se sont succ\u00e9d\u00e9s, quelle qu\u2019ait \u00e9t\u00e9 leur \u00e9tiquette politique, se sont pli\u00e9s \u00e0 leurs diktats.<\/p>\n<p>Il faut leur \u00f4ter ce pouvoir de nuisance dont elles disposent pour que les richesses produites par le travail des salari\u00e9s aille \u00e0 ce qui est utile \u00e0 la population. Mais cela ne se fera pas sans une mobilisation profonde de l\u2019ensemble du monde du travail.<br \/>\n\u00ab\u00a0Le train dans le Massif central\u00a0\u00bb, comme dans le reste du pays, ne  pourra vraiment se d\u00e9velopper en fonction des besoins de la population que dans ces conditions.<\/p>\n<p>Je vous soutiens donc, dans votre lutte pour le maintien, la r\u00e9g\u00e9n\u00e9ration et le d\u00e9veloppement du r\u00e9seau ferr\u00e9 ainsi que le retour des trains de nuit en Auvergne et dans le sud du Massif Central.<\/p>\n<p>Recevez, Monsieur, mes salutations distingu\u00e9es.<\/p>\n<p>Pour les candidats auvergnats,<\/p>\n<p>Marie Savre<\/p>\n<p><\/em><br \/>\n)]<br \/>\n&nbsp;<br \/>\n<img loading=\"lazy\" decoding=\"async\" class=\" aligncenter size-full wp-image-3876\" src=\"http:\/\/5.45.101.177\/haut-allier\/usagers-transportse\/wp-content\/uploads\/2022\/06\/thomasvalerie.jpg\" alt=\"thomasvalerie.jpg\" align=\"center\" width=\"183\" height=\"275\" \/><br \/>\n[fond rouge][blanc]<strong>Val\u00e9rie THOMAS, LREM, 1\u00e8re circonscription du Puy de D\u00f4me<br \/>\n<\/strong>[\/blanc][\/fond rouge]<\/p>\n<p>[(<br \/>\n<em><br \/>\nMonsieur.<\/p>\n<p>Vous m\u2019interpellez sur les lignes ferroviaires du Massif Central et je vous en remercie. Je suis profond\u00e9ment convaincue par le fait qu\u2019il est absolument n\u00e9cessaire d\u2019avoir une vaste r\u00e9flexion sur ces enjeux. Nous le savons, pour des questions environnementales, pour des questions sociales et \u00e9conomiques et d\u2019am\u00e9nagement du territoire, les d\u00e9placements en train sont une des r\u00e9ponses pour notre pays. <\/p>\n<p>Si je suis r\u00e9\u00e9lue, je m\u2019engage \u00e0 dialoguer avec vous et l\u2019ensemble des acteurs concern\u00e9s afin de relancer dans notre pays le ferroviaire.<\/p>\n<p>Tr\u00e8s cordialement.<\/p>\n<p>Val\u00e9rie Thomas<br \/>\n<\/em><br \/>\n)]<br \/>\n&nbsp;<br \/>\n<img loading=\"lazy\" decoding=\"async\" class=\" aligncenter size-full wp-image-3877\" src=\"http:\/\/5.45.101.177\/haut-allier\/usagers-transportse\/wp-content\/uploads\/2022\/06\/zqk4ve3f_400x400.jpg\" alt=\"zqk4ve3f_400x400.jpg\" align=\"center\" width=\"180\" height=\"180\" srcset=\"https:\/\/usagers-transports.haut-allier.eu\/wp-content\/uploads\/2022\/06\/zqk4ve3f_400x400.jpg 180w, https:\/\/usagers-transports.haut-allier.eu\/wp-content\/uploads\/2022\/06\/zqk4ve3f_400x400-150x150.jpg 150w\" sizes=\"auto, (max-width: 180px) 100vw, 180px\" \/><br \/>\n[fond rouge][blanc]<strong>Aur\u00e9lien MANENC, PRC, 5\u00e8me circonscription de l&rsquo;H\u00e9rault<br \/>\n<\/strong>[\/blanc][\/fond rouge]<\/p>\n<p>[(<br \/>\n<em><br \/>\nBonjour.<\/p>\n<p>Comme vous le savez la commune de Lunas est travers\u00e9e par la ligne B\u00e9ziers Neussargues et je mesure quotidiennement son int\u00e9r\u00eat.<\/p>\n<p>Je suis d&rsquo;ailleurs membre depuis de nombreuses ann\u00e9es du comit\u00e9 pluraliste de soutien.<\/p>\n<p>Vous pouvez compter sur mon engagement total pour maintenir et m\u00eame rouvrir si possible des dessertes.<\/p>\n<p>Je reste \u00e0 votre disposition.<\/p>\n<p>Cordialement<\/p>\n<p>Aur\u00e9lien Manenc.<br \/>\n<\/em><br \/>\n)]<br \/>\n&nbsp;<br \/>\n<img loading=\"lazy\" decoding=\"async\" class=\" aligncenter size-full wp-image-3878\" src=\"http:\/\/5.45.101.177\/haut-allier\/usagers-transportse\/wp-content\/uploads\/2022\/06\/pierremorel.jpg\" alt=\"pierremorel.jpg\" align=\"center\" width=\"183\" height=\"275\" \/><br \/>\n[fond rouge][blanc]<strong>Pierre MOREL A L&rsquo;HUISSIER, LR, 1\u00e8re circonscription de Loz\u00e8re<br \/>\n<\/strong>[\/blanc][\/fond rouge]<\/p>\n<p>[(<br \/>\n<em><br \/>\nCher Monsieur, <\/p>\n<p>Derni\u00e8rement, vous avez bien voulu m&rsquo;adresser un mail pour conna\u00eetre ma position relative au train dans le Massif Central.<\/p>\n<p>Comme vous le savez, je me suis particuli\u00e8rement mobilis\u00e9 pendant mes mandats pour maintenir nos lignes ferroviaires sur le d\u00e9partement de la Loz\u00e8re. A plusieurs reprises, j&rsquo;ai relay\u00e9 vos diff\u00e9rentes positions et r\u00e9flexions aupr\u00e8s du Gouvernement, notamment sur le train de nuit ou la ligne de l&rsquo;Aubrac.<\/p>\n<p>Dans la continuit\u00e9 des d\u00e9marches que j&rsquo;ai d\u00e9j\u00e0 effectu\u00e9es, je vous r\u00e9it\u00e8re mon entier soutien ! Bien \u00e9videmment que je m&rsquo;engagerai en faveur du train dans le Massif Central.<\/p>\n<p>Je suis persuad\u00e9 que le d\u00e9veloppement du train peut permettre \u00e0 nos territoires ruraux de se d\u00e9senclaver mais pour cela, une r\u00e9elle politique doit \u00eatre men\u00e9e et de r\u00e9els investissements doivent \u00eatre d\u00e9bloqu\u00e9s.<\/p>\n<p>Esp\u00e9rant avoir r\u00e9pondu \u00e0 vos interrogations et demeurant \u00e0 votre \u00e9coute, <\/p>\n<p>Bien cordialement, <\/p>\n<p>Pierre Morel \u00e0 l&rsquo;Huissier<br \/>\nD\u00e9put\u00e9 de la Loz\u00e8re<br \/>\n<\/em><br \/>\n)]<\/p>\n","protected":false},"excerpt":{"rendered":"<p>Sur les 85 candidats sollicit\u00e9s le long des lignes ferroviaires du sud du massif central seuls&#8230; 13 nous<\/p>\n","protected":false},"author":1,"featured_media":3864,"comment_status":"open","ping_status":"open","sticky":false,"template":"","format":"standard","meta":{"footnotes":""},"categories":[2],"tags":[],"class_list":["post-894","post","type-post","status-publish","format-standard","has-post-thumbnail","hentry","category-infos"],"_links":{"self":[{"href":"https:\/\/usagers-transports.haut-allier.eu\/index.php\/wp-json\/wp\/v2\/posts\/894","targetHints":{"allow":["GET"]}}],"collection":[{"href":"https:\/\/usagers-transports.haut-allier.eu\/index.php\/wp-json\/wp\/v2\/posts"}],"about":[{"href":"https:\/\/usagers-transports.haut-allier.eu\/index.php\/wp-json\/wp\/v2\/types\/post"}],"author":[{"embeddable":true,"href":"https:\/\/usagers-transports.haut-allier.eu\/index.php\/wp-json\/wp\/v2\/users\/1"}],"replies":[{"embeddable":true,"href":"https:\/\/usagers-transports.haut-allier.eu\/index.php\/wp-json\/wp\/v2\/comments?post=894"}],"version-history":[{"count":0,"href":"https:\/\/usagers-transports.haut-allier.eu\/index.php\/wp-json\/wp\/v2\/posts\/894\/revisions"}],"wp:featuredmedia":[{"embeddable":true,"href":"https:\/\/usagers-transports.haut-allier.eu\/index.php\/wp-json\/wp\/v2\/media\/3864"}],"wp:attachment":[{"href":"https:\/\/usagers-transports.haut-allier.eu\/index.php\/wp-json\/wp\/v2\/media?parent=894"}],"wp:term":[{"taxonomy":"category","embeddable":true,"href":"https:\/\/usagers-transports.haut-allier.eu\/index.php\/wp-json\/wp\/v2\/categories?post=894"},{"taxonomy":"post_tag","embeddable":true,"href":"https:\/\/usagers-transports.haut-allier.eu\/index.php\/wp-json\/wp\/v2\/tags?post=894"}],"curies":[{"name":"wp","href":"https:\/\/api.w.org\/{rel}","templated":true}]}}