{"id":895,"date":"2022-06-08T07:00:18","date_gmt":"2022-06-08T05:00:18","guid":{"rendered":"http:\/\/5.45.101.177\/haut-allier\/usagers-transportse\/index.php\/2022\/06\/08\/voyageurs-de-la-ligne-du-train895\/"},"modified":"2022-06-08T07:00:18","modified_gmt":"2022-06-08T05:00:18","slug":"voyageurs-de-la-ligne-du-train895","status":"publish","type":"post","link":"https:\/\/usagers-transports.haut-allier.eu\/index.php\/2022\/06\/08\/voyageurs-de-la-ligne-du-train895\/","title":{"rendered":"Voyageurs de la ligne du train C\u00e9venol balad\u00e9s et laiss\u00e9s pour compte par la SNCF : \u00e7a continue"},"content":{"rendered":"<p>Marion nous \u00e9crit :<br \/>\n&nbsp;<\/p>\n<blockquote class=\"poesie\"><p>\nBonjour.<br \/>\n&nbsp;<br \/>\nSamedi 4 juin 2022, c&rsquo;est en vain que j&rsquo;ai attendu le car de substitution de 10h32 en gare d&rsquo;Alleyras afin de me rendre \u00e0 Brioude, puis Paris via Clermont ferrand. Pourtant mon billet \u00e0 84 euros m&rsquo;assurait bien que je serais \u00e0 destination \u00e0 17h10.<br \/>\n&nbsp;<br \/>\nAucun interlocuteur au t\u00e9l\u00e9phone manuel sur le quai, ni au t\u00e9l\u00e9phone TER AURA.<br \/>\nHeureusement, j&rsquo;ai pu b\u00e9n\u00e9ficier de la solidarit\u00e9 d&rsquo;habitants d&rsquo;alleyras qui se rendaient \u00e0<br \/>\nSaint Etienne le lendemain, o\u00f9 j&rsquo;ai pris  un TGV au prix de 85 euros.<br \/>\n&nbsp;<br \/>\nLe samedi soir, je recevais un SMS de la SNCF me demandant si mon voyage sur l&rsquo;Intercit\u00e9s s&rsquo;\u00e9tait bien pass\u00e9 !<br \/>\n&nbsp;<br \/>\nJ&rsquo;ai fait une demande de remboursement en ligne mais quel sera le montant de mon remboursement et dans quel d\u00e9lai ?<br \/>\n&nbsp;<br \/>\n\u00c0 suivre&#8230;<br \/>\n&nbsp;<br \/>\nMarion Legrand\n<\/p><\/blockquote>\n<p>&nbsp;<br \/>\nNous faisons remonter \u00e0 SNCF.<br \/>\n&nbsp;<\/p>\n","protected":false},"excerpt":{"rendered":"<p>Marion nous \u00e9crit : &nbsp; Bonjour. &nbsp; Samedi 4 juin 2022, c&rsquo;est en vain que j&rsquo;ai attendu le<\/p>\n","protected":false},"author":1,"featured_media":3879,"comment_status":"open","ping_status":"open","sticky":false,"template":"","format":"standard","meta":{"footnotes":""},"categories":[2],"tags":[],"class_list":["post-895","post","type-post","status-publish","format-standard","has-post-thumbnail","hentry","category-infos"],"_links":{"self":[{"href":"https:\/\/usagers-transports.haut-allier.eu\/index.php\/wp-json\/wp\/v2\/posts\/895","targetHints":{"allow":["GET"]}}],"collection":[{"href":"https:\/\/usagers-transports.haut-allier.eu\/index.php\/wp-json\/wp\/v2\/posts"}],"about":[{"href":"https:\/\/usagers-transports.haut-allier.eu\/index.php\/wp-json\/wp\/v2\/types\/post"}],"author":[{"embeddable":true,"href":"https:\/\/usagers-transports.haut-allier.eu\/index.php\/wp-json\/wp\/v2\/users\/1"}],"replies":[{"embeddable":true,"href":"https:\/\/usagers-transports.haut-allier.eu\/index.php\/wp-json\/wp\/v2\/comments?post=895"}],"version-history":[{"count":0,"href":"https:\/\/usagers-transports.haut-allier.eu\/index.php\/wp-json\/wp\/v2\/posts\/895\/revisions"}],"wp:featuredmedia":[{"embeddable":true,"href":"https:\/\/usagers-transports.haut-allier.eu\/index.php\/wp-json\/wp\/v2\/media\/3879"}],"wp:attachment":[{"href":"https:\/\/usagers-transports.haut-allier.eu\/index.php\/wp-json\/wp\/v2\/media?parent=895"}],"wp:term":[{"taxonomy":"category","embeddable":true,"href":"https:\/\/usagers-transports.haut-allier.eu\/index.php\/wp-json\/wp\/v2\/categories?post=895"},{"taxonomy":"post_tag","embeddable":true,"href":"https:\/\/usagers-transports.haut-allier.eu\/index.php\/wp-json\/wp\/v2\/tags?post=895"}],"curies":[{"name":"wp","href":"https:\/\/api.w.org\/{rel}","templated":true}]}}