{"id":896,"date":"2022-06-14T07:50:20","date_gmt":"2022-06-14T05:50:20","guid":{"rendered":"http:\/\/5.45.101.177\/haut-allier\/usagers-transportse\/index.php\/2022\/06\/14\/ligne-aurillac-arvant-le-detail896\/"},"modified":"2022-06-14T07:50:20","modified_gmt":"2022-06-14T05:50:20","slug":"ligne-aurillac-arvant-le-detail896","status":"publish","type":"post","link":"https:\/\/usagers-transports.haut-allier.eu\/index.php\/2022\/06\/14\/ligne-aurillac-arvant-le-detail896\/","title":{"rendered":"Ligne Aurillac Arvant : le d\u00e9tail des travaux de cette ann\u00e9e"},"content":{"rendered":"<p>C&rsquo;est une partie de la ligne du train Aubrac jusqu&rsquo;\u00e0 Neussargues mais quelque chose nous avait chagrin\u00e9 lors de la pr\u00e9sentation par SNCF R\u00e9seau des travaux en Auvergne Rh\u00f4ne Alpes, ainsi que sur sa carte officielle des travaux 2022 <a href=\"https:\/\/usagers-transports.haut-allier.eu\/?les-travaux-et-coupures-en-2022,851\"><em>que nous avons publi\u00e9<\/em><\/a> en f\u00e9vrier, c&rsquo;est le montant qui \u00e9tait attribu\u00e9, 53 M d&rsquo;euros, \u00e0 cette portion de ligne qu&rsquo;il est pr\u00e9vu de couper jusqu&rsquo;au 30 novembre et surtout l&rsquo;absence d&rsquo;explications sur le pourquoi de ces travaux. Aucune pr\u00e9cision, nulle part.<br \/>\n&nbsp;<br \/>\nNous avons donc interrog\u00e9 SNCF et voici la r\u00e9ponse, une r\u00e9ponse \u00ab\u00a0macro\u00a0\u00bb selon ses dires :<br \/>\n&nbsp;<br \/>\n[fond rouge][blanc]<strong>Travaux r\u00e9alis\u00e9s sur la partie Arvant-Aurillac pour 2022:<\/strong>[\/blanc][\/fond rouge]<\/p>\n<p>&#8211; CPER phase 2 :<br \/>\n&nbsp;<br \/>\n<strong>Travaux Voie :<br \/>\n<\/strong><\/p>\n<p>&#8211; En gare de Vic, Lioran, Murat, Massiac et Neussargues (renouvellement rails , traverses et\/ou maintenance)<\/p>\n<p>&#8211; Renouvellement rail  traverse et ballast + mise en longue rail soud\u00e9  en ligne sur environ 11000 m dont le tunnel de Lioran et le viaduc de Lempdes<br \/>\n&nbsp;<br \/>\n<strong>Travaux ouvrages d\u2019art hydrauliques:<br \/>\n<\/strong><\/p>\n<p>&#8211; Entretien des remblais (Passage \u00e0 niveau 172\/173\/174) + Polminhac et St Jacques de Blats<br \/>\n&#8211; R\u00e9fection de l&rsquo;\u00e9tanch\u00e9it\u00e9 et travaux de ma\u00e7onnerie sur 11 ponts rail + tunnel de Lioran<br \/>\n&#8211; Remplacement de 2 tabliers m\u00e9talliques (km 354-355)<br \/>\n&nbsp;<br \/>\n<strong>Travaux ouvrages d&rsquo;art<br \/>\n<\/strong><\/p>\n<p>Certains de ces travaux sont \u00e0 r\u00e9aliser obligatoirement en p\u00e9riode d\u2019\u00e9tiage (travaux d\u2019enrochement, ma\u00e7onnerie, reprise de fondation\u2026) et n\u00e9cessitent de la capacit\u00e9 principalement pour des raison d\u2019approvisionnement de mat\u00e9riaux quasiment impossible autrement que par voie ferr\u00e9e. (repris en rouge)<\/p>\n<p>&#8211; travaux d&rsquo;entretien de la ma\u00e7onnerie sur murs de sout\u00e8nement<br \/>\n&#8211; viaduc de Lampdes<br \/>\n&#8211; enrochements des berges de l&rsquo;Alagnon c\u00f4t\u00e9 gauche de la ligne<br \/>\n&#8211; Pont rail de la Choulou km 356<br \/>\n&#8211; remplacement tablier m\u00e9tallique du viaduc St Martin km 400,648<br \/>\n&#8211; r\u00e9fection du rev\u00eatement anticorrosion du tablier m\u00e9tallique du viaduc de Combanet km 401<br \/>\n&#8211; travaux sur les ouvrages en terre dont d\u00e9broussaillage, purges&#8230; sur plusieurs zones ( paroi de Molompize, tranch\u00e9e de Blesle, tunnel de Chambezon&#8230;)<br \/>\n&nbsp;<br \/>\n<strong>Travaux \u00e9lectriques<br \/>\n<\/strong><\/p>\n<p>&#8211; remplacement de c\u00e2bles aux PN 208-217-223-224-225-231<br \/>\n&#8211; r\u00e9fection des art\u00e8res caniveaux d\u00e9grad\u00e9es (une centaine de zones \u00e0 reprendre)<br \/>\n&#8211; remplacement de c\u00e2bles en gare de Massiac<br \/>\n&nbsp;<br \/>\n <em>La gare de Massiac<\/em><\/p>\n<p><img loading=\"lazy\" decoding=\"async\" class=\" aligncenter size-full wp-image-3881\" src=\"http:\/\/5.45.101.177\/haut-allier\/usagers-transportse\/wp-content\/uploads\/2022\/06\/1024px-gare_de_massiac.jpg\" alt=\"1024px-gare_de_massiac.jpg\" align=\"center\" width=\"1024\" height=\"662\" srcset=\"https:\/\/usagers-transports.haut-allier.eu\/wp-content\/uploads\/2022\/06\/1024px-gare_de_massiac.jpg 1024w, https:\/\/usagers-transports.haut-allier.eu\/wp-content\/uploads\/2022\/06\/1024px-gare_de_massiac-300x194.jpg 300w, https:\/\/usagers-transports.haut-allier.eu\/wp-content\/uploads\/2022\/06\/1024px-gare_de_massiac-768x497.jpg 768w\" sizes=\"auto, (max-width: 1024px) 100vw, 1024px\" \/><\/p>\n","protected":false},"excerpt":{"rendered":"<p>C&rsquo;est une partie de la ligne du train Aubrac jusqu&rsquo;\u00e0 Neussargues mais quelque chose nous avait chagrin\u00e9 lors<\/p>\n","protected":false},"author":1,"featured_media":3880,"comment_status":"open","ping_status":"open","sticky":false,"template":"","format":"standard","meta":{"footnotes":""},"categories":[3],"tags":[],"class_list":["post-896","post","type-post","status-publish","format-standard","has-post-thumbnail","hentry","category-en-train"],"_links":{"self":[{"href":"https:\/\/usagers-transports.haut-allier.eu\/index.php\/wp-json\/wp\/v2\/posts\/896","targetHints":{"allow":["GET"]}}],"collection":[{"href":"https:\/\/usagers-transports.haut-allier.eu\/index.php\/wp-json\/wp\/v2\/posts"}],"about":[{"href":"https:\/\/usagers-transports.haut-allier.eu\/index.php\/wp-json\/wp\/v2\/types\/post"}],"author":[{"embeddable":true,"href":"https:\/\/usagers-transports.haut-allier.eu\/index.php\/wp-json\/wp\/v2\/users\/1"}],"replies":[{"embeddable":true,"href":"https:\/\/usagers-transports.haut-allier.eu\/index.php\/wp-json\/wp\/v2\/comments?post=896"}],"version-history":[{"count":0,"href":"https:\/\/usagers-transports.haut-allier.eu\/index.php\/wp-json\/wp\/v2\/posts\/896\/revisions"}],"wp:featuredmedia":[{"embeddable":true,"href":"https:\/\/usagers-transports.haut-allier.eu\/index.php\/wp-json\/wp\/v2\/media\/3880"}],"wp:attachment":[{"href":"https:\/\/usagers-transports.haut-allier.eu\/index.php\/wp-json\/wp\/v2\/media?parent=896"}],"wp:term":[{"taxonomy":"category","embeddable":true,"href":"https:\/\/usagers-transports.haut-allier.eu\/index.php\/wp-json\/wp\/v2\/categories?post=896"},{"taxonomy":"post_tag","embeddable":true,"href":"https:\/\/usagers-transports.haut-allier.eu\/index.php\/wp-json\/wp\/v2\/tags?post=896"}],"curies":[{"name":"wp","href":"https:\/\/api.w.org\/{rel}","templated":true}]}}