{"id":897,"date":"2022-06-21T09:23:45","date_gmt":"2022-06-21T07:23:45","guid":{"rendered":"http:\/\/5.45.101.177\/haut-allier\/usagers-transportse\/index.php\/2022\/06\/21\/pour-animer-la-ligne-des-cevennes897\/"},"modified":"2022-06-21T09:23:45","modified_gmt":"2022-06-21T07:23:45","slug":"pour-animer-la-ligne-des-cevennes897","status":"publish","type":"post","link":"https:\/\/usagers-transports.haut-allier.eu\/index.php\/2022\/06\/21\/pour-animer-la-ligne-des-cevennes897\/","title":{"rendered":"Pour animer la ligne des C\u00e9vennes cet \u00e9t\u00e9 le festival Les Arches #2 \u00e0 Chamborigaud"},"content":{"rendered":"<p>L&rsquo;association Vive le train c\u00e9venol ! issue de l&rsquo;organisation des 150 ans de la ligne l&rsquo;an dernier, s&rsquo;est donn\u00e9e d\u00e9sormais pour objectif d&rsquo;animer les communes &#8211; gares, notamment par le festival Les Arches programm\u00e9 pour la premi\u00e8re fois \u00e0 Chapeauroux (Loz\u00e8re) &#8211; Le Nouveau Monde (Haute-Loire) en 2021. Elle propose la deuxi\u00e8me \u00e9dition cette ann\u00e9e dans le Gard \u00e0 Chamborigaud le samedi 20 ao\u00fbt. Voici l&rsquo;affiche.<br \/>\n&nbsp;<br \/>\n<img loading=\"lazy\" decoding=\"async\" class=\" aligncenter size-full wp-image-3883\" src=\"http:\/\/5.45.101.177\/haut-allier\/usagers-transportse\/wp-content\/uploads\/2022\/06\/affiche-chambo-06-a3-2200-scaled.jpg\" alt=\"affiche-chambo-06-a3-2200.jpg\" align=\"center\" width=\"1810\" height=\"2560\" srcset=\"https:\/\/usagers-transports.haut-allier.eu\/wp-content\/uploads\/2022\/06\/affiche-chambo-06-a3-2200-scaled.jpg 1810w, https:\/\/usagers-transports.haut-allier.eu\/wp-content\/uploads\/2022\/06\/affiche-chambo-06-a3-2200-212x300.jpg 212w, https:\/\/usagers-transports.haut-allier.eu\/wp-content\/uploads\/2022\/06\/affiche-chambo-06-a3-2200-724x1024.jpg 724w, https:\/\/usagers-transports.haut-allier.eu\/wp-content\/uploads\/2022\/06\/affiche-chambo-06-a3-2200-768x1086.jpg 768w, https:\/\/usagers-transports.haut-allier.eu\/wp-content\/uploads\/2022\/06\/affiche-chambo-06-a3-2200-1086x1536.jpg 1086w, https:\/\/usagers-transports.haut-allier.eu\/wp-content\/uploads\/2022\/06\/affiche-chambo-06-a3-2200-1448x2048.jpg 1448w\" sizes=\"auto, (max-width: 1810px) 100vw, 1810px\" \/><br \/>\n&nbsp;<br \/>\nFinanc\u00e9 enti\u00e8rement par l&rsquo;association, aid\u00e9 pour la partie accueil et infrastructures par la commune de Chamborigaud, sa programmation a \u00e9t\u00e9 confi\u00e9e, comme pour l&rsquo;an dernier, \u00e0 la Compagnie du L\u00e9zard de Mende. Le festival est destin\u00e9 \u00e0 tous et est GRATUIT. C&rsquo;est le groupe festif bien connu des Fr\u00e8res Jacquard, originaires de G\u00e9nolhac, qui cl\u00f4turera la journ\u00e9e. Un programme qui m\u00eale concerts, expos, d\u00e9ambulations musicales, bals trad, contes, spectacle de rue&#8230; le tout en plein air.<br \/>\n&nbsp;<br \/>\nAu Foyer rural, outre les spectacles propos\u00e9s de 10h \u00e0 23h, se tiendra une partie exposition avec l&rsquo;association ARDEC de Villefort et ses photographies relatant l&rsquo;histoire de la ligne ferroviaire, d&rsquo;autres stands associatifs d&rsquo;infos sur la ligne seront l\u00e0 aussi. Autre expo en plein air, sur l&rsquo;artiste local Ren\u00e9 Tadusse, grand ami de Jean Pierre Chabrol sur un autre site o\u00f9 se d\u00e9rouleront quelques spectacles.<br \/>\n&nbsp;<br \/>\nUne buvette, de la restauration sur place avec un food truck et les nombreux \u00e9tablissements gastro du village.<br \/>\n&nbsp;<br \/>\nVoici la programmation en bref r\u00e9partie sur 4 lieux dont celui du fameux viaduc dit de Chamborigaud :<br \/>\n&nbsp;<br \/>\n10h00 VU \u2013 Compagnie Sac\u00e9kripa <\/p>\n<p>11h15 LUDOVIC F\u00dcSCHTELKEIT \u2013 Compagnie Astrotapir <\/p>\n<p>12h00 LOUS BOULEGA\u00cfRES \u2013 Danse traditionnelle <\/p>\n<p>14h30 THE KING OF THE KINGDOM \u2013 LA RECONQU\u00caTE DU POUVOIR \u2013 Compagnie Bruitquicourt <\/p>\n<p>16h00 BATUCADA CQFD \u2013 D\u00e9ambulation <\/p>\n<p>16h30 SEUL EN SC\u00c8NE \u2013 conte d\u2019Olivier de Robert <\/p>\n<p>16h15 CE N\u2019EST PAS COMMODE \u2013 Compagnie \u00e0 Tiroir <\/p>\n<p>17h30 LUDOVIC F\u00dcSCHTELKEIT \u2013 Compagnie Astrotapir <\/p>\n<p>19h00 BATUCADA CQFD <\/p>\n<p>20h00 BAL TRAD pour petits et grands \u2013 Cabre Can <\/p>\n<p>21h30 FR\u00c8RES JACQUARD \u2013 Still Loving Ze Sud <\/p>\n<p>&nbsp;<br \/>\nQue rajouter ? On peut y venir en train puisque SNCF Occitanie Lio y fait exceptionnellement arr\u00eater tous ses trains. Par contre pas de trains apr\u00e8s 21h le soir. Voici les horaires de la journ\u00e9e<br \/>\n&nbsp;<br \/>\n<img loading=\"lazy\" decoding=\"async\" class=\" aligncenter size-full wp-image-3884\" src=\"http:\/\/5.45.101.177\/haut-allier\/usagers-transportse\/wp-content\/uploads\/2022\/06\/capture_d_ecran_2022-06-06_19-32-18.png\" alt=\"capture_d_ecran_2022-06-06_19-32-18.png\" align=\"center\" width=\"714\" height=\"223\" srcset=\"https:\/\/usagers-transports.haut-allier.eu\/wp-content\/uploads\/2022\/06\/capture_d_ecran_2022-06-06_19-32-18.png 714w, https:\/\/usagers-transports.haut-allier.eu\/wp-content\/uploads\/2022\/06\/capture_d_ecran_2022-06-06_19-32-18-300x94.png 300w\" sizes=\"auto, (max-width: 714px) 100vw, 714px\" \/><br \/>\n<img loading=\"lazy\" decoding=\"async\" class=\" aligncenter size-full wp-image-3885\" src=\"http:\/\/5.45.101.177\/haut-allier\/usagers-transportse\/wp-content\/uploads\/2022\/06\/capture_d_ecran_2022-06-13_10-32-36.png\" alt=\"capture_d_ecran_2022-06-13_10-32-36.png\" align=\"center\" width=\"713\" height=\"224\" srcset=\"https:\/\/usagers-transports.haut-allier.eu\/wp-content\/uploads\/2022\/06\/capture_d_ecran_2022-06-13_10-32-36.png 713w, https:\/\/usagers-transports.haut-allier.eu\/wp-content\/uploads\/2022\/06\/capture_d_ecran_2022-06-13_10-32-36-300x94.png 300w\" sizes=\"auto, (max-width: 713px) 100vw, 713px\" \/><br \/>\n&nbsp;<br \/>\nAlors tous le 20 ao\u00fbt \u00e0 Chamborigaud !<br \/>\n&nbsp;<br \/>\nAffiches, d\u00e9pliants \u00e0 t\u00e9l\u00e9charger, et plus d&rsquo;infos sur <a href=\"https:\/\/vivele.traincevenol.eu\/le-festival-des-arches\/\"><em>le nouveau site web de Vive le train C\u00e9venol !<\/em><\/a><br \/>\n&nbsp;<\/p>\n","protected":false},"excerpt":{"rendered":"<p>L&rsquo;association Vive le train c\u00e9venol ! issue de l&rsquo;organisation des 150 ans de la ligne l&rsquo;an dernier, s&rsquo;est<\/p>\n","protected":false},"author":1,"featured_media":3882,"comment_status":"open","ping_status":"open","sticky":false,"template":"","format":"standard","meta":{"footnotes":""},"categories":[2],"tags":[],"class_list":["post-897","post","type-post","status-publish","format-standard","has-post-thumbnail","hentry","category-infos"],"_links":{"self":[{"href":"https:\/\/usagers-transports.haut-allier.eu\/index.php\/wp-json\/wp\/v2\/posts\/897","targetHints":{"allow":["GET"]}}],"collection":[{"href":"https:\/\/usagers-transports.haut-allier.eu\/index.php\/wp-json\/wp\/v2\/posts"}],"about":[{"href":"https:\/\/usagers-transports.haut-allier.eu\/index.php\/wp-json\/wp\/v2\/types\/post"}],"author":[{"embeddable":true,"href":"https:\/\/usagers-transports.haut-allier.eu\/index.php\/wp-json\/wp\/v2\/users\/1"}],"replies":[{"embeddable":true,"href":"https:\/\/usagers-transports.haut-allier.eu\/index.php\/wp-json\/wp\/v2\/comments?post=897"}],"version-history":[{"count":0,"href":"https:\/\/usagers-transports.haut-allier.eu\/index.php\/wp-json\/wp\/v2\/posts\/897\/revisions"}],"wp:featuredmedia":[{"embeddable":true,"href":"https:\/\/usagers-transports.haut-allier.eu\/index.php\/wp-json\/wp\/v2\/media\/3882"}],"wp:attachment":[{"href":"https:\/\/usagers-transports.haut-allier.eu\/index.php\/wp-json\/wp\/v2\/media?parent=897"}],"wp:term":[{"taxonomy":"category","embeddable":true,"href":"https:\/\/usagers-transports.haut-allier.eu\/index.php\/wp-json\/wp\/v2\/categories?post=897"},{"taxonomy":"post_tag","embeddable":true,"href":"https:\/\/usagers-transports.haut-allier.eu\/index.php\/wp-json\/wp\/v2\/tags?post=897"}],"curies":[{"name":"wp","href":"https:\/\/api.w.org\/{rel}","templated":true}]}}