{"id":898,"date":"2022-06-23T15:09:27","date_gmt":"2022-06-23T13:09:27","guid":{"rendered":"http:\/\/5.45.101.177\/haut-allier\/usagers-transportse\/index.php\/2022\/06\/23\/gorges-du-haut-allier-enfin-un898\/"},"modified":"2022-06-23T15:09:27","modified_gmt":"2022-06-23T13:09:27","slug":"gorges-du-haut-allier-enfin-un898","status":"publish","type":"post","link":"https:\/\/usagers-transports.haut-allier.eu\/index.php\/2022\/06\/23\/gorges-du-haut-allier-enfin-un898\/","title":{"rendered":"Gorges du Haut-Allier : enfin un affichage en temps r\u00e9el dans les gares"},"content":{"rendered":"<p>Il y a douze ans nous <a href=\"https:\/\/alleyras-capitale.info\/?002-train-cevenol-sauvons-la-gare-d\"><em>demandions d\u00e9j\u00e0 un panneau de d\u00e9parts et d&rsquo;arriv\u00e9es \u00e9lectronique<\/em><\/a> pour les gares des gorges du haut Allier, au vu de l&rsquo;affichage papier en permanence incomplet, inexistant ou erratique, un affichage en temps r\u00e9el. Tant et si bien que nous d\u00fbmes pendant plusieurs ann\u00e9es \u00e9diter et afficher nous-m\u00eame les horaires !<br \/>\n&nbsp;<br \/>\nM\u00eame encore aujourd&rsquo;hui en 2022 le tableau des horaires \u00e0 jour, ceux d\u00e9butant \u00e0 la reprise apr\u00e8s travaux, ne sont pas affich\u00e9s et l&rsquo;usager doit se d\u00e9brouiller avec ses propres moyens, t\u00e9l\u00e9phone de gare ou smartphone.<br \/>\n&nbsp;<br \/>\n<em>Photo prise le 21 juin en gare d&rsquo;Alleyras soit 5 jours apr\u00e8s la reprise de la ligne interrompue 3 mois pour travaux<\/em><br \/>\n<img loading=\"lazy\" decoding=\"async\" class=\" aligncenter size-full wp-image-3887\" src=\"http:\/\/5.45.101.177\/haut-allier\/usagers-transportse\/wp-content\/uploads\/2022\/06\/2000-img_20220619_130005_891.jpg\" alt=\"2000-img_20220619_130005_891.jpg\" align=\"center\" width=\"1840\" height=\"2000\" srcset=\"https:\/\/usagers-transports.haut-allier.eu\/wp-content\/uploads\/2022\/06\/2000-img_20220619_130005_891.jpg 1840w, https:\/\/usagers-transports.haut-allier.eu\/wp-content\/uploads\/2022\/06\/2000-img_20220619_130005_891-276x300.jpg 276w, https:\/\/usagers-transports.haut-allier.eu\/wp-content\/uploads\/2022\/06\/2000-img_20220619_130005_891-942x1024.jpg 942w, https:\/\/usagers-transports.haut-allier.eu\/wp-content\/uploads\/2022\/06\/2000-img_20220619_130005_891-768x835.jpg 768w, https:\/\/usagers-transports.haut-allier.eu\/wp-content\/uploads\/2022\/06\/2000-img_20220619_130005_891-1413x1536.jpg 1413w\" sizes=\"auto, (max-width: 1840px) 100vw, 1840px\" \/><br \/>\n<img loading=\"lazy\" decoding=\"async\" class=\" aligncenter size-full wp-image-3888\" src=\"http:\/\/5.45.101.177\/haut-allier\/usagers-transportse\/wp-content\/uploads\/2022\/06\/zoom-img_20220619_130005_891.jpg\" alt=\"zoom-img_20220619_130005_891.jpg\" align=\"center\" width=\"1298\" height=\"464\" srcset=\"https:\/\/usagers-transports.haut-allier.eu\/wp-content\/uploads\/2022\/06\/zoom-img_20220619_130005_891.jpg 1298w, https:\/\/usagers-transports.haut-allier.eu\/wp-content\/uploads\/2022\/06\/zoom-img_20220619_130005_891-300x107.jpg 300w, https:\/\/usagers-transports.haut-allier.eu\/wp-content\/uploads\/2022\/06\/zoom-img_20220619_130005_891-1024x366.jpg 1024w, https:\/\/usagers-transports.haut-allier.eu\/wp-content\/uploads\/2022\/06\/zoom-img_20220619_130005_891-768x275.jpg 768w\" sizes=\"auto, (max-width: 1298px) 100vw, 1298px\" \/><br \/>\n&nbsp;<br \/>\n<em>Par contre les scandaleuses consignes et avertissements de verbalisation sont bien toujours l\u00e0 !<\/em><br \/>\n<img loading=\"lazy\" decoding=\"async\" class=\" aligncenter size-full wp-image-3889\" src=\"http:\/\/5.45.101.177\/haut-allier\/usagers-transportse\/wp-content\/uploads\/2022\/06\/2000-img_20220619_130013_370.jpg\" alt=\"2000-img_20220619_130013_370.jpg\" align=\"center\" width=\"1283\" height=\"2000\" srcset=\"https:\/\/usagers-transports.haut-allier.eu\/wp-content\/uploads\/2022\/06\/2000-img_20220619_130013_370.jpg 1283w, https:\/\/usagers-transports.haut-allier.eu\/wp-content\/uploads\/2022\/06\/2000-img_20220619_130013_370-192x300.jpg 192w, https:\/\/usagers-transports.haut-allier.eu\/wp-content\/uploads\/2022\/06\/2000-img_20220619_130013_370-657x1024.jpg 657w, https:\/\/usagers-transports.haut-allier.eu\/wp-content\/uploads\/2022\/06\/2000-img_20220619_130013_370-768x1197.jpg 768w, https:\/\/usagers-transports.haut-allier.eu\/wp-content\/uploads\/2022\/06\/2000-img_20220619_130013_370-985x1536.jpg 985w\" sizes=\"auto, (max-width: 1283px) 100vw, 1283px\" \/><br \/>\n&nbsp;<br \/>\nEt bien tout vient \u00e0 point puisque, 12 ans apr\u00e8s, l&rsquo;\u00e9quipement tant attendu arrive : les techniciens SNCF sont en train d&rsquo;installer les \u00e9crans d&rsquo;information gare de Monistrol d&rsquo;Allier, ils devraient \u00eatre op\u00e9rationnel en fin de journ\u00e9e, puis viendra le tour de la gare d&rsquo;Alleyras la semaine du 27 juin puis celle de Paulhaguet la semaine suivante. Ouf.<br \/>\n&nbsp;<br \/>\n<img loading=\"lazy\" decoding=\"async\" class=\" aligncenter size-full wp-image-3890\" src=\"http:\/\/5.45.101.177\/haut-allier\/usagers-transportse\/wp-content\/uploads\/2022\/06\/2000-img_20220623_115358_328.jpg\" alt=\"2000-img_20220623_115358_328.jpg\" align=\"center\" width=\"2000\" height=\"1125\" srcset=\"https:\/\/usagers-transports.haut-allier.eu\/wp-content\/uploads\/2022\/06\/2000-img_20220623_115358_328.jpg 2000w, https:\/\/usagers-transports.haut-allier.eu\/wp-content\/uploads\/2022\/06\/2000-img_20220623_115358_328-300x169.jpg 300w, https:\/\/usagers-transports.haut-allier.eu\/wp-content\/uploads\/2022\/06\/2000-img_20220623_115358_328-1024x576.jpg 1024w, https:\/\/usagers-transports.haut-allier.eu\/wp-content\/uploads\/2022\/06\/2000-img_20220623_115358_328-768x432.jpg 768w, https:\/\/usagers-transports.haut-allier.eu\/wp-content\/uploads\/2022\/06\/2000-img_20220623_115358_328-1536x864.jpg 1536w\" sizes=\"auto, (max-width: 2000px) 100vw, 2000px\" \/><br \/>\n<img loading=\"lazy\" decoding=\"async\" class=\" aligncenter size-full wp-image-3891\" src=\"http:\/\/5.45.101.177\/haut-allier\/usagers-transportse\/wp-content\/uploads\/2022\/06\/2000-img_20220623_115428_584.jpg\" alt=\"2000-img_20220623_115428_584.jpg\" align=\"center\" width=\"2000\" height=\"1125\" srcset=\"https:\/\/usagers-transports.haut-allier.eu\/wp-content\/uploads\/2022\/06\/2000-img_20220623_115428_584.jpg 2000w, https:\/\/usagers-transports.haut-allier.eu\/wp-content\/uploads\/2022\/06\/2000-img_20220623_115428_584-300x169.jpg 300w, https:\/\/usagers-transports.haut-allier.eu\/wp-content\/uploads\/2022\/06\/2000-img_20220623_115428_584-1024x576.jpg 1024w, https:\/\/usagers-transports.haut-allier.eu\/wp-content\/uploads\/2022\/06\/2000-img_20220623_115428_584-768x432.jpg 768w, https:\/\/usagers-transports.haut-allier.eu\/wp-content\/uploads\/2022\/06\/2000-img_20220623_115428_584-1536x864.jpg 1536w\" sizes=\"auto, (max-width: 2000px) 100vw, 2000px\" \/><br \/>\n<img loading=\"lazy\" decoding=\"async\" class=\" aligncenter size-full wp-image-3892\" src=\"http:\/\/5.45.101.177\/haut-allier\/usagers-transportse\/wp-content\/uploads\/2022\/06\/2000-img_20220623_115853_306.jpg\" alt=\"2000-img_20220623_115853_306.jpg\" align=\"center\" width=\"2000\" height=\"1125\" srcset=\"https:\/\/usagers-transports.haut-allier.eu\/wp-content\/uploads\/2022\/06\/2000-img_20220623_115853_306.jpg 2000w, https:\/\/usagers-transports.haut-allier.eu\/wp-content\/uploads\/2022\/06\/2000-img_20220623_115853_306-300x169.jpg 300w, https:\/\/usagers-transports.haut-allier.eu\/wp-content\/uploads\/2022\/06\/2000-img_20220623_115853_306-1024x576.jpg 1024w, https:\/\/usagers-transports.haut-allier.eu\/wp-content\/uploads\/2022\/06\/2000-img_20220623_115853_306-768x432.jpg 768w, https:\/\/usagers-transports.haut-allier.eu\/wp-content\/uploads\/2022\/06\/2000-img_20220623_115853_306-1536x864.jpg 1536w\" sizes=\"auto, (max-width: 2000px) 100vw, 2000px\" \/><br \/>\n&nbsp;<br \/>\nLes gares de Saint-Georges d&rsquo;Aurac, Langeac, Langogne, Luc et La Bastide Puylaurent \u00e9tant d\u00e9j\u00e0 \u00e9quip\u00e9es, seule reste la gare de Chapeauroux.<br \/>\n&nbsp;<\/p>\n","protected":false},"excerpt":{"rendered":"<p>Il y a douze ans nous demandions d\u00e9j\u00e0 un panneau de d\u00e9parts et d&rsquo;arriv\u00e9es \u00e9lectronique pour les gares<\/p>\n","protected":false},"author":1,"featured_media":3886,"comment_status":"open","ping_status":"open","sticky":false,"template":"","format":"standard","meta":{"footnotes":""},"categories":[3],"tags":[],"class_list":["post-898","post","type-post","status-publish","format-standard","has-post-thumbnail","hentry","category-en-train"],"_links":{"self":[{"href":"https:\/\/usagers-transports.haut-allier.eu\/index.php\/wp-json\/wp\/v2\/posts\/898","targetHints":{"allow":["GET"]}}],"collection":[{"href":"https:\/\/usagers-transports.haut-allier.eu\/index.php\/wp-json\/wp\/v2\/posts"}],"about":[{"href":"https:\/\/usagers-transports.haut-allier.eu\/index.php\/wp-json\/wp\/v2\/types\/post"}],"author":[{"embeddable":true,"href":"https:\/\/usagers-transports.haut-allier.eu\/index.php\/wp-json\/wp\/v2\/users\/1"}],"replies":[{"embeddable":true,"href":"https:\/\/usagers-transports.haut-allier.eu\/index.php\/wp-json\/wp\/v2\/comments?post=898"}],"version-history":[{"count":0,"href":"https:\/\/usagers-transports.haut-allier.eu\/index.php\/wp-json\/wp\/v2\/posts\/898\/revisions"}],"wp:featuredmedia":[{"embeddable":true,"href":"https:\/\/usagers-transports.haut-allier.eu\/index.php\/wp-json\/wp\/v2\/media\/3886"}],"wp:attachment":[{"href":"https:\/\/usagers-transports.haut-allier.eu\/index.php\/wp-json\/wp\/v2\/media?parent=898"}],"wp:term":[{"taxonomy":"category","embeddable":true,"href":"https:\/\/usagers-transports.haut-allier.eu\/index.php\/wp-json\/wp\/v2\/categories?post=898"},{"taxonomy":"post_tag","embeddable":true,"href":"https:\/\/usagers-transports.haut-allier.eu\/index.php\/wp-json\/wp\/v2\/tags?post=898"}],"curies":[{"name":"wp","href":"https:\/\/api.w.org\/{rel}","templated":true}]}}