{"id":899,"date":"2022-06-28T14:55:37","date_gmt":"2022-06-28T12:55:37","guid":{"rendered":"http:\/\/5.45.101.177\/haut-allier\/usagers-transportse\/index.php\/2022\/06\/28\/tournee-sur-le-h-lozerien-depuis899\/"},"modified":"2022-06-28T14:55:37","modified_gmt":"2022-06-28T12:55:37","slug":"tournee-sur-le-h-lozerien-depuis899","status":"publish","type":"post","link":"https:\/\/usagers-transports.haut-allier.eu\/index.php\/2022\/06\/28\/tournee-sur-le-h-lozerien-depuis899\/","title":{"rendered":"Tourn\u00e9e sur le \u00ab\u00a0H\u00a0\u00bb Loz\u00e9rien depuis le littoral vendredi 1er juillet pour 5 euros !"},"content":{"rendered":"<p>La r\u00e9gion Occitanie et LIO organisent ce vendredi 1er juillet un grand circuit ferroviaire \u00e0 travers les C\u00e9vennes et les Causses, <strong>pour seulement 5 euros<\/strong>. Et ce en pr\u00e9sence du Vice-pr\u00e9sident de la r\u00e9gion Occitanie charg\u00e9 des Mobilit\u00e9s, Jean-Luc Gibelin. Les groupes de d\u00e9fense d&rsquo;usagers seront l\u00e0 aussi, nous autres y compris.<br \/>\n&nbsp;<br \/>\n[fond rouge][blanc]<strong>Le parcours et les horaires :<br \/>\n<\/strong>[\/blanc][\/fond rouge]<br \/>\n&nbsp;<br \/>\n\u2022 12h15 : d\u00e9part de la gare de N\u00eemes \u00e0 bord du liO Train N\u00b0 877716<br \/>\n\u2022 15h28 : arriv\u00e9e en gare de Mende<br \/>\n\u2022 16h13 : d\u00e9part de la gare de Mende \u00e0 bord du liO Train N\u00b0 878984<br \/>\n\u2022 17h : arriv\u00e9e en gare de Marvejols<br \/>\n\u2022 17h05 : d\u00e9part de la gare de Marvejols \u00e0 bord du liO Train N\u00b0 878959<br \/>\n\u2022 20h19 : arriv\u00e9e en gare de B\u00e9ziers<br \/>\n\u2022 20h25 : d\u00e9part de la gare de B\u00e9ziers \u00e0 bord du liO Train N\u00b0 86996<br \/>\n\u2022 21h45 : arriv\u00e9e en gare de N\u00eemes<br \/>\n&nbsp;<br \/>\n[fond rouge][blanc]<strong>Prenez votre billet sur<br \/>\n<\/strong>[\/blanc][\/fond rouge]<\/p>\n<p><a href=\"https:\/\/m.ter.sncf.com\/occitanie\/tarifs-cartes\/tournee-ferroviaire-causses-cevennes\">https:\/\/m.ter.sncf.com\/occitanie\/tarifs-cartes\/tournee-ferroviaire-causses-cevennes<\/a><br \/>\n&nbsp;<br \/>\n<img loading=\"lazy\" decoding=\"async\" class=\" aligncenter size-full wp-image-3894\" src=\"http:\/\/5.45.101.177\/haut-allier\/usagers-transportse\/wp-content\/uploads\/2022\/06\/screenshot-m.ter_.sncf_.com-2022.06.28-14_57_44.jpg\" alt=\"screenshot-m.ter.sncf.com-2022.06.28-14_57_44.jpg\" align=\"center\" width=\"1203\" height=\"514\" srcset=\"https:\/\/usagers-transports.haut-allier.eu\/wp-content\/uploads\/2022\/06\/screenshot-m.ter_.sncf_.com-2022.06.28-14_57_44.jpg 1203w, https:\/\/usagers-transports.haut-allier.eu\/wp-content\/uploads\/2022\/06\/screenshot-m.ter_.sncf_.com-2022.06.28-14_57_44-300x128.jpg 300w, https:\/\/usagers-transports.haut-allier.eu\/wp-content\/uploads\/2022\/06\/screenshot-m.ter_.sncf_.com-2022.06.28-14_57_44-1024x438.jpg 1024w, https:\/\/usagers-transports.haut-allier.eu\/wp-content\/uploads\/2022\/06\/screenshot-m.ter_.sncf_.com-2022.06.28-14_57_44-768x328.jpg 768w\" sizes=\"auto, (max-width: 1203px) 100vw, 1203px\" \/><br \/>\n&nbsp;<br \/>\nLa photo d&rsquo;illustration sur le site LIO est celle du viaduc de Chapeauroux, vous n&rsquo;y passerez pas.<br \/>\n&nbsp;<br \/>\n<img loading=\"lazy\" decoding=\"async\" class=\" aligncenter size-full wp-image-3895\" src=\"http:\/\/5.45.101.177\/haut-allier\/usagers-transportse\/wp-content\/uploads\/2022\/06\/carte_reseau_dt_occitanie.jpg\" alt=\"carte_reseau_dt_occitanie.jpg\" align=\"center\" width=\"1124\" height=\"1308\" srcset=\"https:\/\/usagers-transports.haut-allier.eu\/wp-content\/uploads\/2022\/06\/carte_reseau_dt_occitanie.jpg 1124w, https:\/\/usagers-transports.haut-allier.eu\/wp-content\/uploads\/2022\/06\/carte_reseau_dt_occitanie-258x300.jpg 258w, https:\/\/usagers-transports.haut-allier.eu\/wp-content\/uploads\/2022\/06\/carte_reseau_dt_occitanie-880x1024.jpg 880w, https:\/\/usagers-transports.haut-allier.eu\/wp-content\/uploads\/2022\/06\/carte_reseau_dt_occitanie-768x894.jpg 768w\" sizes=\"auto, (max-width: 1124px) 100vw, 1124px\" \/><\/p>\n","protected":false},"excerpt":{"rendered":"<p>La r\u00e9gion Occitanie et LIO organisent ce vendredi 1er juillet un grand circuit ferroviaire \u00e0 travers les C\u00e9vennes<\/p>\n","protected":false},"author":1,"featured_media":3893,"comment_status":"open","ping_status":"open","sticky":false,"template":"","format":"standard","meta":{"footnotes":""},"categories":[2],"tags":[],"class_list":["post-899","post","type-post","status-publish","format-standard","has-post-thumbnail","hentry","category-infos"],"_links":{"self":[{"href":"https:\/\/usagers-transports.haut-allier.eu\/index.php\/wp-json\/wp\/v2\/posts\/899","targetHints":{"allow":["GET"]}}],"collection":[{"href":"https:\/\/usagers-transports.haut-allier.eu\/index.php\/wp-json\/wp\/v2\/posts"}],"about":[{"href":"https:\/\/usagers-transports.haut-allier.eu\/index.php\/wp-json\/wp\/v2\/types\/post"}],"author":[{"embeddable":true,"href":"https:\/\/usagers-transports.haut-allier.eu\/index.php\/wp-json\/wp\/v2\/users\/1"}],"replies":[{"embeddable":true,"href":"https:\/\/usagers-transports.haut-allier.eu\/index.php\/wp-json\/wp\/v2\/comments?post=899"}],"version-history":[{"count":0,"href":"https:\/\/usagers-transports.haut-allier.eu\/index.php\/wp-json\/wp\/v2\/posts\/899\/revisions"}],"wp:featuredmedia":[{"embeddable":true,"href":"https:\/\/usagers-transports.haut-allier.eu\/index.php\/wp-json\/wp\/v2\/media\/3893"}],"wp:attachment":[{"href":"https:\/\/usagers-transports.haut-allier.eu\/index.php\/wp-json\/wp\/v2\/media?parent=899"}],"wp:term":[{"taxonomy":"category","embeddable":true,"href":"https:\/\/usagers-transports.haut-allier.eu\/index.php\/wp-json\/wp\/v2\/categories?post=899"},{"taxonomy":"post_tag","embeddable":true,"href":"https:\/\/usagers-transports.haut-allier.eu\/index.php\/wp-json\/wp\/v2\/tags?post=899"}],"curies":[{"name":"wp","href":"https:\/\/api.w.org\/{rel}","templated":true}]}}