{"id":9,"date":"2012-10-31T07:05:00","date_gmt":"2012-10-31T06:05:00","guid":{"rendered":"http:\/\/5.45.101.177\/haut-allier\/usagers-transportse\/index.php\/2012\/10\/31\/demantelement-du-train-cevenol-le009\/"},"modified":"2012-10-31T07:05:00","modified_gmt":"2012-10-31T06:05:00","slug":"demantelement-du-train-cevenol-le009","status":"publish","type":"post","link":"https:\/\/usagers-transports.haut-allier.eu\/index.php\/2012\/10\/31\/demantelement-du-train-cevenol-le009\/","title":{"rendered":"D\u00e9mant\u00e8lement du train C\u00e9venol : le pr\u00e9sident d&rsquo; Auvergne interpelle la SNCF et l&rsquo;Etat. P\u00e9py persiste. Le pr\u00e9sident de PACA r\u00e9agit. Le ministre va r\u00e9pondre [MAJ]"},"content":{"rendered":"<p>Article du 4 octobre : <br \/>Le pr\u00e9sident de la SNCF Monsieur P\u00e9py, en poste depuis 2008, n&rsquo;aura eu de cesse pour arriver \u00e0 ses fins de supprimer les trains de montagne dits non rentables, en catimini, en douce, en essayant de ne pas provoquer trop de vagues, en n&rsquo;en parlant jamais sur les m\u00e9dias, pour pr\u00e9parer la privatisation de son \u00e9tablissement public de transports et ainsi offrir aux futurs actionnaires les plus values permanentes et croissantes qu&rsquo;ils ne manqueront pas d&rsquo;exiger. C&rsquo;est ainsi que, (&hellip;)<\/p>\n","protected":false},"excerpt":{"rendered":"<p>Article du 4 octobre : Le pr\u00e9sident de la SNCF Monsieur P\u00e9py, en poste depuis 2008, n&rsquo;aura eu<\/p>\n","protected":false},"author":1,"featured_media":0,"comment_status":"closed","ping_status":"open","sticky":false,"template":"","format":"standard","meta":{"footnotes":""},"categories":[2],"tags":[],"class_list":["post-9","post","type-post","status-publish","format-standard","hentry","category-infos"],"_links":{"self":[{"href":"https:\/\/usagers-transports.haut-allier.eu\/index.php\/wp-json\/wp\/v2\/posts\/9","targetHints":{"allow":["GET"]}}],"collection":[{"href":"https:\/\/usagers-transports.haut-allier.eu\/index.php\/wp-json\/wp\/v2\/posts"}],"about":[{"href":"https:\/\/usagers-transports.haut-allier.eu\/index.php\/wp-json\/wp\/v2\/types\/post"}],"author":[{"embeddable":true,"href":"https:\/\/usagers-transports.haut-allier.eu\/index.php\/wp-json\/wp\/v2\/users\/1"}],"replies":[{"embeddable":true,"href":"https:\/\/usagers-transports.haut-allier.eu\/index.php\/wp-json\/wp\/v2\/comments?post=9"}],"version-history":[{"count":0,"href":"https:\/\/usagers-transports.haut-allier.eu\/index.php\/wp-json\/wp\/v2\/posts\/9\/revisions"}],"wp:attachment":[{"href":"https:\/\/usagers-transports.haut-allier.eu\/index.php\/wp-json\/wp\/v2\/media?parent=9"}],"wp:term":[{"taxonomy":"category","embeddable":true,"href":"https:\/\/usagers-transports.haut-allier.eu\/index.php\/wp-json\/wp\/v2\/categories?post=9"},{"taxonomy":"post_tag","embeddable":true,"href":"https:\/\/usagers-transports.haut-allier.eu\/index.php\/wp-json\/wp\/v2\/tags?post=9"}],"curies":[{"name":"wp","href":"https:\/\/api.w.org\/{rel}","templated":true}]}}