{"id":90,"date":"2013-11-17T19:57:39","date_gmt":"2013-11-17T18:57:39","guid":{"rendered":"http:\/\/5.45.101.177\/haut-allier\/usagers-transportse\/index.php\/2013\/11\/17\/ardeche-et-gard-marche-pour-la090\/"},"modified":"2026-09-01T15:53:14","modified_gmt":"2026-09-01T13:53:14","slug":"ardeche-et-gard-marche-pour-la090","status":"publish","type":"post","link":"https:\/\/usagers-transports.haut-allier.eu\/index.php\/2013\/11\/17\/ardeche-et-gard-marche-pour-la090\/","title":{"rendered":"Ard\u00e8che et Gard : marche pour la ligne TER rive droite du Rh\u00f4ne"},"content":{"rendered":"L&rsquo;association <a href=\"http:\/\/www.assoter.fr\/\">TER Rive droite<\/a> et les \u00e9lus du Gard et de l&rsquo;Ard\u00e8che ont manifest\u00e9 ce dimanche 17 novembre 2013 pour demander la cr\u00e9ation ou plut\u00f4t la rouverture de la ligne SNCF \/ RFF de la rive droite du Rh\u00f4ne aux voyageurs avec la cr\u00e9ation d&rsquo;une douzaine de gares. Les \u00e9tudes de faisabilit\u00e9 ont d\u00e9j\u00e0 \u00e9t\u00e9 men\u00e9es par RFF mais rien ne bouge depuis 2010 !\n&nbsp;\nRetranscription int\u00e9grale du sujet de France 3 Languedoc Roussillon du 17\/11 :\n&nbsp;\n\n<a href=\"IMG\/avi\/f3-lr-17nov2013-marche-ter-rive-droite-rhone-par-usagers-ht-allier.avi\">f3-lr-17nov2013-marche-ter-rive-droite-rhone-par-usagers-ht-allier.avi<\/a>\n\n[( \nIls ont manifest\u00e9 et march\u00e9\u00a0esp\u00e9rant attirer l&rsquo;attention sur leur demande\u00a0: des citoyens d&rsquo;Ard\u00e8che et du Gard qui r\u00e9clament la cr\u00e9ation d&rsquo;une ligne TER entre Valence et N\u00eemes. Sur place.\n&nbsp;\nIls \u00e9taient une centaine ce matin devant la gare de Pont Saint-Esprit dans le Gard. Juste un rassemblement, le pr\u00e9fet ayant interdit leur projet de marche citoyenne. Une manifestation \u00e0 l&rsquo;appel de l&rsquo;association TER Rive Droite qui milite depuis plusieurs ann\u00e9es pour le retour de trains sur une ligne allant de Valence \u00e0 N\u00eemes et Avignon. \n&nbsp;\nLaurette Bastaroli, Pr\u00e9sidente association TER rive droite :\n<strong>\u00ab\u00a0Nous demandons qu&rsquo;enfin un comit\u00e9 de pilotage  qui r\u00e9unisse les d\u00e9cideurs, ce qu&rsquo;on appelle les d\u00e9cideurs c&rsquo;est les trois r\u00e9gions concern\u00e9es\u00a0: Rh\u00f4ne-Alpes, Languedoc Roussillon, PACA, avec RFF et la SNCF de fa\u00e7on \u00e0 ce que autour d&rsquo;une table ce comit\u00e9 de pilotage d\u00e9cide de la suite \u00e0 donner aux \u00e9tudes qui ont \u00e9t\u00e9 lanc\u00e9es et valid\u00e9es et budget\u00e9es.\u00a0\u00bb<\/strong>\n&nbsp;\n1 million a d\u00e9j\u00e0 \u00e9t\u00e9 engag\u00e9 pour l&rsquo;\u00e9tude de faisabilit\u00e9 r\u00e9alis\u00e9e par RFF, une \u00e9tude qui en 2010 tablait sur potentiel de 2600 voyageurs par jour et la recr\u00e9ation de 12 gares. Depuis, rien n&rsquo;a avanc\u00e9, trois r\u00e9gions et quatre d\u00e9partements sont concern\u00e9s, notamment l&rsquo;Ard\u00e8che. Le collectif ard\u00e9chois avait lui, organis\u00e9 une marche de 10 kms reliant Le Teil \u00e0 Viviers. Des actions soutenues par de nombreux \u00e9lus locaux.\n&nbsp;\nFran\u00e7ois Louvet, maire de Viviers :\n<strong>\u00ab\u00a0Nous on veut rouvrir cette voie sur la rive droite du Rh\u00f4ne et on a r\u00e9serv\u00e9 des emplacements pour faire une halte ferroviaire de chaque c\u00f4t\u00e9. On est d\u00e9j\u00e0&#8230; le travail est d\u00e9j\u00e0 commenc\u00e9 \u00e0 la fois par les \u00e9lus, \u00e0 la fois par les militants\u00a0; parce que c&rsquo;est&#8230; c&rsquo;est un projet qui nous tient \u00e0 c\u0153ur.\u00a0\u00bb<\/strong>\n&nbsp;\nL&rsquo;avenir proche dira si les \u00e9lus des trois r\u00e9gions ont entendu l&rsquo;appel d&rsquo; aujourd\u2019hui mais d&rsquo;autres manifestations sont d&rsquo;ores et d\u00e9j\u00e0 envisag\u00e9es.\n\n)]\n\n<p>&nbsp;<\/p>\n\n\t<figure class=\"wp-block-gallery columns-2 is-cropped wp-block-gallery-1 is-layout-flex wp-block-gallery-is-layout-flex\">\n\t\t<ul class=\"blocks-gallery-grid\">\n\t\t\t<li class=\"blocks-gallery-item\">\n\t\t\t\t<figure>\n\t\t\t\t\t\t\t\t\t\t\t<img loading=\"lazy\" decoding=\"async\" width=\"512\" height=\"288\" src=\"http:\/\/5.45.101.177\/haut-allier\/usagers-transportse\/wp-content\/uploads\/2013\/11\/vlcsnap-2013-11-17-20h01m01s193.jpg\"\n\t\t\t\t\t\t alt=\"vlcsnap-2013-11-17-20h01m01s193.jpg\"\n\t\t\t\t\t\t data-id=\"1513\"\n\t\t\t\t\t\t data-full-url=\"http:\/\/5.45.101.177\/haut-allier\/usagers-transportse\/wp-content\/uploads\/2013\/11\/vlcsnap-2013-11-17-20h01m01s193.jpg\"\n\t\t\t\t\t\t data-link=\"http:\/\/5.45.101.177\/haut-allier\/usagers-transportse\/attachment-vlcsnap-2013-11-17-20h01m01s193-jpg\/\"\n\t\t\t\t\t\t class=\"wp-image-1513\" srcset=\"https:\/\/usagers-transports.haut-allier.eu\/wp-content\/uploads\/2013\/11\/vlcsnap-2013-11-17-20h01m01s193.jpg 512w, https:\/\/usagers-transports.haut-allier.eu\/wp-content\/uploads\/2013\/11\/vlcsnap-2013-11-17-20h01m01s193-300x169.jpg 300w\" sizes=\"auto, (max-width: 512px) 100vw, 512px\" \/>\n\t\t\t\t<\/figure>\n\t\t\t<\/li>\n\t\t\t<li class=\"blocks-gallery-item\">\n\t\t\t\t<figure>\n\t\t\t\t\t\t\t\t\t\t\t<img loading=\"lazy\" decoding=\"async\" width=\"500\" height=\"281\" src=\"http:\/\/5.45.101.177\/haut-allier\/usagers-transportse\/wp-content\/uploads\/2013\/11\/vlcsnap-2013-11-17-20h01m01s193-a3fb5.jpg\"\n\t\t\t\t\t\t alt=\"vlcsnap-2013-11-17-20h01m01s193-a3fb5.jpg\"\n\t\t\t\t\t\t data-id=\"1514\"\n\t\t\t\t\t\t data-full-url=\"http:\/\/5.45.101.177\/haut-allier\/usagers-transportse\/wp-content\/uploads\/2013\/11\/vlcsnap-2013-11-17-20h01m01s193-a3fb5.jpg\"\n\t\t\t\t\t\t data-link=\"http:\/\/5.45.101.177\/haut-allier\/usagers-transportse\/attachment-vlcsnap-2013-11-17-20h01m01s193-a3fb5-jpg\/\"\n\t\t\t\t\t\t class=\"wp-image-1514\" srcset=\"https:\/\/usagers-transports.haut-allier.eu\/wp-content\/uploads\/2013\/11\/vlcsnap-2013-11-17-20h01m01s193-a3fb5.jpg 500w, https:\/\/usagers-transports.haut-allier.eu\/wp-content\/uploads\/2013\/11\/vlcsnap-2013-11-17-20h01m01s193-a3fb5-300x169.jpg 300w\" sizes=\"auto, (max-width: 500px) 100vw, 500px\" \/>\n\t\t\t\t<\/figure>\n\t\t\t<\/li>\n\t\t<\/ul>\n\t<\/figure>\n","protected":false},"excerpt":{"rendered":"<p>L&rsquo;association TER Rive droite et les \u00e9lus du Gard et de l&rsquo;Ard\u00e8che ont manifest\u00e9 ce dimanche 17 novembre<\/p>\n","protected":false},"author":1,"featured_media":1512,"comment_status":"closed","ping_status":"open","sticky":false,"template":"","format":"standard","meta":{"footnotes":""},"categories":[2],"tags":[],"class_list":["post-90","post","type-post","status-publish","format-standard","has-post-thumbnail","hentry","category-infos"],"_links":{"self":[{"href":"https:\/\/usagers-transports.haut-allier.eu\/index.php\/wp-json\/wp\/v2\/posts\/90","targetHints":{"allow":["GET"]}}],"collection":[{"href":"https:\/\/usagers-transports.haut-allier.eu\/index.php\/wp-json\/wp\/v2\/posts"}],"about":[{"href":"https:\/\/usagers-transports.haut-allier.eu\/index.php\/wp-json\/wp\/v2\/types\/post"}],"author":[{"embeddable":true,"href":"https:\/\/usagers-transports.haut-allier.eu\/index.php\/wp-json\/wp\/v2\/users\/1"}],"replies":[{"embeddable":true,"href":"https:\/\/usagers-transports.haut-allier.eu\/index.php\/wp-json\/wp\/v2\/comments?post=90"}],"version-history":[{"count":1,"href":"https:\/\/usagers-transports.haut-allier.eu\/index.php\/wp-json\/wp\/v2\/posts\/90\/revisions"}],"predecessor-version":[{"id":1515,"href":"https:\/\/usagers-transports.haut-allier.eu\/index.php\/wp-json\/wp\/v2\/posts\/90\/revisions\/1515"}],"wp:featuredmedia":[{"embeddable":true,"href":"https:\/\/usagers-transports.haut-allier.eu\/index.php\/wp-json\/wp\/v2\/media\/1512"}],"wp:attachment":[{"href":"https:\/\/usagers-transports.haut-allier.eu\/index.php\/wp-json\/wp\/v2\/media?parent=90"}],"wp:term":[{"taxonomy":"category","embeddable":true,"href":"https:\/\/usagers-transports.haut-allier.eu\/index.php\/wp-json\/wp\/v2\/categories?post=90"},{"taxonomy":"post_tag","embeddable":true,"href":"https:\/\/usagers-transports.haut-allier.eu\/index.php\/wp-json\/wp\/v2\/tags?post=90"}],"curies":[{"name":"wp","href":"https:\/\/api.w.org\/{rel}","templated":true}]}}