{"id":900,"date":"2022-06-28T16:54:45","date_gmt":"2022-06-28T14:54:45","guid":{"rendered":"http:\/\/5.45.101.177\/haut-allier\/usagers-transportse\/index.php\/2022\/06\/28\/ligne-des-cevennes-sncf-reseau900\/"},"modified":"2022-06-28T16:54:45","modified_gmt":"2022-06-28T14:54:45","slug":"ligne-des-cevennes-sncf-reseau900","status":"publish","type":"post","link":"https:\/\/usagers-transports.haut-allier.eu\/index.php\/2022\/06\/28\/ligne-des-cevennes-sncf-reseau900\/","title":{"rendered":"Ligne des C\u00e9vennes : SNCF R\u00e9seau pr\u00e9cise les travaux \u00e0 venir pour 2023. Mais apr\u00e8s ?"},"content":{"rendered":"<p>Mais apr\u00e8s c&rsquo;est la grande inconnue.<br \/>\n&nbsp;<br \/>\nA notre demande SNCF R\u00e9seau et la R\u00e9gion Auvergne Rh\u00f4ne Alpes nous ont donn\u00e9 les pr\u00e9cisions qu&rsquo;il manquait \u00e0 la carte des travaux publi\u00e9 par SNCF R\u00e9seau relat\u00e9e dans <a href=\"http:\/\/usagers-transports.haut-allier.eu\/?les-travaux-et-coupures-en-2022,851\"><em>notre article de f\u00e9vrier<\/em><\/a> concernant ceux effectu\u00e9s cette ann\u00e9e :<br \/>\n&nbsp;<br \/>\n<strong>2022 : coupure du 28\/03 au 17\/06 &#8211; Financement CPER Brioude &#8211; Le Puy -Langogne<\/strong><br \/>\n&nbsp;<br \/>\nNature des travaux :<br \/>\n&nbsp;<br \/>\n&#8211; Entre Brioude et St Georges : renouvellement de plus de 9000 m\u00e8tres lin\u00e9aire de rail et environ 1500 traverses + remplacement de rails ponctuels pour suppression de d\u00e9fauts + remplacement de c\u00e2bles + confortement de 3 ponts route avec reprise de ma\u00e7onnerie.<br \/>\n&#8211; entre St Georges et Langogne : travaux voie avec remplacement de traverses.<br \/>\n&nbsp;<br \/>\n[rouge]Notre inqui\u00e9tude : aucun travaux sur la voie elle-m\u00eame cette ann\u00e9e en tous cas entre Alleyras et Monistrol d&rsquo;Allier, pourtant une des parties les plus sensibles de la ligne. Le renouvellement voie traverses ballast est tr\u00e8s loin d&rsquo;\u00eatre r\u00e9alis\u00e9.[\/rouge]<br \/>\n&nbsp;<br \/>\n<strong>2023 : coupure du 13\/03 au 09\/06 &#8211; Financement CPER St Georges &#8211; Langogne<\/strong><br \/>\n&nbsp;<br \/>\nNature des travaux :<br \/>\n&nbsp;<br \/>\n&#8211; Remplacement d\u2019environ 6000 traverses bois entre Langeac et Monistrol.<br \/>\n&#8211; Remplacement de 2500 m\u00e8tres lin\u00e9aire de rail.<br \/>\n&#8211; R\u00e9fection de ma\u00e7onnerie sur 2 murs de sout\u00e8nement entre Langeac et Langogne.<br \/>\n&nbsp;<br \/>\n[rouge]Toujours rien de pr\u00e9vu sur la voie entre Monistrol et Alleyras puis entre Alleyras et Chapeauroux o\u00f9 la vitesse est r\u00e9duite \u00e0 40 km\/h. De plus en plus inqui\u00e9tant.[\/rouge]<br \/>\n&nbsp;<br \/>\n<strong>2024 : coupure du 12\/02 au 24\/05 &#8211; Financement CPER St Georges &#8211; Langeac (sous r\u00e9serve de financement)<br \/>\n<\/strong><br \/>\n&nbsp;<br \/>\nEt l\u00e0 c&rsquo;est le grand point d&rsquo;interrogation sachant que les deux r\u00e9gions Occitanie et Auvergne Rh\u00f4ne Alpes sont en attente de <a href=\"http:\/\/usagers-transports.haut-allier.eu\/?lignes-des-trains-cevenol-et,811\"><em>l&rsquo;\u00e9tude CEREMA &#8211; Agro Paris Tech<\/em><\/a> sur les lignes des C\u00e9vennes et de l&rsquo;Aubrac qui devait leur \u00eatre remise en d\u00e9cembre et qui ne l&rsquo;est toujours pas !<br \/>\n&nbsp;<br \/>\n[rouge]<strong>Pour le moment nous ne sommes pas optimistes au vu des sommes allou\u00e9es par l&rsquo;\u00e9tat concernant la maintenance de nos lignes class\u00e9es UIC 7 \u00e0 9, budget \u00e9gal \u00e0 ZERO. Les r\u00e9gions auront elles les reins assez solides ? Nous connaissons d\u00e9j\u00e0 la r\u00e9ponse de la r\u00e9gion AuRA.<\/strong>[\/rouge]<br \/>\n&nbsp;<br \/>\nEt voici la carte des seules lignes ferroviaires dont SNCF R\u00e9seau peut assurer la maintenance au vu du budget tr\u00e8s insuffisant allou\u00e9 par l&rsquo;\u00e9tat fran\u00e7ais. Il ne s&rsquo;agit que des lignes class\u00e9es UIC 1 \u00e0 4. Toutes nos lignes du Massif central sont class\u00e9es 5 \u00e0 9. C&rsquo;est le r\u00e9sultat du \u00ab\u00a0Contrat de performance\u00a0\u00bb Etat \/ SNCF R\u00e9seau sign\u00e9 en catimini pendant les \u00e9lections, le 8 avril dernier : 2,8 milliards d&rsquo;euros annuels alors que 3,7 millards sont n\u00e9cessaires d&rsquo;apr\u00e8s le pr\u00e9sident SNCF Jean-Pierre Farandou. Le Massif central sera le grand perdant, une nouvelle fois.<br \/>\n&nbsp;<br \/>\n<img loading=\"lazy\" decoding=\"async\" class=\" aligncenter size-full wp-image-3897\" src=\"http:\/\/5.45.101.177\/haut-allier\/usagers-transportse\/wp-content\/uploads\/2022\/06\/fwv42o5waaevfwc.jpg\" alt=\"fwv42o5waaevfwc.jpg\" align=\"center\" width=\"996\" height=\"1420\" srcset=\"https:\/\/usagers-transports.haut-allier.eu\/wp-content\/uploads\/2022\/06\/fwv42o5waaevfwc.jpg 996w, https:\/\/usagers-transports.haut-allier.eu\/wp-content\/uploads\/2022\/06\/fwv42o5waaevfwc-210x300.jpg 210w, https:\/\/usagers-transports.haut-allier.eu\/wp-content\/uploads\/2022\/06\/fwv42o5waaevfwc-718x1024.jpg 718w, https:\/\/usagers-transports.haut-allier.eu\/wp-content\/uploads\/2022\/06\/fwv42o5waaevfwc-768x1095.jpg 768w\" sizes=\"auto, (max-width: 996px) 100vw, 996px\" \/><br \/>\n&nbsp;<\/p>\n","protected":false},"excerpt":{"rendered":"<p>Mais apr\u00e8s c&rsquo;est la grande inconnue. &nbsp; A notre demande SNCF R\u00e9seau et la R\u00e9gion Auvergne Rh\u00f4ne Alpes<\/p>\n","protected":false},"author":1,"featured_media":3896,"comment_status":"open","ping_status":"open","sticky":false,"template":"","format":"standard","meta":{"footnotes":""},"categories":[3],"tags":[],"class_list":["post-900","post","type-post","status-publish","format-standard","has-post-thumbnail","hentry","category-en-train"],"_links":{"self":[{"href":"https:\/\/usagers-transports.haut-allier.eu\/index.php\/wp-json\/wp\/v2\/posts\/900","targetHints":{"allow":["GET"]}}],"collection":[{"href":"https:\/\/usagers-transports.haut-allier.eu\/index.php\/wp-json\/wp\/v2\/posts"}],"about":[{"href":"https:\/\/usagers-transports.haut-allier.eu\/index.php\/wp-json\/wp\/v2\/types\/post"}],"author":[{"embeddable":true,"href":"https:\/\/usagers-transports.haut-allier.eu\/index.php\/wp-json\/wp\/v2\/users\/1"}],"replies":[{"embeddable":true,"href":"https:\/\/usagers-transports.haut-allier.eu\/index.php\/wp-json\/wp\/v2\/comments?post=900"}],"version-history":[{"count":0,"href":"https:\/\/usagers-transports.haut-allier.eu\/index.php\/wp-json\/wp\/v2\/posts\/900\/revisions"}],"wp:featuredmedia":[{"embeddable":true,"href":"https:\/\/usagers-transports.haut-allier.eu\/index.php\/wp-json\/wp\/v2\/media\/3896"}],"wp:attachment":[{"href":"https:\/\/usagers-transports.haut-allier.eu\/index.php\/wp-json\/wp\/v2\/media?parent=900"}],"wp:term":[{"taxonomy":"category","embeddable":true,"href":"https:\/\/usagers-transports.haut-allier.eu\/index.php\/wp-json\/wp\/v2\/categories?post=900"},{"taxonomy":"post_tag","embeddable":true,"href":"https:\/\/usagers-transports.haut-allier.eu\/index.php\/wp-json\/wp\/v2\/tags?post=900"}],"curies":[{"name":"wp","href":"https:\/\/api.w.org\/{rel}","templated":true}]}}