{"id":901,"date":"2022-07-01T08:01:26","date_gmt":"2022-07-01T06:01:26","guid":{"rendered":"http:\/\/5.45.101.177\/haut-allier\/usagers-transportse\/index.php\/2022\/07\/01\/rive-droite-du-rhone-reouverture901\/"},"modified":"2022-07-01T08:01:26","modified_gmt":"2022-07-01T06:01:26","slug":"rive-droite-du-rhone-reouverture901","status":"publish","type":"post","link":"https:\/\/usagers-transports.haut-allier.eu\/index.php\/2022\/07\/01\/rive-droite-du-rhone-reouverture901\/","title":{"rendered":"Rive droite du Rh\u00f4ne : r\u00e9ouverture aux voyageurs le 29 ao\u00fbt"},"content":{"rendered":"<p>Entre Pont St-Esprit et N\u00eemes dans un premier temps. Il faudra voir ce qui est envisag\u00e9 c\u00f4t\u00e9 r\u00e9gion Auvergne Rh\u00f4ne Alpes, plus au nord de la ligne donc. Extrait du communiqu\u00e9 de la r\u00e9gion Occitanie :<br \/>\n&nbsp;<br \/>\n[fond rouge][blanc]<strong>Une victoire pour le territoire, les habitants et les usagers des trains r\u00e9gionaux liO<br \/>\n<\/strong>[\/blanc][\/fond rouge]<br \/>\n&nbsp;<br \/>\nPriorit\u00e9 des \u00c9tats G\u00e9n\u00e9raux du Rail et de l\u2019Intermodalit\u00e9 conduits en 2016 par la r\u00e9gion Occitanie, la ligne de la rive droite du Rh\u00f4ne (82 km et 1h20 de trajet entre N\u00eemes et Pont-Saint-Esprit) rouvrira aux voyageurs \u00e0 compter du lundi 29 ao\u00fbt 2022.<br \/>\n&nbsp;<br \/>\nFruit d\u2019une forte mobilisation conduite par la r\u00e9gion, aux c\u00f4t\u00e9s des acteurs locaux et des usagers, ce projet de r\u00e9ouverture partielle permettra la desserte de gares interm\u00e9diaires au b\u00e9n\u00e9fice de l&rsquo;important bassin de population du territoire qui p\u00e2tit d&rsquo;une offre de mobilit\u00e9 insatisfaisante et d&rsquo;une congestion routi\u00e8re croissante.<br \/>\n&nbsp;<br \/>\nLa r\u00e9gion Occitanie a mobilis\u00e9 \u00e0 ce jour un budget de 12,8 M\u20ac pour la conduite des \u00e9tudes et la r\u00e9alisation des travaux qui ont permis cette r\u00e9ouverture.<br \/>\n&nbsp;<br \/>\n[fond rouge][blanc]<strong>Deux \u00e9v\u00e9nements organis\u00e9s<br \/>\n<\/strong>[\/blanc][\/fond rouge]<br \/>\n&nbsp;<br \/>\nAfin de marquer cette avanc\u00e9e majeure pour le d\u00e9veloppement du transport ferroviaire sur le territoire \u2013 il s\u2019agira de la premi\u00e8re r\u00e9ouverture de ligne en France depuis 2016 \u2013, 2 temps forts sont propos\u00e9s :<br \/>\n&nbsp;<br \/>\n<strong>Lundi 11 juillet apr\u00e8s-midi<\/strong> &#8211; Visite \u00e0 bord du train \u00e0 l\u2019occasion des derni\u00e8res formations des conducteurs entre Avignon et Pont-Saint-Esprit.<br \/>\n&nbsp;<br \/>\n<strong>Dimanche 28 ao\u00fbt<\/strong> &#8211; \u00c0 la veille de la r\u00e9ouverture officielle de la ligne, grand \u00e9v\u00e9nement festif et populaire en partenariat avec les collectivit\u00e9s locales, \u00e0 Bagnols-sur-C\u00e8ze et Pont-Saint-Esprit, et circulation inaugurale de la rame entre Avignon et Pont-Saint-Esprit (aller-retour).<br \/>\n&nbsp;<br \/>\n<img loading=\"lazy\" decoding=\"async\" class=\" aligncenter size-full wp-image-3899\" src=\"http:\/\/5.45.101.177\/haut-allier\/usagers-transportse\/wp-content\/uploads\/2022\/07\/garepse.jpg\" alt=\"garepse.jpg\" align=\"center\" width=\"1500\" height=\"857\" srcset=\"https:\/\/usagers-transports.haut-allier.eu\/wp-content\/uploads\/2022\/07\/garepse.jpg 1500w, https:\/\/usagers-transports.haut-allier.eu\/wp-content\/uploads\/2022\/07\/garepse-300x171.jpg 300w, https:\/\/usagers-transports.haut-allier.eu\/wp-content\/uploads\/2022\/07\/garepse-1024x585.jpg 1024w, https:\/\/usagers-transports.haut-allier.eu\/wp-content\/uploads\/2022\/07\/garepse-768x439.jpg 768w\" sizes=\"auto, (max-width: 1500px) 100vw, 1500px\" \/><\/p>\n","protected":false},"excerpt":{"rendered":"<p>Entre Pont St-Esprit et N\u00eemes dans un premier temps. Il faudra voir ce qui est envisag\u00e9 c\u00f4t\u00e9 r\u00e9gion<\/p>\n","protected":false},"author":1,"featured_media":3898,"comment_status":"open","ping_status":"open","sticky":false,"template":"","format":"standard","meta":{"footnotes":""},"categories":[2],"tags":[],"class_list":["post-901","post","type-post","status-publish","format-standard","has-post-thumbnail","hentry","category-infos"],"_links":{"self":[{"href":"https:\/\/usagers-transports.haut-allier.eu\/index.php\/wp-json\/wp\/v2\/posts\/901","targetHints":{"allow":["GET"]}}],"collection":[{"href":"https:\/\/usagers-transports.haut-allier.eu\/index.php\/wp-json\/wp\/v2\/posts"}],"about":[{"href":"https:\/\/usagers-transports.haut-allier.eu\/index.php\/wp-json\/wp\/v2\/types\/post"}],"author":[{"embeddable":true,"href":"https:\/\/usagers-transports.haut-allier.eu\/index.php\/wp-json\/wp\/v2\/users\/1"}],"replies":[{"embeddable":true,"href":"https:\/\/usagers-transports.haut-allier.eu\/index.php\/wp-json\/wp\/v2\/comments?post=901"}],"version-history":[{"count":0,"href":"https:\/\/usagers-transports.haut-allier.eu\/index.php\/wp-json\/wp\/v2\/posts\/901\/revisions"}],"wp:featuredmedia":[{"embeddable":true,"href":"https:\/\/usagers-transports.haut-allier.eu\/index.php\/wp-json\/wp\/v2\/media\/3898"}],"wp:attachment":[{"href":"https:\/\/usagers-transports.haut-allier.eu\/index.php\/wp-json\/wp\/v2\/media?parent=901"}],"wp:term":[{"taxonomy":"category","embeddable":true,"href":"https:\/\/usagers-transports.haut-allier.eu\/index.php\/wp-json\/wp\/v2\/categories?post=901"},{"taxonomy":"post_tag","embeddable":true,"href":"https:\/\/usagers-transports.haut-allier.eu\/index.php\/wp-json\/wp\/v2\/tags?post=901"}],"curies":[{"name":"wp","href":"https:\/\/api.w.org\/{rel}","templated":true}]}}