{"id":902,"date":"2022-07-02T11:05:34","date_gmt":"2022-07-02T09:05:34","guid":{"rendered":"http:\/\/5.45.101.177\/haut-allier\/usagers-transportse\/index.php\/2022\/07\/02\/lignes-des-cevennes-et-des-causses902\/"},"modified":"2022-07-02T11:05:34","modified_gmt":"2022-07-02T09:05:34","slug":"lignes-des-cevennes-et-des-causses902","status":"publish","type":"post","link":"https:\/\/usagers-transports.haut-allier.eu\/index.php\/2022\/07\/02\/lignes-des-cevennes-et-des-causses902\/","title":{"rendered":"Lignes des C\u00e9vennes et des Causses : leur avenir selon la r\u00e9gion Occitanie"},"content":{"rendered":"<p>Entretien exclusif de 18 minutes avec Jean-Claude Gibelin, Vice-pr\u00e9sident charg\u00e9 des mobilit\u00e9s, sur le futur des lignes de moyenne montagne, l&rsquo;afflux de v\u00e9los dans les trains et les solutions propos\u00e9es, le budget tr\u00e8s insuffisant accord\u00e9 r\u00e9cemment par l&rsquo;Etat pour p\u00e9renniser l&rsquo;entretien des \u00ab\u00a0petites\u00a0\u00bb lignes.<br \/>\n&nbsp;<br \/>\n<iframe loading=\"lazy\" width=\"560\" height=\"315\" src=\"https:\/\/www.youtube.com\/embed\/atTgeaieHwo\" title=\"YouTube video player\" frameborder=\"0\" allow=\"accelerometer; autoplay; clipboard-write; encrypted-media; gyroscope; picture-in-picture\" allowfullscreen><\/iframe><br \/>\n&nbsp;<br \/>\n[fond rouge][blanc]Quelques images de la \u00ab\u00a0Tourn\u00e9e C\u00e9vennes Causses\u00a0\u00bb initi\u00e9e par la r\u00e9gion : [\/blanc][\/fond rouge]<br \/>\n&nbsp;<br \/>\nNous en faisions partie, pour notre part uniquement sur le H loz\u00e9rien, avec les amis du Comit\u00e9 de d\u00e9fense des services publics des Hautes C\u00e9vennes, de l&rsquo;association des Usagers SNCF du Gard et des d\u00e9partements limitrophes et du Comit\u00e9 Pluraliste pour la sauvegarde de la ligne B\u00e9ziers Neussargues.<br \/>\n&nbsp;<br \/>\nL&rsquo;arriv\u00e9e du train venant de N\u00eemes gare de La Bastide Puylaurent (Loz\u00e8re)<br \/>\n&nbsp;<br \/>\n<a href=\"http:\/\/5.45.101.177\/haut-allier\/usagers-transportse\/wp-content\/uploads\/2022\/07\/vid_20220701_141302.mp4\">vid_20220701_141302.mp4<\/a><br \/>\n&nbsp;<br \/>\nL&rsquo;arr\u00eat en gare de Mende, nouvellement r\u00e9nov\u00e9e, ainsi que ses voies &#8211; traverses &#8211; ballast.<br \/>\n&nbsp;<br \/>\n<img loading=\"lazy\" decoding=\"async\" class=\" aligncenter size-full wp-image-3902\" src=\"http:\/\/5.45.101.177\/haut-allier\/usagers-transportse\/wp-content\/uploads\/2022\/07\/1500-img_20220701_153226_912.jpg\" alt=\"1500-img_20220701_153226_912.jpg\" align=\"center\" width=\"1500\" height=\"843\" srcset=\"https:\/\/usagers-transports.haut-allier.eu\/wp-content\/uploads\/2022\/07\/1500-img_20220701_153226_912.jpg 1500w, https:\/\/usagers-transports.haut-allier.eu\/wp-content\/uploads\/2022\/07\/1500-img_20220701_153226_912-300x169.jpg 300w, https:\/\/usagers-transports.haut-allier.eu\/wp-content\/uploads\/2022\/07\/1500-img_20220701_153226_912-1024x575.jpg 1024w, https:\/\/usagers-transports.haut-allier.eu\/wp-content\/uploads\/2022\/07\/1500-img_20220701_153226_912-768x432.jpg 768w\" sizes=\"auto, (max-width: 1500px) 100vw, 1500px\" \/><br \/>\n<img loading=\"lazy\" decoding=\"async\" class=\" aligncenter size-full wp-image-3903\" src=\"http:\/\/5.45.101.177\/haut-allier\/usagers-transportse\/wp-content\/uploads\/2022\/07\/1500-img_20220701_154045_035.jpg\" alt=\"1500-img_20220701_154045_035.jpg\" align=\"center\" width=\"1500\" height=\"843\" srcset=\"https:\/\/usagers-transports.haut-allier.eu\/wp-content\/uploads\/2022\/07\/1500-img_20220701_154045_035.jpg 1500w, https:\/\/usagers-transports.haut-allier.eu\/wp-content\/uploads\/2022\/07\/1500-img_20220701_154045_035-300x169.jpg 300w, https:\/\/usagers-transports.haut-allier.eu\/wp-content\/uploads\/2022\/07\/1500-img_20220701_154045_035-1024x575.jpg 1024w, https:\/\/usagers-transports.haut-allier.eu\/wp-content\/uploads\/2022\/07\/1500-img_20220701_154045_035-768x432.jpg 768w\" sizes=\"auto, (max-width: 1500px) 100vw, 1500px\" \/><br \/>\n<img loading=\"lazy\" decoding=\"async\" class=\" aligncenter size-full wp-image-3904\" src=\"http:\/\/5.45.101.177\/haut-allier\/usagers-transportse\/wp-content\/uploads\/2022\/07\/1500-img_20220701_155054_818.jpg\" alt=\"1500-img_20220701_155054_818.jpg\" align=\"center\" width=\"1500\" height=\"843\" srcset=\"https:\/\/usagers-transports.haut-allier.eu\/wp-content\/uploads\/2022\/07\/1500-img_20220701_155054_818.jpg 1500w, https:\/\/usagers-transports.haut-allier.eu\/wp-content\/uploads\/2022\/07\/1500-img_20220701_155054_818-300x169.jpg 300w, https:\/\/usagers-transports.haut-allier.eu\/wp-content\/uploads\/2022\/07\/1500-img_20220701_155054_818-1024x575.jpg 1024w, https:\/\/usagers-transports.haut-allier.eu\/wp-content\/uploads\/2022\/07\/1500-img_20220701_155054_818-768x432.jpg 768w\" sizes=\"auto, (max-width: 1500px) 100vw, 1500px\" \/><br \/>\n<img loading=\"lazy\" decoding=\"async\" class=\" aligncenter size-full wp-image-3905\" src=\"http:\/\/5.45.101.177\/haut-allier\/usagers-transportse\/wp-content\/uploads\/2022\/07\/1500-img_20220701_155501_469.jpg\" alt=\"1500-img_20220701_155501_469.jpg\" align=\"center\" width=\"1500\" height=\"843\" srcset=\"https:\/\/usagers-transports.haut-allier.eu\/wp-content\/uploads\/2022\/07\/1500-img_20220701_155501_469.jpg 1500w, https:\/\/usagers-transports.haut-allier.eu\/wp-content\/uploads\/2022\/07\/1500-img_20220701_155501_469-300x169.jpg 300w, https:\/\/usagers-transports.haut-allier.eu\/wp-content\/uploads\/2022\/07\/1500-img_20220701_155501_469-1024x575.jpg 1024w, https:\/\/usagers-transports.haut-allier.eu\/wp-content\/uploads\/2022\/07\/1500-img_20220701_155501_469-768x432.jpg 768w\" sizes=\"auto, (max-width: 1500px) 100vw, 1500px\" \/><br \/>\n<img loading=\"lazy\" decoding=\"async\" class=\" aligncenter size-full wp-image-3906\" src=\"http:\/\/5.45.101.177\/haut-allier\/usagers-transportse\/wp-content\/uploads\/2022\/07\/1500-img_20220701_155314_691.jpg\" alt=\"1500-img_20220701_155314_691.jpg\" align=\"center\" width=\"1500\" height=\"843\" srcset=\"https:\/\/usagers-transports.haut-allier.eu\/wp-content\/uploads\/2022\/07\/1500-img_20220701_155314_691.jpg 1500w, https:\/\/usagers-transports.haut-allier.eu\/wp-content\/uploads\/2022\/07\/1500-img_20220701_155314_691-300x169.jpg 300w, https:\/\/usagers-transports.haut-allier.eu\/wp-content\/uploads\/2022\/07\/1500-img_20220701_155314_691-1024x575.jpg 1024w, https:\/\/usagers-transports.haut-allier.eu\/wp-content\/uploads\/2022\/07\/1500-img_20220701_155314_691-768x432.jpg 768w\" sizes=\"auto, (max-width: 1500px) 100vw, 1500px\" \/><br \/>\n<img loading=\"lazy\" decoding=\"async\" class=\" aligncenter size-full wp-image-3907\" src=\"http:\/\/5.45.101.177\/haut-allier\/usagers-transportse\/wp-content\/uploads\/2022\/07\/1500-img_20220701_155253_248.jpg\" alt=\"1500-img_20220701_155253_248.jpg\" align=\"center\" width=\"1500\" height=\"843\" srcset=\"https:\/\/usagers-transports.haut-allier.eu\/wp-content\/uploads\/2022\/07\/1500-img_20220701_155253_248.jpg 1500w, https:\/\/usagers-transports.haut-allier.eu\/wp-content\/uploads\/2022\/07\/1500-img_20220701_155253_248-300x169.jpg 300w, https:\/\/usagers-transports.haut-allier.eu\/wp-content\/uploads\/2022\/07\/1500-img_20220701_155253_248-1024x575.jpg 1024w, https:\/\/usagers-transports.haut-allier.eu\/wp-content\/uploads\/2022\/07\/1500-img_20220701_155253_248-768x432.jpg 768w\" sizes=\"auto, (max-width: 1500px) 100vw, 1500px\" \/><\/p>\n<p>&nbsp;<br \/>\nLa sortie des voyageurs du H Loz\u00e9rien vers la ligne des Causses, gare de Marvejols avec changement de train.<br \/>\n&nbsp;<br \/>\n<a href=\"http:\/\/5.45.101.177\/haut-allier\/usagers-transportse\/wp-content\/uploads\/2022\/07\/vid_20220701_170419.mp4\">vid_20220701_170419.mp4<\/a><br \/>\n&nbsp;<br \/>\n<img loading=\"lazy\" decoding=\"async\" class=\" aligncenter size-full wp-image-3909\" src=\"http:\/\/5.45.101.177\/haut-allier\/usagers-transportse\/wp-content\/uploads\/2022\/07\/1400-img_20220701_170325_676.jpg\" alt=\"1400-img_20220701_170325_676.jpg\" align=\"center\" width=\"1400\" height=\"787\" srcset=\"https:\/\/usagers-transports.haut-allier.eu\/wp-content\/uploads\/2022\/07\/1400-img_20220701_170325_676.jpg 1400w, https:\/\/usagers-transports.haut-allier.eu\/wp-content\/uploads\/2022\/07\/1400-img_20220701_170325_676-300x169.jpg 300w, https:\/\/usagers-transports.haut-allier.eu\/wp-content\/uploads\/2022\/07\/1400-img_20220701_170325_676-1024x576.jpg 1024w, https:\/\/usagers-transports.haut-allier.eu\/wp-content\/uploads\/2022\/07\/1400-img_20220701_170325_676-768x432.jpg 768w\" sizes=\"auto, (max-width: 1400px) 100vw, 1400px\" \/><br \/>\n<em>Le distributeur de boissons&#8230; vide.<\/em><br \/>\n<img loading=\"lazy\" decoding=\"async\" class=\" aligncenter size-full wp-image-3910\" src=\"http:\/\/5.45.101.177\/haut-allier\/usagers-transportse\/wp-content\/uploads\/2022\/07\/1400-img_20220701_170705_600.jpg\" alt=\"1400-img_20220701_170705_600.jpg\" align=\"center\" width=\"787\" height=\"1400\" srcset=\"https:\/\/usagers-transports.haut-allier.eu\/wp-content\/uploads\/2022\/07\/1400-img_20220701_170705_600.jpg 787w, https:\/\/usagers-transports.haut-allier.eu\/wp-content\/uploads\/2022\/07\/1400-img_20220701_170705_600-169x300.jpg 169w, https:\/\/usagers-transports.haut-allier.eu\/wp-content\/uploads\/2022\/07\/1400-img_20220701_170705_600-576x1024.jpg 576w, https:\/\/usagers-transports.haut-allier.eu\/wp-content\/uploads\/2022\/07\/1400-img_20220701_170705_600-768x1366.jpg 768w\" sizes=\"auto, (max-width: 787px) 100vw, 787px\" \/><br \/>\n<img loading=\"lazy\" decoding=\"async\" class=\" aligncenter size-full wp-image-3911\" src=\"http:\/\/5.45.101.177\/haut-allier\/usagers-transportse\/wp-content\/uploads\/2022\/07\/1400-img_20220701_170721_980.jpg\" alt=\"1400-img_20220701_170721_980.jpg\" align=\"center\" width=\"1400\" height=\"787\" srcset=\"https:\/\/usagers-transports.haut-allier.eu\/wp-content\/uploads\/2022\/07\/1400-img_20220701_170721_980.jpg 1400w, https:\/\/usagers-transports.haut-allier.eu\/wp-content\/uploads\/2022\/07\/1400-img_20220701_170721_980-300x169.jpg 300w, https:\/\/usagers-transports.haut-allier.eu\/wp-content\/uploads\/2022\/07\/1400-img_20220701_170721_980-1024x576.jpg 1024w, https:\/\/usagers-transports.haut-allier.eu\/wp-content\/uploads\/2022\/07\/1400-img_20220701_170721_980-768x432.jpg 768w\" sizes=\"auto, (max-width: 1400px) 100vw, 1400px\" \/><br \/>\n<img loading=\"lazy\" decoding=\"async\" class=\" aligncenter size-full wp-image-3912\" src=\"http:\/\/5.45.101.177\/haut-allier\/usagers-transportse\/wp-content\/uploads\/2022\/07\/1400-img_20220701_170728_506.jpg\" alt=\"1400-img_20220701_170728_506.jpg\" align=\"center\" width=\"1400\" height=\"787\" srcset=\"https:\/\/usagers-transports.haut-allier.eu\/wp-content\/uploads\/2022\/07\/1400-img_20220701_170728_506.jpg 1400w, https:\/\/usagers-transports.haut-allier.eu\/wp-content\/uploads\/2022\/07\/1400-img_20220701_170728_506-300x169.jpg 300w, https:\/\/usagers-transports.haut-allier.eu\/wp-content\/uploads\/2022\/07\/1400-img_20220701_170728_506-1024x576.jpg 1024w, https:\/\/usagers-transports.haut-allier.eu\/wp-content\/uploads\/2022\/07\/1400-img_20220701_170728_506-768x432.jpg 768w\" sizes=\"auto, (max-width: 1400px) 100vw, 1400px\" \/><br \/>\n<img loading=\"lazy\" decoding=\"async\" class=\" aligncenter size-full wp-image-3913\" src=\"http:\/\/5.45.101.177\/haut-allier\/usagers-transportse\/wp-content\/uploads\/2022\/07\/1400-img_20220701_170747_605.jpg\" alt=\"1400-img_20220701_170747_605.jpg\" align=\"center\" width=\"1400\" height=\"787\" srcset=\"https:\/\/usagers-transports.haut-allier.eu\/wp-content\/uploads\/2022\/07\/1400-img_20220701_170747_605.jpg 1400w, https:\/\/usagers-transports.haut-allier.eu\/wp-content\/uploads\/2022\/07\/1400-img_20220701_170747_605-300x169.jpg 300w, https:\/\/usagers-transports.haut-allier.eu\/wp-content\/uploads\/2022\/07\/1400-img_20220701_170747_605-1024x576.jpg 1024w, https:\/\/usagers-transports.haut-allier.eu\/wp-content\/uploads\/2022\/07\/1400-img_20220701_170747_605-768x432.jpg 768w\" sizes=\"auto, (max-width: 1400px) 100vw, 1400px\" \/><br \/>\n<img loading=\"lazy\" decoding=\"async\" class=\" aligncenter size-full wp-image-3914\" src=\"http:\/\/5.45.101.177\/haut-allier\/usagers-transportse\/wp-content\/uploads\/2022\/07\/1400-img_20220701_171023_380.jpg\" alt=\"1400-img_20220701_171023_380.jpg\" align=\"center\" width=\"1400\" height=\"787\" srcset=\"https:\/\/usagers-transports.haut-allier.eu\/wp-content\/uploads\/2022\/07\/1400-img_20220701_171023_380.jpg 1400w, https:\/\/usagers-transports.haut-allier.eu\/wp-content\/uploads\/2022\/07\/1400-img_20220701_171023_380-300x169.jpg 300w, https:\/\/usagers-transports.haut-allier.eu\/wp-content\/uploads\/2022\/07\/1400-img_20220701_171023_380-1024x576.jpg 1024w, https:\/\/usagers-transports.haut-allier.eu\/wp-content\/uploads\/2022\/07\/1400-img_20220701_171023_380-768x432.jpg 768w\" sizes=\"auto, (max-width: 1400px) 100vw, 1400px\" \/><br \/>\n<img loading=\"lazy\" decoding=\"async\" class=\" aligncenter size-full wp-image-3915\" src=\"http:\/\/5.45.101.177\/haut-allier\/usagers-transportse\/wp-content\/uploads\/2022\/07\/1400-img_20220701_170827_609.jpg\" alt=\"1400-img_20220701_170827_609.jpg\" align=\"center\" width=\"1400\" height=\"787\" srcset=\"https:\/\/usagers-transports.haut-allier.eu\/wp-content\/uploads\/2022\/07\/1400-img_20220701_170827_609.jpg 1400w, https:\/\/usagers-transports.haut-allier.eu\/wp-content\/uploads\/2022\/07\/1400-img_20220701_170827_609-300x169.jpg 300w, https:\/\/usagers-transports.haut-allier.eu\/wp-content\/uploads\/2022\/07\/1400-img_20220701_170827_609-1024x576.jpg 1024w, https:\/\/usagers-transports.haut-allier.eu\/wp-content\/uploads\/2022\/07\/1400-img_20220701_170827_609-768x432.jpg 768w\" sizes=\"auto, (max-width: 1400px) 100vw, 1400px\" \/><\/p>\n<p><strong>Superbe initiative que cette tourn\u00e9e C\u00e9vennes Causses pour 5 euros. A renouveler autant de fois que vous le voulez puisqu&rsquo;elle se fait avec les trains TER LiO du quotidien. A quand un N\u00eemes &#8211; Clermont Ferrand &#8211; Aurillac &#8211; Toulouse &#8211; Narbonne &#8211; N\u00eemes ?<\/strong><\/p>\n<p>Par contre inutile de chercher \u00e0 prendre un billet sur les sites SNCF pour cette escapade, avec 4 changements de trains, impossible d&rsquo;afficher le parcours. Un scandale que nous d\u00e9non\u00e7ons depuis plusieurs ann\u00e9es maintenant. On peut signer notre <a href=\"https:\/\/www.change.org\/p\/jean-pierre-farandou-jean-baptiste-djebarri-jean-castex-stop-aux-billets-sncf-limit%C3%A9s-%C3%A0-2-changements-imposant-des-trajets-plus-longs-et-plus-chers\"><em>p\u00e9tition<\/em><\/a>. Il faut que les voyageurs en soit plus inform\u00e9s et r\u00e9agissent en cons\u00e9quence.<\/p>\n","protected":false},"excerpt":{"rendered":"<p>Entretien exclusif de 18 minutes avec Jean-Claude Gibelin, Vice-pr\u00e9sident charg\u00e9 des mobilit\u00e9s, sur le futur des lignes de<\/p>\n","protected":false},"author":1,"featured_media":3900,"comment_status":"open","ping_status":"open","sticky":false,"template":"","format":"standard","meta":{"footnotes":""},"categories":[2],"tags":[],"class_list":["post-902","post","type-post","status-publish","format-standard","has-post-thumbnail","hentry","category-infos"],"_links":{"self":[{"href":"https:\/\/usagers-transports.haut-allier.eu\/index.php\/wp-json\/wp\/v2\/posts\/902","targetHints":{"allow":["GET"]}}],"collection":[{"href":"https:\/\/usagers-transports.haut-allier.eu\/index.php\/wp-json\/wp\/v2\/posts"}],"about":[{"href":"https:\/\/usagers-transports.haut-allier.eu\/index.php\/wp-json\/wp\/v2\/types\/post"}],"author":[{"embeddable":true,"href":"https:\/\/usagers-transports.haut-allier.eu\/index.php\/wp-json\/wp\/v2\/users\/1"}],"replies":[{"embeddable":true,"href":"https:\/\/usagers-transports.haut-allier.eu\/index.php\/wp-json\/wp\/v2\/comments?post=902"}],"version-history":[{"count":0,"href":"https:\/\/usagers-transports.haut-allier.eu\/index.php\/wp-json\/wp\/v2\/posts\/902\/revisions"}],"wp:featuredmedia":[{"embeddable":true,"href":"https:\/\/usagers-transports.haut-allier.eu\/index.php\/wp-json\/wp\/v2\/media\/3900"}],"wp:attachment":[{"href":"https:\/\/usagers-transports.haut-allier.eu\/index.php\/wp-json\/wp\/v2\/media?parent=902"}],"wp:term":[{"taxonomy":"category","embeddable":true,"href":"https:\/\/usagers-transports.haut-allier.eu\/index.php\/wp-json\/wp\/v2\/categories?post=902"},{"taxonomy":"post_tag","embeddable":true,"href":"https:\/\/usagers-transports.haut-allier.eu\/index.php\/wp-json\/wp\/v2\/tags?post=902"}],"curies":[{"name":"wp","href":"https:\/\/api.w.org\/{rel}","templated":true}]}}