{"id":904,"date":"2022-07-06T19:40:03","date_gmt":"2022-07-06T17:40:03","guid":{"rendered":"http:\/\/5.45.101.177\/haut-allier\/usagers-transportse\/index.php\/2022\/07\/06\/ligne-des-cevennes-le-train-877952904\/"},"modified":"2022-07-06T19:40:03","modified_gmt":"2022-07-06T17:40:03","slug":"ligne-des-cevennes-le-train-877952904","status":"publish","type":"post","link":"https:\/\/usagers-transports.haut-allier.eu\/index.php\/2022\/07\/06\/ligne-des-cevennes-le-train-877952904\/","title":{"rendered":"Ligne des C\u00e9vennes : le train 877952 n&rsquo;aura plus de correspondances pour Paris \u00e0 partir du 29 ao\u00fbt ?"},"content":{"rendered":"<p>C&rsquo;est ce qu&rsquo;on peut constater actuellement en \u00e9pluchant les horaires sur <a href=\"https:\/\/www.sncf-connect.com\/\"><em>SNCF Connect<\/em><\/a> <strong>\u00e0 partir du lundi 28 ao\u00fbt et jusqu&rsquo;au 11 d\u00e9cembre<\/strong> :<br \/>\n&nbsp;<br \/>\nHoraires du TER LiO 877952 N\u00eemes Clermont-Ferrand (l&rsquo;ancien C\u00e9venol) :<br \/>\n<img loading=\"lazy\" decoding=\"async\" class=\" aligncenter size-full wp-image-3918\" src=\"http:\/\/5.45.101.177\/haut-allier\/usagers-transportse\/wp-content\/uploads\/2022\/07\/screenshot-www.sncf-connect.com-2022.07.06-18_32_49.jpg\" alt=\"screenshot-www.sncf-connect.com-2022.07.06-18_32_49.jpg\" align=\"center\" width=\"700\" height=\"97\" srcset=\"https:\/\/usagers-transports.haut-allier.eu\/wp-content\/uploads\/2022\/07\/screenshot-www.sncf-connect.com-2022.07.06-18_32_49.jpg 700w, https:\/\/usagers-transports.haut-allier.eu\/wp-content\/uploads\/2022\/07\/screenshot-www.sncf-connect.com-2022.07.06-18_32_49-300x42.jpg 300w\" sizes=\"auto, (max-width: 700px) 100vw, 700px\" \/><br \/>\n&nbsp;<br \/>\nHoraires du dernier train Intercit\u00e9s pour Paris Bercy \u00e0 Clermont le 5990 :<br \/>\n<img loading=\"lazy\" decoding=\"async\" class=\" aligncenter size-full wp-image-3919\" src=\"http:\/\/5.45.101.177\/haut-allier\/usagers-transportse\/wp-content\/uploads\/2022\/07\/screenshot-www.sncf-connect.com-2022.07.06-18_30_45.jpg\" alt=\"screenshot-www.sncf-connect.com-2022.07.06-18_30_45.jpg\" align=\"center\" width=\"962\" height=\"398\" srcset=\"https:\/\/usagers-transports.haut-allier.eu\/wp-content\/uploads\/2022\/07\/screenshot-www.sncf-connect.com-2022.07.06-18_30_45.jpg 962w, https:\/\/usagers-transports.haut-allier.eu\/wp-content\/uploads\/2022\/07\/screenshot-www.sncf-connect.com-2022.07.06-18_30_45-300x124.jpg 300w, https:\/\/usagers-transports.haut-allier.eu\/wp-content\/uploads\/2022\/07\/screenshot-www.sncf-connect.com-2022.07.06-18_30_45-768x318.jpg 768w\" sizes=\"auto, (max-width: 962px) 100vw, 962px\" \/><br \/>\n&nbsp;<br \/>\nPour plus de 3 mois donc, et uniquement en semaine apparemment, du lundi au vendredi, le d\u00e9part du dernier Intercit\u00e9s Clermont Paris est avanc\u00e9 de 19h27 horaire normal \u00e0 18h55. Les week-ends resteraient inchang\u00e9s.<br \/>\n&nbsp;<br \/>\n[fond rouge][blanc]<strong>Une solution \u00e0 l&rsquo;\u00e9tude<\/strong>[\/blanc][\/fond rouge]<br \/>\n&nbsp;<br \/>\nContact\u00e9e la SNCF explique que la raison en est des travaux dans la r\u00e9gion parisienne qui impliquent un d\u00e9tournement de l&rsquo;Intercit\u00e9s. Elle nous dit aussi qu&rsquo;elle \u00e9tudie une solution, comme par exemple l&rsquo;avancement du d\u00e9part du train LiO Occitanie 877952 de quelques dizaines de minutes \u00e0 N\u00eemes.<br \/>\n&nbsp;<br \/>\n<strong>Sur les 3 liaisons N\u00eemes &#8211; Clermont quotidiennes il est inconcevable qu&rsquo;une seule puisse assurer la poursuite vers la capitale trois mois durant.<br \/>\n<\/strong><br \/>\n&nbsp;<br \/>\nNous vous tiendrons inform\u00e9s de l&rsquo;\u00e9volution du probl\u00e8me.<br \/>\n&nbsp;<\/p>\n","protected":false},"excerpt":{"rendered":"<p>C&rsquo;est ce qu&rsquo;on peut constater actuellement en \u00e9pluchant les horaires sur SNCF Connect \u00e0 partir du lundi 28<\/p>\n","protected":false},"author":1,"featured_media":3917,"comment_status":"open","ping_status":"open","sticky":false,"template":"","format":"standard","meta":{"footnotes":""},"categories":[2],"tags":[],"class_list":["post-904","post","type-post","status-publish","format-standard","has-post-thumbnail","hentry","category-infos"],"_links":{"self":[{"href":"https:\/\/usagers-transports.haut-allier.eu\/index.php\/wp-json\/wp\/v2\/posts\/904","targetHints":{"allow":["GET"]}}],"collection":[{"href":"https:\/\/usagers-transports.haut-allier.eu\/index.php\/wp-json\/wp\/v2\/posts"}],"about":[{"href":"https:\/\/usagers-transports.haut-allier.eu\/index.php\/wp-json\/wp\/v2\/types\/post"}],"author":[{"embeddable":true,"href":"https:\/\/usagers-transports.haut-allier.eu\/index.php\/wp-json\/wp\/v2\/users\/1"}],"replies":[{"embeddable":true,"href":"https:\/\/usagers-transports.haut-allier.eu\/index.php\/wp-json\/wp\/v2\/comments?post=904"}],"version-history":[{"count":0,"href":"https:\/\/usagers-transports.haut-allier.eu\/index.php\/wp-json\/wp\/v2\/posts\/904\/revisions"}],"wp:featuredmedia":[{"embeddable":true,"href":"https:\/\/usagers-transports.haut-allier.eu\/index.php\/wp-json\/wp\/v2\/media\/3917"}],"wp:attachment":[{"href":"https:\/\/usagers-transports.haut-allier.eu\/index.php\/wp-json\/wp\/v2\/media?parent=904"}],"wp:term":[{"taxonomy":"category","embeddable":true,"href":"https:\/\/usagers-transports.haut-allier.eu\/index.php\/wp-json\/wp\/v2\/categories?post=904"},{"taxonomy":"post_tag","embeddable":true,"href":"https:\/\/usagers-transports.haut-allier.eu\/index.php\/wp-json\/wp\/v2\/tags?post=904"}],"curies":[{"name":"wp","href":"https:\/\/api.w.org\/{rel}","templated":true}]}}