{"id":905,"date":"2022-07-08T12:25:26","date_gmt":"2022-07-08T10:25:26","guid":{"rendered":"http:\/\/5.45.101.177\/haut-allier\/usagers-transportse\/index.php\/2022\/07\/08\/rene-causse-s-en-est-alle905\/"},"modified":"2022-07-08T12:25:26","modified_gmt":"2022-07-08T10:25:26","slug":"rene-causse-s-en-est-alle905","status":"publish","type":"post","link":"https:\/\/usagers-transports.haut-allier.eu\/index.php\/2022\/07\/08\/rene-causse-s-en-est-alle905\/","title":{"rendered":"Ren\u00e9 Causse s&rsquo;en est all\u00e9"},"content":{"rendered":"<p>Nous l&rsquo;avons appris hier lors de notre d\u00e9broussaillage gare de La Bastide Saint-Laurent les Bains : pr\u00e9sident assez r\u00e9cent de l&rsquo;association des Elus pour la d\u00e9fense et la promotion de la ligne du train C\u00e9venol, maire de Pourcharesses (Loz\u00e8re), Ren\u00e9 Causse nous a quitt\u00e9 des suites d&rsquo;une leuc\u00e9mie aigu\u00eb. Ren\u00e9 \u00e9tait toujours bienveillant et tr\u00e8s \u00e0 l&rsquo;\u00e9coute des probl\u00e8mes ferroviaires notamment de la ligne des C\u00e9vennes. Il \u00e9tait \u00e0 l&rsquo;origine de plusieurs initiatives collectives auxquelles nous avons particip\u00e9.<br \/>\n&nbsp;<br \/>\nNous nous permettons de reprendre des extraits de l&rsquo;article de la <a href=\"https:\/\/www.lalozerenouvelle.com\/rene-causse-maire-de-pourcharesses-est-decede\/\"><em>Loz\u00e8re Nouvelle<\/em><\/a> :<br \/>\n&nbsp;<\/p>\n<blockquote class=\"poesie\"><p>\nDans un message transmis \u00e0 son \u00e9pouse avant son d\u00e9c\u00e8s, il \u00e9crit : \u00ab Je pars heureux. J\u2019ai le sentiment d\u2019avoir toujours cherch\u00e9 \u00e0 \u0153uvrer pour le bien de tous. J\u2019ai toujours dit la v\u00e9rit\u00e9 au risque de blesser certains mais je n\u2019avais pas de langue de bois. La vie a une fin. \u00ab Ne pleurez pas de m\u2019avoir perdu, r\u00e9jouissez vous de m\u2019avoir connu \u00bb.<br \/>\n&nbsp;<br \/>\nAncien instituteur, et maire socialiste de Pourcharesses depuis 1996. Il \u00e9tait conseiller communautaire de la Com de Com Mont Loz\u00e8re, pr\u00e9sident du conseil d\u2019exploitation de l\u2019Office de tourisme, r\u00e9f\u00e9rent Parc national des C\u00e9vennes et si\u00e9geait \u00e0 la commission jeunesse. et avait \u00e9t\u00e9 nomm\u00e9 l\u2019an dernier pr\u00e9sident du Pays d\u2019Art et d\u2019Histoire. Il a \u00e9galement \u00e9t\u00e9 membre du conseil d\u2019administration du Parc national des C\u00e9vennes et pr\u00e9sident du Syndicat du Mont-Loz\u00e8re.<br \/>\n&nbsp;<br \/>\n\u00ab C\u2019\u00e9tait un homme de valeurs, bienveillant et \u00e0 l\u2019\u00e9coute des habitants de notre territoire pour lesquels il a toujours \u0153uvr\u00e9 sans rel\u00e2che. Il laissera un vide immense \u00bb, a regrett\u00e9 Sophie Pantel, la pr\u00e9sidente du d\u00e9partement, dans un communiqu\u00e9. Elle poursuit : \u00ab C\u2019\u00e9tait un homme engag\u00e9, un vrai militant de gauche. Avec moi, il a \u00e9t\u00e9 de toutes les campagnes. Son engagement \u00e9tait \u00e9galement palpable \u00e0 travers les dossiers qu\u2019il portait \u00e0 bras-le-corps : le maintien des lignes ferroviaires en tant que pr\u00e9sident de l\u2019Association de d\u00e9fense du C\u00e9venol, la mise en \u0153uvre du P\u00f4le de Pleine Nature, le d\u00e9ploiement des sentiers \u00e0 l\u2019\u00e9chelle du massif du Mont-Loz\u00e8re, la contractualisation avec EDF concernant la pratique des activit\u00e9s agricoles et touristiques autour du lac ou encore le devenir des stations de ski, pour ne citer que ces dossiers-l\u00e0. Il y en a eu tant d\u2019autres. Nous nous comprenions, les \u00e9changes \u00e9taient fluides et cela nous a permis maintes fois de travailler en collaboration, de fa\u00e7on tr\u00e8s compl\u00e9mentaire entre le D\u00e9partement et le Syndicat du Mont-Loz\u00e8re. \u00bb\n<\/p><\/blockquote>\n<p>&nbsp;<br \/>\nLes obs\u00e8ques civiles de Ren\u00e9 Causse auront lieu mardi 12 juillet devant le ch\u00e2teau de Castanet \u00e0 10h et au cr\u00e9matorium de Saint Martin de Valgalgues \u00e0 15h.<\/p>\n","protected":false},"excerpt":{"rendered":"<p>Nous l&rsquo;avons appris hier lors de notre d\u00e9broussaillage gare de La Bastide Saint-Laurent les Bains : pr\u00e9sident assez<\/p>\n","protected":false},"author":1,"featured_media":3920,"comment_status":"open","ping_status":"open","sticky":false,"template":"","format":"standard","meta":{"footnotes":""},"categories":[2],"tags":[],"class_list":["post-905","post","type-post","status-publish","format-standard","has-post-thumbnail","hentry","category-infos"],"_links":{"self":[{"href":"https:\/\/usagers-transports.haut-allier.eu\/index.php\/wp-json\/wp\/v2\/posts\/905","targetHints":{"allow":["GET"]}}],"collection":[{"href":"https:\/\/usagers-transports.haut-allier.eu\/index.php\/wp-json\/wp\/v2\/posts"}],"about":[{"href":"https:\/\/usagers-transports.haut-allier.eu\/index.php\/wp-json\/wp\/v2\/types\/post"}],"author":[{"embeddable":true,"href":"https:\/\/usagers-transports.haut-allier.eu\/index.php\/wp-json\/wp\/v2\/users\/1"}],"replies":[{"embeddable":true,"href":"https:\/\/usagers-transports.haut-allier.eu\/index.php\/wp-json\/wp\/v2\/comments?post=905"}],"version-history":[{"count":0,"href":"https:\/\/usagers-transports.haut-allier.eu\/index.php\/wp-json\/wp\/v2\/posts\/905\/revisions"}],"wp:featuredmedia":[{"embeddable":true,"href":"https:\/\/usagers-transports.haut-allier.eu\/index.php\/wp-json\/wp\/v2\/media\/3920"}],"wp:attachment":[{"href":"https:\/\/usagers-transports.haut-allier.eu\/index.php\/wp-json\/wp\/v2\/media?parent=905"}],"wp:term":[{"taxonomy":"category","embeddable":true,"href":"https:\/\/usagers-transports.haut-allier.eu\/index.php\/wp-json\/wp\/v2\/categories?post=905"},{"taxonomy":"post_tag","embeddable":true,"href":"https:\/\/usagers-transports.haut-allier.eu\/index.php\/wp-json\/wp\/v2\/tags?post=905"}],"curies":[{"name":"wp","href":"https:\/\/api.w.org\/{rel}","templated":true}]}}