{"id":906,"date":"2022-07-08T20:49:07","date_gmt":"2022-07-08T18:49:07","guid":{"rendered":"http:\/\/5.45.101.177\/haut-allier\/usagers-transportse\/index.php\/2022\/07\/08\/ligne-des-cevennes-l-affichage-en906\/"},"modified":"2022-07-08T20:49:07","modified_gmt":"2022-07-08T18:49:07","slug":"ligne-des-cevennes-l-affichage-en906","status":"publish","type":"post","link":"https:\/\/usagers-transports.haut-allier.eu\/index.php\/2022\/07\/08\/ligne-des-cevennes-l-affichage-en906\/","title":{"rendered":"Ligne des C\u00e9vennes : l&rsquo;affichage en temps r\u00e9el de la gare d&rsquo;Alleyras install\u00e9 [MAJ]"},"content":{"rendered":"<p>C\u00f4t\u00e9 Occitanie les gares et haltes en \u00e9taient pourvues depuis longtemps, c\u00f4t\u00e9 Auvergne Rh\u00f4ne Alpes c&rsquo;est en passe de l&rsquo;\u00eatre puisque les installations d&rsquo;Alleyras sont termin\u00e9es. Ne restent plus que Paulhaguet sans doute la semaine prochaine et Chapeauroux dont l&rsquo;\u00e9quipement semble non encore pr\u00e9vu.<br \/>\n&nbsp;<br \/>\nVoici presque minute par minute l&rsquo;installation de ce jour, on en a tr\u00e9pign\u00e9 d&rsquo;impatience :<br \/>\n&nbsp;<br \/>\n<img loading=\"lazy\" decoding=\"async\" class=\" aligncenter size-full wp-image-3922\" src=\"http:\/\/5.45.101.177\/haut-allier\/usagers-transportse\/wp-content\/uploads\/2022\/07\/img_20220708_095909.jpg\" alt=\"img_20220708_095909.jpg\" align=\"center\" width=\"900\" height=\"1200\" srcset=\"https:\/\/usagers-transports.haut-allier.eu\/wp-content\/uploads\/2022\/07\/img_20220708_095909.jpg 900w, https:\/\/usagers-transports.haut-allier.eu\/wp-content\/uploads\/2022\/07\/img_20220708_095909-225x300.jpg 225w, https:\/\/usagers-transports.haut-allier.eu\/wp-content\/uploads\/2022\/07\/img_20220708_095909-768x1024.jpg 768w\" sizes=\"auto, (max-width: 900px) 100vw, 900px\" \/><br \/>\n<img loading=\"lazy\" decoding=\"async\" class=\" aligncenter size-full wp-image-3923\" src=\"http:\/\/5.45.101.177\/haut-allier\/usagers-transportse\/wp-content\/uploads\/2022\/07\/unknown-2.jpg\" alt=\"unknown-2.jpg\" align=\"center\" width=\"1200\" height=\"900\" srcset=\"https:\/\/usagers-transports.haut-allier.eu\/wp-content\/uploads\/2022\/07\/unknown-2.jpg 1200w, https:\/\/usagers-transports.haut-allier.eu\/wp-content\/uploads\/2022\/07\/unknown-2-300x225.jpg 300w, https:\/\/usagers-transports.haut-allier.eu\/wp-content\/uploads\/2022\/07\/unknown-2-1024x768.jpg 1024w, https:\/\/usagers-transports.haut-allier.eu\/wp-content\/uploads\/2022\/07\/unknown-2-768x576.jpg 768w\" sizes=\"auto, (max-width: 1200px) 100vw, 1200px\" \/><br \/>\n<img loading=\"lazy\" decoding=\"async\" class=\" aligncenter size-full wp-image-3924\" src=\"http:\/\/5.45.101.177\/haut-allier\/usagers-transportse\/wp-content\/uploads\/2022\/07\/unknown2.jpg\" alt=\"unknown2.jpg\" align=\"center\" width=\"768\" height=\"1024\" srcset=\"https:\/\/usagers-transports.haut-allier.eu\/wp-content\/uploads\/2022\/07\/unknown2.jpg 768w, https:\/\/usagers-transports.haut-allier.eu\/wp-content\/uploads\/2022\/07\/unknown2-225x300.jpg 225w\" sizes=\"auto, (max-width: 768px) 100vw, 768px\" \/><br \/>\n<img loading=\"lazy\" decoding=\"async\" class=\" aligncenter size-full wp-image-3925\" src=\"http:\/\/5.45.101.177\/haut-allier\/usagers-transportse\/wp-content\/uploads\/2022\/07\/img_20220708_184250_256-scaled.jpg\" alt=\"img_20220708_184250_256.jpg\" align=\"center\" width=\"2560\" height=\"1440\" srcset=\"https:\/\/usagers-transports.haut-allier.eu\/wp-content\/uploads\/2022\/07\/img_20220708_184250_256-scaled.jpg 2560w, https:\/\/usagers-transports.haut-allier.eu\/wp-content\/uploads\/2022\/07\/img_20220708_184250_256-300x169.jpg 300w, https:\/\/usagers-transports.haut-allier.eu\/wp-content\/uploads\/2022\/07\/img_20220708_184250_256-1024x576.jpg 1024w, https:\/\/usagers-transports.haut-allier.eu\/wp-content\/uploads\/2022\/07\/img_20220708_184250_256-768x432.jpg 768w, https:\/\/usagers-transports.haut-allier.eu\/wp-content\/uploads\/2022\/07\/img_20220708_184250_256-1536x864.jpg 1536w, https:\/\/usagers-transports.haut-allier.eu\/wp-content\/uploads\/2022\/07\/img_20220708_184250_256-2048x1152.jpg 2048w\" sizes=\"auto, (max-width: 2560px) 100vw, 2560px\" \/><br \/>\n<img loading=\"lazy\" decoding=\"async\" class=\" aligncenter size-full wp-image-3926\" src=\"http:\/\/5.45.101.177\/haut-allier\/usagers-transportse\/wp-content\/uploads\/2022\/07\/img_20220708_184307_020-scaled.jpg\" alt=\"img_20220708_184307_020.jpg\" align=\"center\" width=\"2560\" height=\"1440\" srcset=\"https:\/\/usagers-transports.haut-allier.eu\/wp-content\/uploads\/2022\/07\/img_20220708_184307_020-scaled.jpg 2560w, https:\/\/usagers-transports.haut-allier.eu\/wp-content\/uploads\/2022\/07\/img_20220708_184307_020-300x169.jpg 300w, https:\/\/usagers-transports.haut-allier.eu\/wp-content\/uploads\/2022\/07\/img_20220708_184307_020-1024x576.jpg 1024w, https:\/\/usagers-transports.haut-allier.eu\/wp-content\/uploads\/2022\/07\/img_20220708_184307_020-768x432.jpg 768w, https:\/\/usagers-transports.haut-allier.eu\/wp-content\/uploads\/2022\/07\/img_20220708_184307_020-1536x864.jpg 1536w, https:\/\/usagers-transports.haut-allier.eu\/wp-content\/uploads\/2022\/07\/img_20220708_184307_020-2048x1152.jpg 2048w\" sizes=\"auto, (max-width: 2560px) 100vw, 2560px\" \/><br \/>\n&nbsp;<\/p>\n<p>[fond rouge][blanc]<strong>[MAJ du 21 juillet]<br \/>\n<\/strong>[\/blanc][\/fond rouge]<br \/>\n&nbsp;<br \/>\nEn fait le branchement effectif de l&rsquo;affichage n&rsquo;a eu lieu que le 20 juillet soit plus d&rsquo;une semaine apr\u00e8s l&rsquo;installation. Mais on ne va pas bouder notre soulagement qui est r\u00e9el.<br \/>\n&nbsp;<br \/>\nLe d\u00e9part matinal du TER Auvergne Rh\u00f4ne Alpes vers N\u00eemes le 21 juillet :<br \/>\n&nbsp;<br \/>\n<img loading=\"lazy\" decoding=\"async\" class=\" aligncenter size-full wp-image-3927\" src=\"http:\/\/5.45.101.177\/haut-allier\/usagers-transportse\/wp-content\/uploads\/2022\/07\/vlcsnap-2022-07-21-13h26m12s789.jpg\" alt=\"vlcsnap-2022-07-21-13h26m12s789.jpg\" align=\"center\" width=\"1280\" height=\"720\" srcset=\"https:\/\/usagers-transports.haut-allier.eu\/wp-content\/uploads\/2022\/07\/vlcsnap-2022-07-21-13h26m12s789.jpg 1280w, https:\/\/usagers-transports.haut-allier.eu\/wp-content\/uploads\/2022\/07\/vlcsnap-2022-07-21-13h26m12s789-300x169.jpg 300w, https:\/\/usagers-transports.haut-allier.eu\/wp-content\/uploads\/2022\/07\/vlcsnap-2022-07-21-13h26m12s789-1024x576.jpg 1024w, https:\/\/usagers-transports.haut-allier.eu\/wp-content\/uploads\/2022\/07\/vlcsnap-2022-07-21-13h26m12s789-768x432.jpg 768w\" sizes=\"auto, (max-width: 1280px) 100vw, 1280px\" \/><br \/>\n&nbsp;<\/p>\n","protected":false},"excerpt":{"rendered":"<p>C\u00f4t\u00e9 Occitanie les gares et haltes en \u00e9taient pourvues depuis longtemps, c\u00f4t\u00e9 Auvergne Rh\u00f4ne Alpes c&rsquo;est en passe<\/p>\n","protected":false},"author":1,"featured_media":3921,"comment_status":"open","ping_status":"open","sticky":false,"template":"","format":"standard","meta":{"footnotes":""},"categories":[3],"tags":[],"class_list":["post-906","post","type-post","status-publish","format-standard","has-post-thumbnail","hentry","category-en-train"],"_links":{"self":[{"href":"https:\/\/usagers-transports.haut-allier.eu\/index.php\/wp-json\/wp\/v2\/posts\/906","targetHints":{"allow":["GET"]}}],"collection":[{"href":"https:\/\/usagers-transports.haut-allier.eu\/index.php\/wp-json\/wp\/v2\/posts"}],"about":[{"href":"https:\/\/usagers-transports.haut-allier.eu\/index.php\/wp-json\/wp\/v2\/types\/post"}],"author":[{"embeddable":true,"href":"https:\/\/usagers-transports.haut-allier.eu\/index.php\/wp-json\/wp\/v2\/users\/1"}],"replies":[{"embeddable":true,"href":"https:\/\/usagers-transports.haut-allier.eu\/index.php\/wp-json\/wp\/v2\/comments?post=906"}],"version-history":[{"count":0,"href":"https:\/\/usagers-transports.haut-allier.eu\/index.php\/wp-json\/wp\/v2\/posts\/906\/revisions"}],"wp:featuredmedia":[{"embeddable":true,"href":"https:\/\/usagers-transports.haut-allier.eu\/index.php\/wp-json\/wp\/v2\/media\/3921"}],"wp:attachment":[{"href":"https:\/\/usagers-transports.haut-allier.eu\/index.php\/wp-json\/wp\/v2\/media?parent=906"}],"wp:term":[{"taxonomy":"category","embeddable":true,"href":"https:\/\/usagers-transports.haut-allier.eu\/index.php\/wp-json\/wp\/v2\/categories?post=906"},{"taxonomy":"post_tag","embeddable":true,"href":"https:\/\/usagers-transports.haut-allier.eu\/index.php\/wp-json\/wp\/v2\/tags?post=906"}],"curies":[{"name":"wp","href":"https:\/\/api.w.org\/{rel}","templated":true}]}}